{"id":63882,"date":"2020-06-28T15:54:22","date_gmt":"2020-06-28T15:54:22","guid":{"rendered":"https:\/\/archiviogioia.lavocedelpaese.info\/?p=63882"},"modified":"2020-06-28T15:54:22","modified_gmt":"2020-06-28T15:54:22","slug":"qin-movimento-per-gioiaq-scrive-al-ministro-costa-2","status":"publish","type":"post","link":"https:\/\/archiviogioia.lavocedelpaese.info\/?p=63882","title":{"rendered":"&#8220;IN MOVIMENTO PER GIOIA&#8221; SCRIVE AL MINISTRO COSTA"},"content":{"rendered":"<p><a title=\"fumate sperimentazioni\" href=\"https:\/\/www.flickr.com\/photos\/91470992@N02\/34266847865\/in\/photolist-2bNS4hc-U1wzJi-SVGQiu-SPLNd5-Ud3y2P-U1utak-U1ugoV\" data-flickr-embed=\"true\"><img loading=\"lazy\" decoding=\"async\" style=\"display: block; margin-left: auto; margin-right: auto;\" src=\"https:\/\/live.staticflickr.com\/4190\/34266847865_7292f53690_z.jpg\" alt=\"fumate sperimentazioni\" width=\"320\" height=\"240\" \/><\/a><\/p>\n<p><!--more--><\/p>\n<p style=\"text-align: justify;\"><a title=\"impianto sperimentazioni in funzione\" href=\"https:\/\/www.flickr.com\/photos\/91470992@N02\/34136066861\/in\/photolist-2bNS4hc-U1wzJi-SVGQiu-SPLNd5-Ud3y2P-U1utak-U1ugoV\" data-flickr-embed=\"true\"><img loading=\"lazy\" decoding=\"async\" style=\"margin: 5px; float: left;\" src=\"https:\/\/live.staticflickr.com\/2885\/34136066861_6a8130892d_w.jpg\" alt=\"impianto sperimentazioni in funzione\" width=\"400\" height=\"301\" \/><\/a><strong>\u201cMa a Gioia del Colle che aria respiriamo?<\/strong> \u00c8 questa la domanda delle domande che non trova risposta alcuna! Noi sappiamo che a Gioia, dalle rilevazioni delle centrali mobili di Arpa Puglia, <strong>ci sono elevate quantit\u00e0 di toluene e benzene<\/strong> (derivante da inquinamento veicolare o chimico \/industriale?)<\/p>\n<p style=\"text-align: justify;\">Sappiamo della presenza di <strong>elevate quantit\u00e0 nell&#8217;aria di<\/strong> <strong>PM10 e PM2.5.<\/strong><\/p>\n<p style=\"text-align: justify;\">Sappiamo anche della <strong>presenza del gas radon<\/strong> (quello responsabile fra le altre del tumore polmonare).<\/p>\n<p style=\"text-align: justify;\"><strong>Sappiamo di uno studio Epidemiologico<\/strong> che ci rivela un <strong>preoccupante<\/strong> andamento di determinate <strong>forme tumorali<\/strong> tendenti sempre all&#8217;aumento (altri studi non ne abbiamo visti ancora).<\/p>\n<p style=\"text-align: justify;\">Sappiamo anche <strong>della presenza sul territorio dell&#8217;azienda Sofinte<\/strong>r con le sue collaborazioni alle <strong>sperimentazioni Itea<\/strong> (ora sequestrata) <strong>e CCA<\/strong> (sempre in attivit\u00e0) di cui per\u00f2 non si conoscono n\u00e9 gli obbiettivi, n\u00e9 i materiali utilizzati, n\u00e9 il grado di inquinamento che provoca, n\u00e9 gli agenti chimici utilizzati per le sperimentazioni su &#8220;fiamma&#8221;.<\/p>\n<p style=\"text-align: justify;\">Sappiamo <strong>di numerose segnalazioni<\/strong> a mezzo video, foto e verbalmente di cittadini inviperiti <strong>per cattivi odori e fumo &#8220;sospetto&#8221;<\/strong> provenienti(?) dalla ciminiera di CCA (Centro combustione Ambiente), <strong>tali da costringere soprattutto i residenti nel raggio di centinaia di metri<\/strong> dall&#8217;impianto situato presso l&#8217;ex. Termosud, <strong>a chiudere le finestre<\/strong> e gli infissi <strong>per evitare di respirare aria<\/strong> <strong>&#8220;puzzolente&#8221; paragonabile a gomma bruciata<\/strong>.<\/p>\n<p style=\"text-align: justify;\">Sappiamo <strong>che si \u00e8 celebrato un consiglio comunale<\/strong> in cui si \u00e8 parlato di &#8220;ambiente&#8221;, ma con nessuna soluzione all&#8217;orizzonte.<\/p>\n<p style=\"text-align: justify;\">Insomma, <strong>sappiamo tante cose, ma non abbiamo l&#8217;informazione pi\u00f9 importante, cosa brucia nella ciminiera CCA visibile da pi\u00f9 punti di Gioia presso l&#8217;Ansaldo Caldaie?<\/strong><\/p>\n<p style=\"text-align: justify;\">\u00c8 la qualit\u00e0 dell&#8217;aria perch\u00e9 non \u00e8 positiva?<\/p>\n<p style=\"text-align: justify;\">Non vogliamo in alcun modo creare allarmismi o paure, ma oggettivamente far finta di nulla non aiuta nessuno.<\/p>\n<p style=\"text-align: justify;\"><strong>Noi di In MoVimento per Gioia<\/strong> non riuscendo ad ottenere alcuna risposta, <strong>abbiamo deciso di <\/strong>fare un passo deciso e importante, <strong>scrivere al Ministro dell&#8217;Ambiente Sergio Costa<\/strong> in quota 5 stelle, alla Commissione Ambiente al Senato e alla Regione Puglia, interessando ovviamente il nostro Capogruppo e Candidata Presidente Antonella Laricchia.<\/p>\n<p style=\"text-align: justify;\"><strong>Non possiamo aggiungere altro<\/strong> per il momento, solo che <strong>finalmente qualcosa si \u00e8 mosso<\/strong>.<\/p>\n<p style=\"text-align: justify;\"><strong>Vi terremo aggiornati <\/strong>sull&#8217;evolversi della vicenda, abbiamo bisogno tutti di risposte serie ed immediate\u201d.<\/p>\n<p style=\"text-align: right;\" align=\"right\"><strong>In MoVimento per Gioia<\/strong><\/p>\n<p>&nbsp;<\/p>\n","protected":false},"excerpt":{"rendered":"","protected":false},"author":1,"featured_media":0,"comment_status":"open","ping_status":"closed","sticky":false,"template":"","format":"standard","meta":{"colormag_page_container_layout":"default_layout","colormag_page_sidebar_layout":"default_layout","footnotes":""},"categories":[4],"tags":[],"class_list":["post-63882","post","type-post","status-publish","format-standard","hentry","category-politica"],"_links":{"self":[{"href":"https:\/\/archiviogioia.lavocedelpaese.info\/index.php?rest_route=\/wp\/v2\/posts\/63882","targetHints":{"allow":["GET"]}}],"collection":[{"href":"https:\/\/archiviogioia.lavocedelpaese.info\/index.php?rest_route=\/wp\/v2\/posts"}],"about":[{"href":"https:\/\/archiviogioia.lavocedelpaese.info\/index.php?rest_route=\/wp\/v2\/types\/post"}],"author":[{"embeddable":true,"href":"https:\/\/archiviogioia.lavocedelpaese.info\/index.php?rest_route=\/wp\/v2\/users\/1"}],"replies":[{"embeddable":true,"href":"https:\/\/archiviogioia.lavocedelpaese.info\/index.php?rest_route=%2Fwp%2Fv2%2Fcomments&post=63882"}],"version-history":[{"count":0,"href":"https:\/\/archiviogioia.lavocedelpaese.info\/index.php?rest_route=\/wp\/v2\/posts\/63882\/revisions"}],"wp:attachment":[{"href":"https:\/\/archiviogioia.lavocedelpaese.info\/index.php?rest_route=%2Fwp%2Fv2%2Fmedia&parent=63882"}],"wp:term":[{"taxonomy":"category","embeddable":true,"href":"https:\/\/archiviogioia.lavocedelpaese.info\/index.php?rest_route=%2Fwp%2Fv2%2Fcategories&post=63882"},{"taxonomy":"post_tag","embeddable":true,"href":"https:\/\/archiviogioia.lavocedelpaese.info\/index.php?rest_route=%2Fwp%2Fv2%2Ftags&post=63882"}],"curies":[{"name":"wp","href":"https:\/\/api.w.org\/{rel}","templated":true}]}}