{"id":63903,"date":"2020-07-03T09:53:15","date_gmt":"2020-07-03T09:53:15","guid":{"rendered":"https:\/\/archiviogioia.lavocedelpaese.info\/?p=63903"},"modified":"2020-07-03T09:53:15","modified_gmt":"2020-07-03T09:53:15","slug":"meteo-imminenti-temporali-con-grandine-e-raffiche-di-vento","status":"publish","type":"post","link":"https:\/\/archiviogioia.lavocedelpaese.info\/?p=63903","title":{"rendered":"Meteo: \u201cImminenti temporali con grandine e raffiche di vento\u201d"},"content":{"rendered":"<p style=\"text-align: justify;\"><a href=\"https:\/\/ibb.co\/TRtM14Q\"><img loading=\"lazy\" decoding=\"async\" style=\"display: block; margin-left: auto; margin-right: auto;\" src=\"https:\/\/i.ibb.co\/GkRQ9WZ\/meteo-prossime-ore-ilmeteo-030720.jpg\" alt=\"meteo-prossime-ore-ilmeteo-030720\" width=\"320\" height=\"240\" \/><\/a><\/p>\n<p><!--more--><\/p>\n<p style=\"text-align: justify;\"><a href=\"https:\/\/ibb.co\/YjGQjzL\"><img loading=\"lazy\" decoding=\"async\" style=\"margin: 5px; float: left;\" src=\"https:\/\/i.ibb.co\/BsR3sXC\/twitt-030720.png\" alt=\"twitt-030720\" width=\"400\" height=\"304\" \/><\/a>\u201cDopo <strong>i fenomeni temporaleschi che nella notte scorsa hanno colpito, anche fortemente, buona parte delle nostre regioni settentrionali, <\/strong>un nuovo peggioramento interesser\u00e0 nelle prossime ore l&#8217;Italia, producendo altri temporali, anche forti, in spostamento dal Nord, verso le regioni centrali adriatiche. <br \/> Nonostante una quiete apparente, <strong>la situazione \u00e8 destinata a peggiorare<\/strong>,per effetto di un vortice poco a nord dell&#8217;Arco alpino il quale comincer\u00e0 ad inviare<strong> masse d&#8217;aria pi\u00f9 fresca <\/strong>verso il nostro Paese. <strong>Tra poche ore <\/strong>ci attendiamo dunque un <strong>severo attacco temporalesco, <\/strong>accompagnato da <strong>grandinate <\/strong>e da <strong>forti raffiche di vento<\/strong>.<\/p>\n<p style=\"text-align: justify;\">Vediamo pi\u00f9 nel dettaglio come evolver\u00e0 la situazione e quali saranno le <strong>zone pi\u00f9 colpite<\/strong>.<\/p>\n<p style=\"text-align: justify;\">Un primo nucleo <strong>temporalesco<\/strong> dalle regioni del <strong>Nordest <\/strong>si sposter\u00e0 rapidamente verso l&#8217;area balcanica. Il <strong>tempo <\/strong>andr\u00e0 peggiorando con l&#8217;arrivo di nuovi<strong> rovesci e temporali.<\/strong> I fenomeni tenderanno a distribuirsi in forma assai irregolare ma con maggior probabilit\u00e0 su <strong>Pianura Padana lombarda,<\/strong> specie quella pi\u00f9 meridionale, la fascia <strong>emiliana settentrionale<\/strong> e il <strong>Veneto meridionale<\/strong>. In particolare, su queste aree, lo <strong>scontro fra l&#8217;aria pi\u00f9 fresca e il caldo preesistente<\/strong> dar\u00e0 origine a <strong>fenomeni temporaleschi<\/strong> localmente molto <strong>violenti,<\/strong> talvolta accompagnati <strong><i>forti nubifragi, grandinate, intense raffiche di vento; attenzione, infine, a potenziali fenomeni vorticosi, come le pericolose trombe d&#8217;aria (tornado).<\/i><\/strong><\/p>\n<p style=\"text-align: justify;\">Nel corso della giornata altri <strong>temporali <\/strong>potranno inoltre colpire parte del <strong>Centro, <\/strong>segnatamente le <strong>Marche<\/strong>, <strong>l&#8217;Umbria<\/strong>, il <strong>reatino<\/strong>, <strong>l&#8217;Abruzzo<\/strong> per poi spingersi verso sud, interessando anche la <strong>Puglia<\/strong>.<\/p>\n<p style=\"text-align: justify;\">Sul resto del <strong>Centro-Sud<\/strong> il quadro meteorologico non subir\u00e0 particolari scossoni. <br \/> Questa fase di <strong>maltempo <\/strong>persister\u00e0 fino alla prima parte del <strong>weekend, <\/strong>specie a<strong>l Centro-Sud<\/strong> e sar\u00e0 inoltre accompagnata da un <strong>brusco calo delle temperature<\/strong>.<\/p>\n<p style=\"text-align: justify;\">Attenzione, la <a href=\"http:\/\/www.protezionecivile.gov.it\/media-comunicazione\/comunicati-stampa\/-\/content-view\/view\/1296022\" target=\"_self\" rel=\"noopener\">Protezione Civile ha diramato una allerta<\/a>: sulla base dei fenomeni previsti e in atto \u00e8 stata valutata per la giornata di venerd\u00ec 3 luglio una <strong>allerta arancione su alcuni settori della Lombardia, del Veneto e dell\u2019Emilia-Romagna<\/strong>. Allerta gialla, inoltre, nella Provincia Autonoma di Trento, in Liguria, Marche, Abruzzo, Umbria, su alcuni settori del Piemonte, della Lombardia e della Toscana, sui restanti territori di Veneto ed Emilia-Romagna\u201d.<\/p>\n<p style=\"text-align: right;\" align=\"right\">[<strong>meteoit<\/strong>]<\/p>\n<p>&nbsp;<\/p>\n","protected":false},"excerpt":{"rendered":"","protected":false},"author":1,"featured_media":0,"comment_status":"open","ping_status":"closed","sticky":false,"template":"","format":"standard","meta":{"colormag_page_container_layout":"default_layout","colormag_page_sidebar_layout":"default_layout","footnotes":""},"categories":[8],"tags":[],"class_list":["post-63903","post","type-post","status-publish","format-standard","hentry","category-cronaca"],"_links":{"self":[{"href":"https:\/\/archiviogioia.lavocedelpaese.info\/index.php?rest_route=\/wp\/v2\/posts\/63903","targetHints":{"allow":["GET"]}}],"collection":[{"href":"https:\/\/archiviogioia.lavocedelpaese.info\/index.php?rest_route=\/wp\/v2\/posts"}],"about":[{"href":"https:\/\/archiviogioia.lavocedelpaese.info\/index.php?rest_route=\/wp\/v2\/types\/post"}],"author":[{"embeddable":true,"href":"https:\/\/archiviogioia.lavocedelpaese.info\/index.php?rest_route=\/wp\/v2\/users\/1"}],"replies":[{"embeddable":true,"href":"https:\/\/archiviogioia.lavocedelpaese.info\/index.php?rest_route=%2Fwp%2Fv2%2Fcomments&post=63903"}],"version-history":[{"count":0,"href":"https:\/\/archiviogioia.lavocedelpaese.info\/index.php?rest_route=\/wp\/v2\/posts\/63903\/revisions"}],"wp:attachment":[{"href":"https:\/\/archiviogioia.lavocedelpaese.info\/index.php?rest_route=%2Fwp%2Fv2%2Fmedia&parent=63903"}],"wp:term":[{"taxonomy":"category","embeddable":true,"href":"https:\/\/archiviogioia.lavocedelpaese.info\/index.php?rest_route=%2Fwp%2Fv2%2Fcategories&post=63903"},{"taxonomy":"post_tag","embeddable":true,"href":"https:\/\/archiviogioia.lavocedelpaese.info\/index.php?rest_route=%2Fwp%2Fv2%2Ftags&post=63903"}],"curies":[{"name":"wp","href":"https:\/\/api.w.org\/{rel}","templated":true}]}}