{"id":63943,"date":"2020-07-09T19:46:21","date_gmt":"2020-07-09T19:46:21","guid":{"rendered":"https:\/\/archiviogioia.lavocedelpaese.info\/?p=63943"},"modified":"2020-07-09T19:46:21","modified_gmt":"2020-07-09T19:46:21","slug":"indagini-sperimentazioni-itea-il-comune-non-si-presenta-2","status":"publish","type":"post","link":"https:\/\/archiviogioia.lavocedelpaese.info\/?p=63943","title":{"rendered":"\u201cIndagini sperimentazioni ITEA. Il Comune non si presenta\u201d"},"content":{"rendered":"<p><a title=\"municipio gioia di notte\" href=\"https:\/\/www.flickr.com\/photos\/91470992@N02\/9875091324\/in\/photolist-wXJBQq-tzoP8W-uTukoJ-MQLmKe-uTuZ9G-vb5nJM-saFEu4-HcTPmk-yhw3iN-rM9ZWz-rZ4GCg-rLLziJ-rJgSwS-ro1jet-r4FTin-r6r6gE-r6yfCc-rnTdpx-qkH6kA-ptcTn5-pdWUBT-q1Xz3j-mhbgKz-mbSJw7-m8WSti-o1rjU7-n2eiz3-iTaZBg-ipMerR-oFt1fV-ggRHeP-ggSJNR-fTYfM1-iM81ow-ftHv2b-fts9U5-ftsa11-oA8pjH-etrnAZ-2hiNnCK-2hddhnc-qwXQJF-fYch9r-sm9tPP-pdWRit-jXjBkU-iM81A5-n4PVjR-g3CqBf-n2t37R\" data-flickr-embed=\"true\"><img loading=\"lazy\" decoding=\"async\" style=\"display: block; margin-left: auto; margin-right: auto;\" src=\"https:\/\/live.staticflickr.com\/2882\/9875091324_2b7822e2a7_z.jpg\" alt=\"municipio gioia di notte\" width=\"320\" height=\"240\" \/><\/a><\/p>\n<p><!--more--><\/p>\n<p style=\"text-align: justify;\"><a title=\"dismo impianto-dimostrativo-5-mw-isotherm-itea-spa-gioia-del-colle\" href=\"https:\/\/www.flickr.com\/photos\/91470992@N02\/13431281773\/in\/photolist-2imWDSJ-ELJSec-2bNS4hc-msSQ8F-ft2Gz5-fu3x11\" data-flickr-embed=\"true\"><img loading=\"lazy\" decoding=\"async\" style=\"margin: 5px; float: left;\" src=\"https:\/\/live.staticflickr.com\/65535\/13431281773_94dedf213d_z.jpg\" alt=\"dismo impianto-dimostrativo-5-mw-isotherm-itea-spa-gioia-del-colle\" width=\"400\" height=\"300\" \/><\/a> \u201cAll&#8217;udienza sulle indagini riguardanti ITEA S.p.A. il Comune di Gioia del Colle non si \u00e8 presentato. <strong>A denunciarlo sono i Consiglieri Comunali di Prodigio e del Partito Democratico<\/strong>, Donato Colacicco e Maurizio Liuzzi, <strong>in un\u2019interrogazione al Sindaco<\/strong> con la quale chiedono allo stesso <strong>di fare chiarezza <\/strong>durante il prossimo Consiglio comunale.<\/p>\n<p style=\"text-align: justify;\">Stante alle informazioni in possesso dei due Consiglieri di minoranza, <strong>il 1\u00b0 aprile 2019 il GIP aveva nominato i consulenti tecnici d&#8217;ufficio<\/strong> nell&#8217;ambito dell&#8217;incidente probatorio del procedimento penale volto a chiarire gli eventuali reati contestati ad ITEA S.p.A., omonima societ\u00e0 a capo del progetto sperimentale di ossidocombustione dei rifiuti pericolosi e non pericolosi nei pressi dell\u2019ex sito Termosud.<\/p>\n<p style=\"text-align: justify;\">Nello specifico, <strong>alla fase di verifica tecnica delle indagini preliminari<\/strong> volta a chiarire i rifiuti\/materiali in ingresso e in uscita dall&#8217;impianto, nonch\u00e9 la conformit\u00e0 delle operazioni di gestione dei rifiuti e alla regolarit\u00e0 delle relative autorizzazioni, <strong>il Comune di Gioia del Colle, seppur parte offesa dei reati contestati a ITEA, non ha preso parte all&#8217;incidente probatorio<\/strong>, mancando alla partecipazione delle attivit\u00e0 peritali e non assistendo <strong>all&#8217;udienza dello scorso 7 novembre<\/strong>.<\/p>\n<p style=\"text-align: justify;\">\u00abAlla prova dei fatti questa Amministrazione ha fallito il pi\u00f9 importante dei banchi di prova \u2013 dichiara Colacicco, Consigliere della Lista Prodigio \u2013 far valere il diritto alla salute delle cittadine e dei cittadini gioiesi. <strong>\u00c8 una grave mancanza quella dell\u2019Amministrazione e di certo il Sindaco avrebbe dovuto informare la c<\/strong><a href=\"https:\/\/ibb.co\/fNghgWF\"><img loading=\"lazy\" decoding=\"async\" style=\"margin: 5px; float: right;\" src=\"https:\/\/i.ibb.co\/DMJxJFW\/65907543-2326618860945350-4100198543535374336-o.jpg\" alt=\"65907543-2326618860945350-4100198543535374336-o\" width=\"400\" height=\"267\" \/><\/a><strong>omunit\u00e0 e i Consiglieri comunali<\/strong> che la rappresentano. Invece, ancora una volta \u00e8 un\u2019iniziativa dell\u2019opposizione che porta alla luce notizie tutt\u2019altro che irrilevanti e che Mastrangelo, l\u2019Autorit\u00e0 Sanitaria Locale, avrebbe dovuto fornire\u00bb.<\/p>\n<p style=\"text-align: justify;\">Aggiunge Liuzzi, Consigliere del Partito Democratico: \u00ab<strong>La partecipazione<\/strong> all&#8217;incidente probatorio da parte del Comune di Gioia del Colle <strong>avrebbe permesso alla citt\u00e0 di poter avere un ruolo attivo e di effettiva conoscenza delle vicende<\/strong> legate a questo procedimento penale. Di contro, la scelta di non farlo, assunta dall\u2019amministrazione, <strong>relega la citt\u00e0 ad un ruolo di mero spettatore<\/strong>. La nostra interrogazione si pone sulla stessa linea dell\u2019autoconvocazione presentata mesi fa dalla minoranza ovvero l\u2019attenzione all\u2019ambiente nonch\u00e9 la tutela e la salvaguardia del diritto alla salute dei cittadini. <strong>Su temi cos\u00ec importanti, \u00e8 doveroso che l&#8217;amministrazione risulti presente<\/strong> ed attiva senza cadere in una <strong>pericolosa inerzia, tanto inspiegabile quanto potenzialmente dannosa<\/strong>\u00bb.<\/p>\n<p><iframe loading=\"lazy\" src=\"\/\/www.slideshare.net\/slideshow\/embed_code\/key\/v8d1yY6Pi1BSid\" marginwidth=\"0\" marginheight=\"0\" scrolling=\"no\" width=\"668\" height=\"714\" allowfullscreen=\"allowfullscreen\" style=\"border: 1px solid #CCC; border-width: 1px; margin-bottom: 5px; max-width: 100%;\"><\/iframe><\/p>\n","protected":false},"excerpt":{"rendered":"","protected":false},"author":1,"featured_media":0,"comment_status":"open","ping_status":"closed","sticky":false,"template":"","format":"standard","meta":{"colormag_page_container_layout":"default_layout","colormag_page_sidebar_layout":"default_layout","footnotes":""},"categories":[4],"tags":[],"class_list":["post-63943","post","type-post","status-publish","format-standard","hentry","category-politica"],"_links":{"self":[{"href":"https:\/\/archiviogioia.lavocedelpaese.info\/index.php?rest_route=\/wp\/v2\/posts\/63943","targetHints":{"allow":["GET"]}}],"collection":[{"href":"https:\/\/archiviogioia.lavocedelpaese.info\/index.php?rest_route=\/wp\/v2\/posts"}],"about":[{"href":"https:\/\/archiviogioia.lavocedelpaese.info\/index.php?rest_route=\/wp\/v2\/types\/post"}],"author":[{"embeddable":true,"href":"https:\/\/archiviogioia.lavocedelpaese.info\/index.php?rest_route=\/wp\/v2\/users\/1"}],"replies":[{"embeddable":true,"href":"https:\/\/archiviogioia.lavocedelpaese.info\/index.php?rest_route=%2Fwp%2Fv2%2Fcomments&post=63943"}],"version-history":[{"count":0,"href":"https:\/\/archiviogioia.lavocedelpaese.info\/index.php?rest_route=\/wp\/v2\/posts\/63943\/revisions"}],"wp:attachment":[{"href":"https:\/\/archiviogioia.lavocedelpaese.info\/index.php?rest_route=%2Fwp%2Fv2%2Fmedia&parent=63943"}],"wp:term":[{"taxonomy":"category","embeddable":true,"href":"https:\/\/archiviogioia.lavocedelpaese.info\/index.php?rest_route=%2Fwp%2Fv2%2Fcategories&post=63943"},{"taxonomy":"post_tag","embeddable":true,"href":"https:\/\/archiviogioia.lavocedelpaese.info\/index.php?rest_route=%2Fwp%2Fv2%2Ftags&post=63943"}],"curies":[{"name":"wp","href":"https:\/\/api.w.org\/{rel}","templated":true}]}}