{"id":63961,"date":"2020-07-15T13:59:51","date_gmt":"2020-07-15T13:59:51","guid":{"rendered":"https:\/\/archiviogioia.lavocedelpaese.info\/?p=63961"},"modified":"2020-07-15T13:59:51","modified_gmt":"2020-07-15T13:59:51","slug":"meteo-avviso-improvvisi-temporali-con-grandine","status":"publish","type":"post","link":"https:\/\/archiviogioia.lavocedelpaese.info\/?p=63961","title":{"rendered":"Meteo. Avviso: \u201cImprovvisi temporali con grandine\u201d"},"content":{"rendered":"<p><a href=\"https:\/\/ibb.co\/sK1kQFt\"><img loading=\"lazy\" decoding=\"async\" style=\"display: block; margin-left: auto; margin-right: auto;\" src=\"https:\/\/i.ibb.co\/c68MtNx\/cronaca2-150720.jpg\" alt=\"cronaca2-150720\" width=\"320\" height=\"240\" \/><\/a><\/p>\n<p><!--more--><\/p>\n<p style=\"text-align: justify;\"><a href=\"https:\/\/imgbb.com\/\"><img loading=\"lazy\" decoding=\"async\" style=\"margin: 5px; float: left;\" src=\"https:\/\/i.ibb.co\/m5J016S\/italyprec-p.png\" alt=\"italyprec-p\" width=\"350\" height=\"378\" \/><\/a><strong>\u201cStanno scoppiando in queste ore tanti temporali su e gi\u00f9 per l&#8217;Italia, talvolta improvvisi<\/strong>. L&#8217;atmosfera non riesce dunque ancora a trovare stabilit\u00e0. La mancanza infatti di un\u2019<strong>alta pressione robusta<\/strong> in grado di inibire ogni tipo di minaccia verso l&#8217;Italia \u00e8 alla base di questi continui<strong> alti e bassi <\/strong>sul fronte<strong> meteo-climatico<\/strong>.<\/p>\n<p style=\"text-align: justify;\">Seguiamo dunque con la nostra <strong>cronaca diretta<\/strong> la <strong>situazione<\/strong> attuale e l&#8217;<strong>evoluzione<\/strong> nel corso delle prossime ore cercando di capire <strong>dove i fenomeni sono gi\u00e0 in corso e dove sar\u00e0 pi\u00f9 alto il pericolo di pioggia e temporali tra poco<\/strong>.<\/p>\n<p style=\"text-align: justify;\">In questo momento sono in atto <strong>temporali localmente anche molto intensi, anche nell\u2019interno della Puglia, non solo <\/strong>su tutta la fascia <strong>alpina<\/strong>, <strong>prealpina e, in maniera pi\u00f9 localizzata, o sulle<\/strong> pianure di <strong>Veneto<\/strong>, <strong>Lombardia (temporale anche verso Milano),<\/strong> basso <strong>Piemonte, nonch\u00e9 sulla Liguria centro orientale<\/strong>.<\/p>\n<p style=\"text-align: justify;\"><strong>EVOLUZIONE <\/strong>&#8211; L&#8217;instabilit\u00e0 <strong>temporalesca<\/strong> si \u00e8 estesa anche agli <strong>Appennini <\/strong>e al Centro Sud. Segnatamente in Puglia, centro meridionale, nella <strong>Calabria tirrenica <\/strong>e nei settori centro-orientali della <strong>Sicilia<\/strong>: qui i <strong>temporali <\/strong>potranno risultare anche di <strong>forte<\/strong> <strong>intensit\u00e0 <\/strong>con improvvisi <strong>colpi di vento e locali grandinate. <\/strong><\/p>\n<p style=\"text-align: justify;\">Nel corso della <strong>serata ci sar\u00e0 <\/strong>un <strong>miglioramento <\/strong>del tempo su buona parte dell&#8217;Italia, grazie ad una temporanea rimonta dell&#8217;alta pressione\u201d.<\/p>\n<p style=\"text-align: right;\">[<strong>meteo.it<\/strong>]<\/p>\n<p>&nbsp;<\/p>\n","protected":false},"excerpt":{"rendered":"","protected":false},"author":1,"featured_media":0,"comment_status":"open","ping_status":"closed","sticky":false,"template":"","format":"standard","meta":{"colormag_page_container_layout":"default_layout","colormag_page_sidebar_layout":"default_layout","footnotes":""},"categories":[8],"tags":[],"class_list":["post-63961","post","type-post","status-publish","format-standard","hentry","category-cronaca"],"_links":{"self":[{"href":"https:\/\/archiviogioia.lavocedelpaese.info\/index.php?rest_route=\/wp\/v2\/posts\/63961","targetHints":{"allow":["GET"]}}],"collection":[{"href":"https:\/\/archiviogioia.lavocedelpaese.info\/index.php?rest_route=\/wp\/v2\/posts"}],"about":[{"href":"https:\/\/archiviogioia.lavocedelpaese.info\/index.php?rest_route=\/wp\/v2\/types\/post"}],"author":[{"embeddable":true,"href":"https:\/\/archiviogioia.lavocedelpaese.info\/index.php?rest_route=\/wp\/v2\/users\/1"}],"replies":[{"embeddable":true,"href":"https:\/\/archiviogioia.lavocedelpaese.info\/index.php?rest_route=%2Fwp%2Fv2%2Fcomments&post=63961"}],"version-history":[{"count":0,"href":"https:\/\/archiviogioia.lavocedelpaese.info\/index.php?rest_route=\/wp\/v2\/posts\/63961\/revisions"}],"wp:attachment":[{"href":"https:\/\/archiviogioia.lavocedelpaese.info\/index.php?rest_route=%2Fwp%2Fv2%2Fmedia&parent=63961"}],"wp:term":[{"taxonomy":"category","embeddable":true,"href":"https:\/\/archiviogioia.lavocedelpaese.info\/index.php?rest_route=%2Fwp%2Fv2%2Fcategories&post=63961"},{"taxonomy":"post_tag","embeddable":true,"href":"https:\/\/archiviogioia.lavocedelpaese.info\/index.php?rest_route=%2Fwp%2Fv2%2Ftags&post=63961"}],"curies":[{"name":"wp","href":"https:\/\/api.w.org\/{rel}","templated":true}]}}