{"id":64005,"date":"2020-07-22T08:11:28","date_gmt":"2020-07-22T08:11:28","guid":{"rendered":"https:\/\/archiviogioia.lavocedelpaese.info\/?p=64005"},"modified":"2020-07-22T08:11:28","modified_gmt":"2020-07-22T08:11:28","slug":"movida-gioiese-dehors-e-scarico-merci-anomali-schiamazzi-e","status":"publish","type":"post","link":"https:\/\/archiviogioia.lavocedelpaese.info\/?p=64005","title":{"rendered":"Movida gioiese: dehors e scarico merci \u201canomali\u201d, schiamazzi e\u2026"},"content":{"rendered":"<p><a href=\"https:\/\/ibb.co\/Yj11Cxh\"><img loading=\"lazy\" decoding=\"async\" style=\"display: block; margin-left: auto; margin-right: auto;\" src=\"https:\/\/i.ibb.co\/DKvvJZQ\/109909465-3050260921696095-5821533151254632455-n.jpg\" alt=\"109909465-3050260921696095-5821533151254632455-n\" width=\"320\" height=\"240\" \/><\/a><\/p>\n<p><!--more--><\/p>\n<p style=\"margin-bottom: 0.0001pt; line-height: normal; text-align: justify;\"><span>Sempre pi<\/span><a href=\"https:\/\/ibb.co\/KGGDV2v\"><img loading=\"lazy\" decoding=\"async\" style=\"margin: 5px; float: left;\" src=\"https:\/\/i.ibb.co\/z55FPXv\/IMG-1340.jpg\" alt=\"IMG-1340\" width=\"350\" height=\"391\" \/><\/a><span>\u00f9 numerose giungono in redazione <strong>segnalazioni in merito all\u2019utilizzo e alla concessione di suolo pubblico<\/strong> <strong>che<\/strong>, al di l\u00e0 di osservazioni critiche di natura estetica, <strong>stanno creando seri problemi<\/strong> al transi<\/span><span>to pedonale ed automobilistico, <strong>sottraendo spazio ai parcheggi e persino agli attraversamenti pedonali<\/strong> in luoghi nevralgici <strong>come<\/strong> <strong>in via Ricciotto Canudo<\/strong>, di fronte <\/span><span>e subito dopo l\u2019Ufficio Postale.<\/span><\/p>\n<p style=\"margin-bottom: 0.0001pt; line-height: normal; text-align: justify;\"><span>In questa strada nei giorni scorsi <strong>sono state delimitate a pochi metri di distanza<\/strong>, su versanti opposti, <strong>due zone riservate al carico e scarico merci<\/strong> davanti a due noti esercizi commerciali. <strong>Per una di esse \u00e8 stato persino necessario cancellare le strisce pedonali<\/strong>.<\/span><\/p>\n<p style=\"margin-bottom: 0.0001pt; line-height: normal; text-align: justify;\"><span><strong>Se ad ogni esercizio commerciale oltre ai <\/strong><\/span><span><strong>dehors<\/strong> ultimamente concessi anche in luoghi inconcedibili, <strong>venisse riservata anche un\u2019area di carico e scarico merci<\/strong> &#8211; probabilit\u00e0 tutt\u2019altro che peregrina, pur di ricevere consensi sotto le regionali &#8211; <strong>in buona parte della citt\u00e0 parcheggiare diventer\u00e0 impossibile<\/strong>. <\/span><\/p>\n<p style=\"margin-bottom: 0.0001pt; line-height: normal; text-align: justify;\"><span>Non che ora la situazione sia rosea\u2026<\/span><\/p>\n<p style=\"margin-bottom: 0.0001pt; line-height: normal; text-align: justify;\"><span>Tornando alle segnalazioni <\/span><span>dei lettori, parrebbe che <strong>il dehors concesso ad una pizzeri<\/strong><\/span><span><strong>a in via Manin<\/strong>, letteralmente collocato sul manto stradale, <strong>stia creando problemi agli automobilisti<\/strong> che rischiano di investire clienti e tavolini <strong>e dubbi di natura igienico-sanitaria<\/strong>, tenendo conto che l\u2019anello del centro storico anche a causa della chiusura dello stesso, \u00e8 particolarmente trafficato a qualunque ora, <strong>con emissione di gas di scarico e polveri<\/strong>. <\/span><\/p>\n<p style=\"margin-bottom: 0.0001pt; line-height: normal; text-align: justify;\"><span><span>Tutto ci\u00f2 tenendo conto che <strong>il codice della strada vieta per motivi di sicurezza l\u2019installazione di tavoli e gazebo sulla sede stradale a meno che la strada sia interdetta alla circolazione stradale<\/strong>. Se poi si chiudono con recinzioni i marciapiedi, <strong>i passanti sono costretti a transitare sulla carreggiata con tutti i pericoli che ne derivano.<\/strong> Il codice consente l\u2019utilizzo dei marciapiedi per altri scopi, ma garantendo uno spazio di almeno un metro sul marciapiede per i pedoni. Inoltre&nbsp; c\u2019\u00e8 l\u2019obbligo di coprire con ombrelloni e recintare con piante per la difesa dai gasi di scarico e privacy.<\/span><\/span><\/p>\n<p style=\"margin-bottom: 0.0001pt; line-height: normal; text-align: justify;\"><span>Strano non si si<\/span><span>a pensato di concedere parte di piazza Rossini, a pochi metri di distanza, lo<\/span><a href=\"https:\/\/ibb.co\/TbH9sws\"><img loading=\"lazy\" decoding=\"async\" style=\"margin: 5px; float: right;\" src=\"https:\/\/i.ibb.co\/nnDxFwF\/IMG-1342.jpg\" alt=\"IMG-1342\" width=\"400\" height=\"300\" \/><\/a><span>gisticamente molto pi\u00f9 confortevole e sostenibile sotto tutti gli aspetti.<\/span><\/p>\n<p style=\"margin-bottom: 0.0001pt; line-height: normal; text-align: justify;\"><span>Marted\u00ec in Consiglio comunale il consigliere <strong>Donato Paradiso ha discusso sul taglio di numerosi alberi<\/strong>, <strong>guarda caso proprio a ridosso di bar, pizzerie, bracerie, negozi vari<\/strong> che hanno subito occupato i marciapiedi con panchine, tavolini e vasi di fiori, una denuncia partita dalle pagine de \u201cLa voce del paese\u201d, che nello stesso articolo <\/span><span>mise in evidenza la necessit\u00e0 di togliere le planche pubblicitarie poggiate sugli affreschi disegnati da Gridas sulle mura del mercato coperto in via Regina Elena. <\/span><\/p>\n<p style=\"margin-bottom: 0.0001pt; line-height: normal; text-align: justify;\"><span><strong>Ma quel che pi\u00f9 di tutto imbruttisce le strade<\/strong> e crea problemi anche di natura igienica <strong>\u00e8 la collocazione sui marciapiedi dei contenitori del differenziato<\/strong> che questi esercizi dovrebbero ospitare all\u2019interno delle loro strutture e metter fuori la sera, come fanno tutti cittadini. <\/span><\/p>\n<p style=\"margin-bottom: 0.0001pt; line-height: normal; text-align: justify;\"><span>Gli stessi clienti sono costretti a dribblare tra le auto, non potendo spostarsi sui marciapiedi, mentre per i residenti diventa un\u2019impresa parcheggiare, in quanto i bidoni impediscono l\u2019apertura dello sportello.<\/span><\/p>\n<p style=\"margin-bottom: 0.0001pt; line-height: normal; text-align: justify;\"><span><strong>Ultima denuncia, quella degli schiamazzi notturni<\/strong> in particolare nei quartieri che ospitano bar che chiudono all\u2019alba o non chiudono affatto, <strong>a conferma che a Gioia<\/strong><\/span><span><strong> non ci sono solo \u201cmorti viventi\u201d ma clienti fes<\/strong><\/span><span><strong>tosamente vocianti<\/strong>, ignari che c\u2019\u00e8 chi la mattina si alza all\u2019alba per andare a lavorare ed ha il diritto di riposare.<\/span><\/p>\n<p style=\"margin-bottom: 0.0001pt; line-height: normal; text-align: justify;\"><span>\u201c<strong>L\u2019intento non \u00e8 demonizzare l\u2019o<\/strong><\/span><a href=\"https:\/\/ibb.co\/cwxB9dV\"><img loading=\"lazy\" decoding=\"async\" style=\"margin: 5px; float: left;\" src=\"https:\/\/i.ibb.co\/jzHNYFs\/IMG-1300.jpg\" alt=\"IMG-1300\" width=\"400\" height=\"300\" \/><\/a><span><strong>perato dei negozianti o voler bloccare l<\/strong><\/span><span><strong>\u2019economia del paese, ma semplicemente invitare<\/strong> l\u2019ufficio commercio, i vigili e chi di dovere a controllare il rispetto delle regole e gli esercenti <strong>ad avere maggior rispetto dei cittadini, residenti e non<\/strong>. Cosa si pu\u00f2 e cosa non si pu\u00f2 fare e perch\u00e9? I bidoni se proprio non possono essere tenuti all\u2019interno, possono essere o no appoggiati anche a breve distanza, dove non danno fastidio a nessuno? <strong>I marciapiedi nelle strade pi\u00f9 trafficate possono essere utilizzati \u201canche\u201d dai comuni cittadini?<\/strong> <\/span><span>Nelle piazze o negli spazi occupati dai dehors <strong>sono previsti accessi<\/strong> &#8211; almeno un corridoio -, <strong>per chi si sposta a piedi e non vuole circumnavigare o zigzagare tra sedie e tavoli?<\/strong> Per quei luoghi di ristoro che ospitano anche pi\u00f9 di cento persone a serata, <strong>esiste o no l\u2019obbligo di garantire il parcheggio dei clienti, come avviene per i supermercati?<\/strong>\u201d<\/span><\/p>\n<p style=\"margin-bottom: 0.0001pt; line-height: normal; text-align: justify;\"><span>Infine un\u2019ultima \u201cpreghiera\u201d, questa volta rivolta a<\/span><span>ll\u2019ufficio tributi: si esige da tutti gli esercenti che paghino regolarmente le tasse per i rifiuti, e per l\u2019occupazione del suolo pubblico provvedendo a recuperare l\u2019evaso? Perch\u00e9 <strong>quel che loro non pagano viene ripartito tra gli stessi cittadini<\/strong> costretti a subire i disagi causati dai bidoni della differenziata o dai tavolini che invadono i marciapiedi e le piazze\u2026 <strong>e questa \u00e8 la beffa finale<\/strong>.<\/span><\/p>\n<p>&nbsp;<\/p>\n","protected":false},"excerpt":{"rendered":"","protected":false},"author":1,"featured_media":0,"comment_status":"open","ping_status":"closed","sticky":false,"template":"","format":"standard","meta":{"colormag_page_container_layout":"default_layout","colormag_page_sidebar_layout":"default_layout","footnotes":""},"categories":[8],"tags":[],"class_list":["post-64005","post","type-post","status-publish","format-standard","hentry","category-cronaca"],"_links":{"self":[{"href":"https:\/\/archiviogioia.lavocedelpaese.info\/index.php?rest_route=\/wp\/v2\/posts\/64005","targetHints":{"allow":["GET"]}}],"collection":[{"href":"https:\/\/archiviogioia.lavocedelpaese.info\/index.php?rest_route=\/wp\/v2\/posts"}],"about":[{"href":"https:\/\/archiviogioia.lavocedelpaese.info\/index.php?rest_route=\/wp\/v2\/types\/post"}],"author":[{"embeddable":true,"href":"https:\/\/archiviogioia.lavocedelpaese.info\/index.php?rest_route=\/wp\/v2\/users\/1"}],"replies":[{"embeddable":true,"href":"https:\/\/archiviogioia.lavocedelpaese.info\/index.php?rest_route=%2Fwp%2Fv2%2Fcomments&post=64005"}],"version-history":[{"count":0,"href":"https:\/\/archiviogioia.lavocedelpaese.info\/index.php?rest_route=\/wp\/v2\/posts\/64005\/revisions"}],"wp:attachment":[{"href":"https:\/\/archiviogioia.lavocedelpaese.info\/index.php?rest_route=%2Fwp%2Fv2%2Fmedia&parent=64005"}],"wp:term":[{"taxonomy":"category","embeddable":true,"href":"https:\/\/archiviogioia.lavocedelpaese.info\/index.php?rest_route=%2Fwp%2Fv2%2Fcategories&post=64005"},{"taxonomy":"post_tag","embeddable":true,"href":"https:\/\/archiviogioia.lavocedelpaese.info\/index.php?rest_route=%2Fwp%2Fv2%2Ftags&post=64005"}],"curies":[{"name":"wp","href":"https:\/\/api.w.org\/{rel}","templated":true}]}}