{"id":64112,"date":"2020-08-07T10:04:13","date_gmt":"2020-08-07T10:04:13","guid":{"rendered":"https:\/\/archiviogioia.lavocedelpaese.info\/?p=64112"},"modified":"2020-08-07T10:04:13","modified_gmt":"2020-08-07T10:04:13","slug":"notte-di-san-lorenzo-desideri-e-tanto-divertimento-per-tutti","status":"publish","type":"post","link":"https:\/\/archiviogioia.lavocedelpaese.info\/?p=64112","title":{"rendered":"Notte di San Lorenzo, desideri e tanto divertimento per tutti"},"content":{"rendered":"<p><a href=\"https:\/\/ibb.co\/b266Jdy\"><img loading=\"lazy\" decoding=\"async\" style=\"display: block; margin-left: auto; margin-right: auto;\" src=\"https:\/\/i.ibb.co\/61yyBsp\/48487497331-63e28610ef-o.jpg\" alt=\"48487497331-63e28610ef-o\" width=\"320\" height=\"240\" \/><\/a><\/p>\n<p><!--more--><\/p>\n<p style=\"text-align: justify;\"><a href=\"https:\/\/ibb.co\/309XL57\"><img loading=\"lazy\" decoding=\"async\" style=\"margin: 5px; float: left;\" src=\"https:\/\/i.ibb.co\/GV4wbf0\/notte-san-lorenzo-640x450.jpg\" alt=\"notte-san-lorenzo-640x450\" width=\"400\" height=\"281\" \/><\/a> A creare una suggestiva atmosfera per la <strong>XX edizione de \u201cLa Notte di San Lorenzo\u201d<\/strong> la compagnia <strong>Teatralmente Gioia<\/strong> ha scelto l\u2019ex distilleria \u201cCassano\u201d in via Paolo Cassano a Gioia del Colle.<\/p>\n<p style=\"text-align: justify;\">L\u2019evento si svolger\u00e0 <strong>domenica 9 agosto 2020 a partire dalle ore 19 <\/strong>con tante attivit\u00e0 entusiasmanti ed inaspettate <strong>per grandi e piccoli<\/strong>: Jungle Park metter\u00e0 a disposizione <strong>gonfiabili per i bambini<\/strong>, l\u2019associazione <strong>\u201cControvento\u201d terr\u00e0 un laboratorio didattico<\/strong> senza dimenticare la possibilit\u00e0 di fare un <strong>giro sui pony della scuderia \u201cSpirito libero\u201d<\/strong>.<\/p>\n<p style=\"text-align: justify;\">Non mancheranno <strong>letture di poesie<\/strong>, la collaborazione con il <strong>Centro Diurno \u201cCasa Di Gioia\u201d<\/strong>, uno <strong>spettacolo teatrale dal titolo \u201cCenerentolo\u201d<\/strong>, la creazione di un <strong>disegno<\/strong> a tema <strong>dal vivo a cura di<\/strong> <strong>Angelica Arvizigno<\/strong>, <strong>esibizioni<\/strong> <strong>di canto e ballo<\/strong> a cura degli artisti emergenti <strong>Francesco Depalma<\/strong>, <strong>Aurora Pugliese, Giuseppe Cantore, Marta D\u2019Onghia, Elisa Giordani e Sara Fiorente<\/strong>.<\/p>\n<p style=\"text-align: justify;\">A mantenere vivo lo spirito della serata ci penseranno gli artisti di strada pronti <a href=\"https:\/\/ibb.co\/k1MdGj3\"><img loading=\"lazy\" decoding=\"async\" style=\"margin: 5px; float: right;\" src=\"https:\/\/i.ibb.co\/vYDtcps\/PRIMO-PIANO-108176051-2847017975407487-5269284735340740958-o.png\" alt=\"PRIMO-PIANO-108176051-2847017975407487-5269284735340740958-o\" width=\"400\" height=\"225\" \/><\/a>a divertire ed entusiasmare il pubblico, mentre <strong>per i pi\u00f9 sportivi<\/strong> sar\u00e0 possibile provare il <strong>tiro con l\u2019arco<\/strong> grazie alla collaborazione <strong>con Arcieri della Murgia<\/strong>.<\/p>\n<p style=\"text-align: justify;\"><strong>Ospiti d\u2019onore della serata saranno i TarantaFil SudBand<\/strong> che animeranno il palco fino alla mezzanotte con il <strong>tradizionale lancio dei desideri<\/strong>. La distilleria ospiter\u00e0 anche una mostra fotografica che sar\u00e0 il risultato del contest dal titolo \u201cGioia in una foto\u201d aperto il 1 luglio e al quale sar\u00e0 possibile partecipare fino al 31 luglio inviandoci una o pi\u00f9 foto di posti suggestivi della nostra citt\u00e0, ma non mancher\u00e0 una <strong>mostra di disegni da titolo \u201cBacilli di felicit\u00e0\u201d<\/strong> <strong>a cura di Francesca Quatraro<\/strong>.<\/p>\n<p style=\"text-align: justify;\">Le attivit\u00e0 non finiscono qui e molto altro vi aspetta a partire dagli <strong>stand gastronomici<\/strong> che serviranno street food a chi decider\u00e0 di trascorrere con noi la notte pi\u00f9 magica dell\u2019anno!<\/p>\n<p><a href=\"https:\/\/ibb.co\/vdDdyyk\"><img loading=\"lazy\" decoding=\"async\" src=\"https:\/\/i.ibb.co\/s1t1xxq\/106988610-2826740207435264-2526501830649761149-o.png\" alt=\"106988610-2826740207435264-2526501830649761149-o\" width=\"660\" height=\"371\" \/><\/a><\/p>\n<p><a href=\"https:\/\/ibb.co\/wB5L4Z9\"><img loading=\"lazy\" decoding=\"async\" src=\"https:\/\/i.ibb.co\/0mHXrpg\/107615833-2836318509810767-3731828921367001339-o.png\" alt=\"107615833-2836318509810767-3731828921367001339-o\" width=\"660\" height=\"371\" \/><\/a><\/p>\n<p><a href=\"https:\/\/ibb.co\/YPNSCdr\"><img loading=\"lazy\" decoding=\"async\" src=\"https:\/\/i.ibb.co\/zQmgM2k\/107800320-2842894432486508-2780635513465406084-o.png\" alt=\"107800320-2842894432486508-2780635513465406084-o\" width=\"660\" height=\"371\" \/><\/a><\/p>\n<p><a href=\"https:\/\/ibb.co\/XxNmKrK\"><img loading=\"lazy\" decoding=\"async\" src=\"https:\/\/i.ibb.co\/23mXC1C\/107963409-2846299695479315-2198929461628909318-o.png\" alt=\"107963409-2846299695479315-2198929461628909318-o\" width=\"660\" height=\"371\" \/><\/a><\/p>\n","protected":false},"excerpt":{"rendered":"","protected":false},"author":1,"featured_media":0,"comment_status":"open","ping_status":"closed","sticky":false,"template":"","format":"standard","meta":{"colormag_page_container_layout":"default_layout","colormag_page_sidebar_layout":"default_layout","footnotes":""},"categories":[7],"tags":[],"class_list":["post-64112","post","type-post","status-publish","format-standard","hentry","category-attualita"],"_links":{"self":[{"href":"https:\/\/archiviogioia.lavocedelpaese.info\/index.php?rest_route=\/wp\/v2\/posts\/64112","targetHints":{"allow":["GET"]}}],"collection":[{"href":"https:\/\/archiviogioia.lavocedelpaese.info\/index.php?rest_route=\/wp\/v2\/posts"}],"about":[{"href":"https:\/\/archiviogioia.lavocedelpaese.info\/index.php?rest_route=\/wp\/v2\/types\/post"}],"author":[{"embeddable":true,"href":"https:\/\/archiviogioia.lavocedelpaese.info\/index.php?rest_route=\/wp\/v2\/users\/1"}],"replies":[{"embeddable":true,"href":"https:\/\/archiviogioia.lavocedelpaese.info\/index.php?rest_route=%2Fwp%2Fv2%2Fcomments&post=64112"}],"version-history":[{"count":0,"href":"https:\/\/archiviogioia.lavocedelpaese.info\/index.php?rest_route=\/wp\/v2\/posts\/64112\/revisions"}],"wp:attachment":[{"href":"https:\/\/archiviogioia.lavocedelpaese.info\/index.php?rest_route=%2Fwp%2Fv2%2Fmedia&parent=64112"}],"wp:term":[{"taxonomy":"category","embeddable":true,"href":"https:\/\/archiviogioia.lavocedelpaese.info\/index.php?rest_route=%2Fwp%2Fv2%2Fcategories&post=64112"},{"taxonomy":"post_tag","embeddable":true,"href":"https:\/\/archiviogioia.lavocedelpaese.info\/index.php?rest_route=%2Fwp%2Fv2%2Ftags&post=64112"}],"curies":[{"name":"wp","href":"https:\/\/api.w.org\/{rel}","templated":true}]}}