{"id":64115,"date":"2020-08-06T08:08:02","date_gmt":"2020-08-06T08:08:02","guid":{"rendered":"https:\/\/archiviogioia.lavocedelpaese.info\/?p=64115"},"modified":"2020-08-06T08:08:02","modified_gmt":"2020-08-06T08:08:02","slug":"gioia-del-colle-le-elezioni-regionali-della-maggioranza-2","status":"publish","type":"post","link":"https:\/\/archiviogioia.lavocedelpaese.info\/?p=64115","title":{"rendered":"Gioia del Colle. Le elezioni regionali della maggioranza"},"content":{"rendered":"<p><a href=\"https:\/\/ibb.co\/Jnq09NL\"><img loading=\"lazy\" decoding=\"async\" style=\"display: block; margin-left: auto; margin-right: auto;\" src=\"https:\/\/i.ibb.co\/qBCXvzG\/elezioni-regionali-liguria.jpg\" alt=\"elezioni-regionali-liguria\" width=\"320\" height=\"240\" \/><\/a><\/p>\n<p><!--more--><\/p>\n<p style=\"text-align: justify;\"><a href=\"https:\/\/ibb.co\/zNKXsY5\"><img loading=\"lazy\" decoding=\"async\" style=\"margin: 5px; float: left;\" src=\"https:\/\/i.ibb.co\/3ktp1qs\/destra5.jpg\" alt=\"destra5\" width=\"350\" height=\"349\" \/><\/a> <span>Il vecchio Lone Wolf ancora una volta di passaggio <strong>a Gioia del Colle<\/strong> non pu\u00f2 non notare che <strong>cambiamenti epocali<\/strong> ne stanno in qualche modo modificando il volto e inquinandone l\u2019anima. Si lo capiamo benissimo che il nuovo avvento della destra nel palazzo di citt\u00e0 avrebbe portato novit\u00e0 ma, by god direbbe un mio amico, quando \u00e8 troppo \u00e8 troppo. E fin quando a vincere le elezioni e a governare la citt\u00e0 \u00e8 chiamato uno schieramento in contrapposizione all\u2019altro va bene, si accetta l\u2019esito elettorale e si spera in un buon governo. Ma a Gioia sembrerebbe che <strong>hanno vinto non una, non due ma tre destre<\/strong>.<\/span><\/p>\n<p style=\"text-align: justify;\"><span>C\u2019\u00e8 <strong>la destra storica<\/strong> rappresentata non si sa bene da chi, poi c\u2019\u00e8 <strong>quella borghese<\/strong> con tendenze intellettualoidi e infine <strong>quella pi\u00f9 volgare e becera<\/strong> che \u00e8 facile individuare nelle spacconate della Lega locale. Le tre destre non sono solo alleate tra di loro ai fini elettorali, lo sono per un background culturale come direbbe sempre un mio amico, <strong>che si pu\u00f2 definire meglio di matrice fascista<\/strong>. Certo le differenze a chi le vuol vedere si vedono. E sono pure accentuate. <strong>Volutamente vi<\/strong><\/span><span><strong>sibili affinch\u00e9 vi ci si possa identificare a sec<\/strong><\/span><a href=\"https:\/\/ibb.co\/z4Tzkm2\"><img loading=\"lazy\" decoding=\"async\" style=\"margin: 5px; float: right;\" src=\"https:\/\/i.ibb.co\/d5wRhfp\/destra6.jpg\" alt=\"destra6\" width=\"350\" height=\"473\" \/><\/a><span><strong>onda delle proprie preferenze che poi diventano voti<\/strong>. <\/span><\/p>\n<p style=\"text-align: justify;\"><strong><span>E cos\u00ec<\/span><\/strong><span> per le prossime votazioni regionali di settembre <strong>le tre destre rastrelleranno voti per<\/strong> il proprio allea<\/span><span>to candidato cittadino <strong>Vito Etna il cui nome<\/strong> nel filmato che vi invito a vedere (<a href=\"https:\/\/www.facebook.com\/451241288582672\/posts\/1185428915163902\/\" target=\"_blank\" rel=\"noopener\"><span style=\"color: blue;\">https:\/\/www.facebook.com\/451241288582672\/posts\/1185428915163902\/<\/span><\/a>) <strong>\u00e8 associato nel finale a un\u2019immagine boccaccesca<\/strong>.<\/span><\/p>\n<p style=\"text-align: justify;\"><span>Lo stesso Vito Etna <strong>che per\u00f2 non appare negli incontri politici seri<\/strong> davanti a un pubblico \u201csaputo\u201d di destra storica. Lo stesso Vito Etna <strong>che non \u00e8 stato invitato dalla destra intellettualoide<\/strong> <strong>a partecipare all\u2019assalto e successiva conquista della Pro Loco<\/strong>, come avete avuto modo di leggere sulla Voce del Paese. Assalto e successiva conquista avvenuti con metodi non del tutto democratici.<\/span><\/p>\n<p style=\"text-align: justify;\"><strong><span>Ma lui, Vito Etna, avr\u00e0 i voti delle tre destre gioiesi<\/span><\/strong><span>, e questo <strong>lo garantisce il sindaco Mastrangelo<\/strong> che \u00e8 sempre al suo fianco, come nel volgarissimo filmino di cui sopra, ma <strong>che \u00e8 sempre al fianco anche di Lucio Romano<\/strong>, l\u2019anima intellettualoide dell\u2019altra destra, ed \u00e8 sempre al fianco di&#8230;se stesso.<\/span><\/p>\n<p style=\"text-align: justify;\"><strong><span>E mentre ci si diverte a sembrare divisi per poi bere tutti dallo stesso calice la citt\u00e0 va alla deriva,<\/span><\/strong><span> senza idee, senza alberi, senza aule, senza pulizia. <strong>Senza quella nobilt\u00e0 che pure le spetta<\/strong>.<\/span><\/p>\n<p style=\"text-align: right;\" align=\"right\"><strong><span>Lone Wolf<\/span><\/strong><\/p>\n<p>&nbsp;<\/p>\n","protected":false},"excerpt":{"rendered":"","protected":false},"author":1,"featured_media":0,"comment_status":"open","ping_status":"closed","sticky":false,"template":"","format":"standard","meta":{"colormag_page_container_layout":"default_layout","colormag_page_sidebar_layout":"default_layout","footnotes":""},"categories":[4],"tags":[],"class_list":["post-64115","post","type-post","status-publish","format-standard","hentry","category-politica"],"_links":{"self":[{"href":"https:\/\/archiviogioia.lavocedelpaese.info\/index.php?rest_route=\/wp\/v2\/posts\/64115","targetHints":{"allow":["GET"]}}],"collection":[{"href":"https:\/\/archiviogioia.lavocedelpaese.info\/index.php?rest_route=\/wp\/v2\/posts"}],"about":[{"href":"https:\/\/archiviogioia.lavocedelpaese.info\/index.php?rest_route=\/wp\/v2\/types\/post"}],"author":[{"embeddable":true,"href":"https:\/\/archiviogioia.lavocedelpaese.info\/index.php?rest_route=\/wp\/v2\/users\/1"}],"replies":[{"embeddable":true,"href":"https:\/\/archiviogioia.lavocedelpaese.info\/index.php?rest_route=%2Fwp%2Fv2%2Fcomments&post=64115"}],"version-history":[{"count":0,"href":"https:\/\/archiviogioia.lavocedelpaese.info\/index.php?rest_route=\/wp\/v2\/posts\/64115\/revisions"}],"wp:attachment":[{"href":"https:\/\/archiviogioia.lavocedelpaese.info\/index.php?rest_route=%2Fwp%2Fv2%2Fmedia&parent=64115"}],"wp:term":[{"taxonomy":"category","embeddable":true,"href":"https:\/\/archiviogioia.lavocedelpaese.info\/index.php?rest_route=%2Fwp%2Fv2%2Fcategories&post=64115"},{"taxonomy":"post_tag","embeddable":true,"href":"https:\/\/archiviogioia.lavocedelpaese.info\/index.php?rest_route=%2Fwp%2Fv2%2Ftags&post=64115"}],"curies":[{"name":"wp","href":"https:\/\/api.w.org\/{rel}","templated":true}]}}