{"id":64155,"date":"2020-08-13T08:18:29","date_gmt":"2020-08-13T08:18:29","guid":{"rendered":"https:\/\/archiviogioia.lavocedelpaese.info\/?p=64155"},"modified":"2020-08-13T08:18:29","modified_gmt":"2020-08-13T08:18:29","slug":"le-elezioni-regionali-della-minoranzae-non-solo-2","status":"publish","type":"post","link":"https:\/\/archiviogioia.lavocedelpaese.info\/?p=64155","title":{"rendered":"LE ELEZIONI REGIONALI DELLA MINORANZA\u2026E NON SOLO"},"content":{"rendered":"<p><a href=\"https:\/\/ibb.co\/VgmVgfd\"><img loading=\"lazy\" decoding=\"async\" style=\"display: block; margin-left: auto; margin-right: auto;\" src=\"https:\/\/i.ibb.co\/m98J9fm\/elezioni-regionali-liguria.jpg\" alt=\"elezioni-regionali-liguria\" width=\"320\" height=\"240\" \/><\/a><\/p>\n<p><!--more--><\/p>\n<p style=\"text-align: justify;\"><a href=\"https:\/\/ibb.co\/PFd7jb3\"><img loading=\"lazy\" decoding=\"async\" style=\"margin: 5px; float: left;\" src=\"https:\/\/i.ibb.co\/FmFS3fN\/Milena-Pavone.jpg\" alt=\"Milena-Pavone\" width=\"300\" height=\"352\" \/><\/a> \u201cSe \u00e8 vero come sembra che la maggioranza di centrodestra gioiese parteciper\u00e0 con un solo candidato alla corsa per il Consiglio Regionale, alle prossime <strong>elezioni regionali del 20 e 21 settembre<\/strong> l\u2019opposizione ha pi\u00f9 di un candidato. <strong>La Sinistra<\/strong>, ormai rappresentata dalla sola Citt\u00e0 di tutti-La Bottega <strong>ha rilanciato Milena Pavone<\/strong> nella lista civica Senso Civico per un nuovo Ulivo, mentre PRO.DI.GIO candida <strong>Anna Maria Longo<\/strong> nella lista civica Italia in Comune. Entrambe hanno una breve ma intensa esperienza amministrativa, la prima come consigliere comunale e la seconda come assessora. Anche in questa occasione come nelle ultime elezioni comunali noto il basso profilo <strong>del PD<\/strong>. Anzi, a dire il vero, pi\u00f9 che di basso profilo <strong>ne registro l\u2019assenza<\/strong>. Evidentemente non ha ancora terminato il periodo di \u201cquarantena\u201d che ha dovuto accettare per far dimenticare gli enormi errori del passato.<\/p>\n<p style=\"text-align: justify;\"><strong>Le due signore della politica gioiese<\/strong>, alm<a href=\"https:\/\/ibb.co\/T13Zx4L\"><img loading=\"lazy\" decoding=\"async\" style=\"margin: 5px; float: right;\" src=\"https:\/\/i.ibb.co\/PMHRvcQ\/Anna-Maria-Longo.jpg\" alt=\"Anna-Maria-Longo\" width=\"300\" height=\"319\" \/><\/a>eno le uniche che negli ultimi anni <strong>hanno fatto sentire la loro voce<\/strong> ma soprattutto hanno potuto affermare una dignitosa presenza nel palazzo di citt\u00e0, non saranno le uniche a tentare di raccogliere voti per accompagnare Michele Emiliano alla presidenza della regione, e non saranno le uniche a sottrarre voti a quel \u201cvulcano\u201d di idee che \u00e8 <strong>Vito Etna<\/strong>. Negli ultimi giorni si \u00e8 aggiunto <strong>Sergio Povia<\/strong>, anche lui candidato in una lista civica in appoggio a Emiliano, Sindaco di Puglia. Quest\u2019ultima candidatura rende ancor pi\u00f9 evidente l\u2019assenza del PD essendo Povia un uomo di appartenenza e che per il partito ha rivestito ruoli istituzionali di peso: sindaco, consigliere regionale e consigliere provinciale, nonch\u00e9 consigliere della citt\u00e0 metropolitana prima dei guai giudiziari in cui \u00e8 incorso.<\/p>\n<p style=\"text-align: justify;\">Insomma <strong>l\u2019elettorato gioiese non avr\u00e0 che l\u2019imbarazzo della scelta<\/strong> e potr\u00e0 scegliere tra passato, presente e futuro, almeno quell\u2019elettorato che sceglier\u00e0 di andare a votare. <strong>Sar\u00f2 comunque qui ad osservare i \u201cmovimenti\u201d<\/strong> tipici di una campagna elettorale e non mancher\u00f2 di darvene conto\u201d.<\/p>\n<p style=\"text-align: right;\" align=\"right\"><strong>Lone Wolf<\/strong><\/p>\n<p>&nbsp;<\/p>\n","protected":false},"excerpt":{"rendered":"","protected":false},"author":1,"featured_media":0,"comment_status":"open","ping_status":"closed","sticky":false,"template":"","format":"standard","meta":{"colormag_page_container_layout":"default_layout","colormag_page_sidebar_layout":"default_layout","footnotes":""},"categories":[4],"tags":[],"class_list":["post-64155","post","type-post","status-publish","format-standard","hentry","category-politica"],"_links":{"self":[{"href":"https:\/\/archiviogioia.lavocedelpaese.info\/index.php?rest_route=\/wp\/v2\/posts\/64155","targetHints":{"allow":["GET"]}}],"collection":[{"href":"https:\/\/archiviogioia.lavocedelpaese.info\/index.php?rest_route=\/wp\/v2\/posts"}],"about":[{"href":"https:\/\/archiviogioia.lavocedelpaese.info\/index.php?rest_route=\/wp\/v2\/types\/post"}],"author":[{"embeddable":true,"href":"https:\/\/archiviogioia.lavocedelpaese.info\/index.php?rest_route=\/wp\/v2\/users\/1"}],"replies":[{"embeddable":true,"href":"https:\/\/archiviogioia.lavocedelpaese.info\/index.php?rest_route=%2Fwp%2Fv2%2Fcomments&post=64155"}],"version-history":[{"count":0,"href":"https:\/\/archiviogioia.lavocedelpaese.info\/index.php?rest_route=\/wp\/v2\/posts\/64155\/revisions"}],"wp:attachment":[{"href":"https:\/\/archiviogioia.lavocedelpaese.info\/index.php?rest_route=%2Fwp%2Fv2%2Fmedia&parent=64155"}],"wp:term":[{"taxonomy":"category","embeddable":true,"href":"https:\/\/archiviogioia.lavocedelpaese.info\/index.php?rest_route=%2Fwp%2Fv2%2Fcategories&post=64155"},{"taxonomy":"post_tag","embeddable":true,"href":"https:\/\/archiviogioia.lavocedelpaese.info\/index.php?rest_route=%2Fwp%2Fv2%2Ftags&post=64155"}],"curies":[{"name":"wp","href":"https:\/\/api.w.org\/{rel}","templated":true}]}}