{"id":64192,"date":"2020-08-20T09:17:28","date_gmt":"2020-08-20T09:17:28","guid":{"rendered":"https:\/\/archiviogioia.lavocedelpaese.info\/?p=64192"},"modified":"2020-08-20T09:17:28","modified_gmt":"2020-08-20T09:17:28","slug":"degrado-non-solo-discariche-e-buche-ce-di-piufoto","status":"publish","type":"post","link":"https:\/\/archiviogioia.lavocedelpaese.info\/?p=64192","title":{"rendered":"DEGRADO. NON SOLO DISCARICHE E BUCHE. C\u2019\u00c8 DI PI\u00d9!\/foto"},"content":{"rendered":"<p><a href=\"https:\/\/ibb.co\/CzzDBcJ\"><img loading=\"lazy\" decoding=\"async\" style=\"display: block; margin-left: auto; margin-right: auto;\" src=\"https:\/\/i.ibb.co\/hyyws6X\/100-7021-FILEminimizer.jpg\" alt=\"100-7021-FILEminimizer\" width=\"320\" height=\"240\" \/><\/a><\/p>\n<p><!--more--><\/p>\n<p style=\"text-align: justify;\"><a href=\"https:\/\/ibb.co\/nm3SL3h\"><img loading=\"lazy\" decoding=\"async\" style=\"margin: 5px; float: left;\" src=\"https:\/\/i.ibb.co\/vqs8js2\/100-7004-FILEminimizer.jpg\" alt=\"100-7004-FILEminimizer\" width=\"400\" height=\"300\" \/><\/a> <strong>Non solo discariche abusive a cielo<\/strong> aperto o le immancabili buche, <strong>questa volta<\/strong> il nostro amico\/collaboratore <strong>Giacomo Magistro<\/strong> (Attivista LIPU) <strong>ci propone una panoramica dello stato di degrado in cui versa <\/strong>una delle aree che a suo tempo fu definita <strong>il \u201cfiore all\u2019occhiello di Gioia del Colle\u201d<\/strong>. Il classico bigliettino da visita che avrebbe dovuto accogliere degnamente i visitatori. In questo caso si sta parlando della <strong>Zona Industriale<\/strong>, che da bigliettino da visita con il passare degli anni si \u00e8 trasformata in croce e delizia dei gioiesi e di tutti gli operatori commerciali che vi operano, oltre spina nel fianco per i numerosi runners (corridori) che da anni la utilizzano per i loro allenamenti o per le loro passeggiate.<\/p>\n<p style=\"text-align: justify;\"><strong>I larghi marciapiedi<\/strong>, una volta cos\u00ec invitanti e accoglienti, come dimostrano le crude e nude foto scattate dal nostro buon Giacomo, uno dei tanti corridori di cui sopra, <strong>sono spariti, non esistono pi\u00f9<\/strong>, sono ormai <strong>sommersi, inglobati, preda delle erbacce infestanti, dei rovi<\/strong>. Correre o passeggiare su di essi \u00e8 diventato pericolosissimo, una fatica immane, pi\u00f9 che un piacere \u00e8 una sofferenza continua, un peso per il fisico ma soprattutto per lo spirito di chi vi si reca per respirare un po\u2019 d\u2019aria pura.<a href=\"https:\/\/ibb.co\/vZ9V7LX\"><img loading=\"lazy\" decoding=\"async\" style=\"margin: 5px; float: right;\" src=\"https:\/\/i.ibb.co\/XSHjhFY\/100-7019-FILEminimizer.jpg\" alt=\"100-7019-FILEminimizer\" width=\"400\" height=\"300\" \/><\/a><\/p>\n<p style=\"text-align: justify;\"><strong>Via Cristoforo Castellaneta, ma non solo, e le relative traverse sono ormai diventate<\/strong><strong> un immenso rovo<\/strong>, in cui tra l\u2019altro ci si trova di tutto, anche buste abbandonate di rifiuti. Segnaletica divelta e abbandonata. <strong>L\u2019erba \u00e8 cresciuta a dismisura ovunque<\/strong>, e non solo in altezza, anche nello spazio dedicato allo spartitraffico realizzato per delimitare le due carreggiate, sotto i marciapiedi, sulle rotatorie al punto da rendere pericolosa la stessa viabilit\u00e0.<\/p>\n<p style=\"text-align: justify;\"><strong>Una desolazione, un degrado che ha dell\u2019incredibile per non dire del tragico<\/strong>, altro che \u201cfiore all\u2019occhiello\u201d, e il bigliettino da visita \u00e8 da bollino rosso, altro che \u201cbello\u201d. Ma <strong>come si fa a ridurre in questo stato una zona cos\u00ec vasta<\/strong> e importante per la nostra economia e il nostro turismo <strong>senza che nessuno intervenga, da mesi sicuramente<\/strong>?<\/p>\n<p style=\"text-align: justify;\">Una domanda a cui non si chiede una risposta da chi di competenza, ma una decisa azione affinch\u00e9 <strong>si metta fine a questo scempio non degno di una cittadina come Gioia del Colle<\/strong>, l\u2019ex, in tutto, bel paesello.<\/p>\n<div style=\"text-align: justify;\"><strong>Per visualizzare la gallery<\/strong> clicca sul link sottostante.<\/div>\n<div style=\"text-align: justify;\"><a href=\"https:\/\/ibb.co\/album\/mSSMvc\">https:\/\/ibb.co\/album\/mSSMvc<\/a><\/div>\n<p>&nbsp;<\/p>\n","protected":false},"excerpt":{"rendered":"","protected":false},"author":1,"featured_media":0,"comment_status":"open","ping_status":"closed","sticky":false,"template":"","format":"standard","meta":{"colormag_page_container_layout":"default_layout","colormag_page_sidebar_layout":"default_layout","footnotes":""},"categories":[8],"tags":[],"class_list":["post-64192","post","type-post","status-publish","format-standard","hentry","category-cronaca"],"_links":{"self":[{"href":"https:\/\/archiviogioia.lavocedelpaese.info\/index.php?rest_route=\/wp\/v2\/posts\/64192","targetHints":{"allow":["GET"]}}],"collection":[{"href":"https:\/\/archiviogioia.lavocedelpaese.info\/index.php?rest_route=\/wp\/v2\/posts"}],"about":[{"href":"https:\/\/archiviogioia.lavocedelpaese.info\/index.php?rest_route=\/wp\/v2\/types\/post"}],"author":[{"embeddable":true,"href":"https:\/\/archiviogioia.lavocedelpaese.info\/index.php?rest_route=\/wp\/v2\/users\/1"}],"replies":[{"embeddable":true,"href":"https:\/\/archiviogioia.lavocedelpaese.info\/index.php?rest_route=%2Fwp%2Fv2%2Fcomments&post=64192"}],"version-history":[{"count":0,"href":"https:\/\/archiviogioia.lavocedelpaese.info\/index.php?rest_route=\/wp\/v2\/posts\/64192\/revisions"}],"wp:attachment":[{"href":"https:\/\/archiviogioia.lavocedelpaese.info\/index.php?rest_route=%2Fwp%2Fv2%2Fmedia&parent=64192"}],"wp:term":[{"taxonomy":"category","embeddable":true,"href":"https:\/\/archiviogioia.lavocedelpaese.info\/index.php?rest_route=%2Fwp%2Fv2%2Fcategories&post=64192"},{"taxonomy":"post_tag","embeddable":true,"href":"https:\/\/archiviogioia.lavocedelpaese.info\/index.php?rest_route=%2Fwp%2Fv2%2Ftags&post=64192"}],"curies":[{"name":"wp","href":"https:\/\/api.w.org\/{rel}","templated":true}]}}