{"id":64203,"date":"2020-08-20T16:54:28","date_gmt":"2020-08-20T16:54:28","guid":{"rendered":"https:\/\/archiviogioia.lavocedelpaese.info\/?p=64203"},"modified":"2020-08-20T16:54:28","modified_gmt":"2020-08-20T16:54:28","slug":"chiamata-alle-arti-in-memoria-di-michele-montesardo-2","status":"publish","type":"post","link":"https:\/\/archiviogioia.lavocedelpaese.info\/?p=64203","title":{"rendered":"\u201cChiamata alle arti\u201d in memoria di Michele Montesardo"},"content":{"rendered":"<p><a title=\"michele montesardo\" href=\"https:\/\/www.flickr.com\/photos\/91470992@N02\/28958698666\/in\/photolist-ZJXpqV-L7YUd3-L44KNg-KehvXe-L7WbvE-L7W4od-Ke5wNN-Kei5wn-LaNH64-L7WyhW-KJwGFd-L45bfn-Ke6aLq-L1xreW-Ke5ZFf-Ke6H7S-KJyC3G-L7Yehs-L1xdC3-LaPvJe-LaP55D-KJxVLj-Ke6VPL-L1wGkj-KeiYER-L46Eh2-K2zrMQ\" data-flickr-embed=\"true\" data-header=\"true\"><img loading=\"lazy\" decoding=\"async\" style=\"display: block; margin-left: auto; margin-right: auto;\" src=\"https:\/\/live.staticflickr.com\/8407\/28958698666_1a212a60a8_z.jpg\" alt=\"michele montesardo\" width=\"320\" height=\"240\" \/><\/a><\/p>\n<p><!--more--><\/p>\n<p style=\"text-align: justify;\"><a href=\"https:\/\/ibb.co\/F47PCxJ\"><img loading=\"lazy\" decoding=\"async\" style=\"margin: 5px; float: left;\" src=\"https:\/\/i.ibb.co\/1G2SjvK\/cabina.jpg\" alt=\"cabina\" width=\"400\" height=\"300\" \/><\/a><span>\u201c<\/span>Quattro anni fa ci lasciava il nostro caro <strong>Michele Montesardo<\/strong>, libraio instancabile e delicato sognatore. La sua opera, costante e silenziosa, ha ispirato <strong>La Bibliocabina<\/strong>, uno spazio di condivisione e partecipazione che oggi vive grazie all&#8217;amore incondizionato dei suoi fruitori. Dopo la stasi a cui siamo stati tutti chiamati, noi volontari abbiamo provveduto a ripristinarla adeguandola alle nuove disposizioni in vigore. <strong>Oggi La Bibliocabina \u00e8 di nuovo uno spazio a disposizione della cittadinanza, sicuro e ospitale<\/strong>.<\/p>\n<p style=\"text-align: justify;\">Ricorderemo Michele come figura ancora viva tra noi con un evento aperto a tutti che si terr\u00e0 alla Bibliocabina nella serata di venerd\u00ec 28 agosto, alle ore 18. E per celebrare il ritorno alla socialit\u00e0, abbiamo pensato a una<strong> call per opere artistiche<\/strong> (racconti, poesie, opere pittoriche, brani musicali) edite o inedite che abbiano come tema <strong>la Leggerezza<\/strong>, da inviare alla pagina social de La Bibliocabina entro domenica 23 agosto. Un tema che ci riporta alla mente le <strong>&#8220;Lezioni Americane&#8221; di Italo Calvino<\/strong> percorrendo sentieri inesplorati:<\/p>\n<p style=\"text-align: justify;\">\u00ab<span>La leggerezza per me si associa con la precisione e la determinazione, non con la vaghezza e l\u2019abbandono al caso. PaulVal\u00e9ry ha detto: \u201cIl faut \u00eatre l\u00e9ger comme l&#8217;oiseau, et non comme la plume\u201d (ndr Si deve essere leggeri come l&#8217;uccello che vola, e non come la piuma) [&#8230;] Nella mia trattazione sulla leggerezza, Cyrano figura soprattutto per il modo in cui, prima di Newton, egli ha sentito il problema della gravitazione universale; o meglio, \u00e8 il problema di sottrarsi alla forza di gravit\u00e0 che stimola talmente la sua fantasia da fargli inventare tutta una serie di sistemi per salire sulla luna, uno pi\u00f9 ingegnoso dell\u2019altro: con fiale piene di rugiada che evaporano al sole; ungendosi di midollo di bue che viene abitualmente succhiato dalla luna; con una palla calamitata lanciata in aria verticalmente ripetute volte da una navicella<\/span>\u00bb.(da Italo Calvino, &#8220;Lezioni Americane&#8221;, Mondadori, 2016)<\/p>\n<p style=\"text-align: justify;\">Selezioneremo opere e spunti che pi\u00f9 ci colpiranno per contenuti e qualit\u00e0 e inviteremo gli autori a presentarle, attraverso letture, esibizioni o esposizioni, nel corso dell&#8217;evento del 28 agosto<span>\u201d<\/span>.<\/p>\n<p style=\"text-align: right;\" align=\"right\"><strong>I volontari de La Bibliocabina<\/strong><\/p>\n<p>&nbsp;<\/p>\n","protected":false},"excerpt":{"rendered":"","protected":false},"author":1,"featured_media":0,"comment_status":"open","ping_status":"closed","sticky":false,"template":"","format":"standard","meta":{"colormag_page_container_layout":"default_layout","colormag_page_sidebar_layout":"default_layout","footnotes":""},"categories":[7],"tags":[],"class_list":["post-64203","post","type-post","status-publish","format-standard","hentry","category-attualita"],"_links":{"self":[{"href":"https:\/\/archiviogioia.lavocedelpaese.info\/index.php?rest_route=\/wp\/v2\/posts\/64203","targetHints":{"allow":["GET"]}}],"collection":[{"href":"https:\/\/archiviogioia.lavocedelpaese.info\/index.php?rest_route=\/wp\/v2\/posts"}],"about":[{"href":"https:\/\/archiviogioia.lavocedelpaese.info\/index.php?rest_route=\/wp\/v2\/types\/post"}],"author":[{"embeddable":true,"href":"https:\/\/archiviogioia.lavocedelpaese.info\/index.php?rest_route=\/wp\/v2\/users\/1"}],"replies":[{"embeddable":true,"href":"https:\/\/archiviogioia.lavocedelpaese.info\/index.php?rest_route=%2Fwp%2Fv2%2Fcomments&post=64203"}],"version-history":[{"count":0,"href":"https:\/\/archiviogioia.lavocedelpaese.info\/index.php?rest_route=\/wp\/v2\/posts\/64203\/revisions"}],"wp:attachment":[{"href":"https:\/\/archiviogioia.lavocedelpaese.info\/index.php?rest_route=%2Fwp%2Fv2%2Fmedia&parent=64203"}],"wp:term":[{"taxonomy":"category","embeddable":true,"href":"https:\/\/archiviogioia.lavocedelpaese.info\/index.php?rest_route=%2Fwp%2Fv2%2Fcategories&post=64203"},{"taxonomy":"post_tag","embeddable":true,"href":"https:\/\/archiviogioia.lavocedelpaese.info\/index.php?rest_route=%2Fwp%2Fv2%2Ftags&post=64203"}],"curies":[{"name":"wp","href":"https:\/\/api.w.org\/{rel}","templated":true}]}}