{"id":64217,"date":"2020-08-22T08:09:24","date_gmt":"2020-08-22T08:09:24","guid":{"rendered":"https:\/\/archiviogioia.lavocedelpaese.info\/?p=64217"},"modified":"2020-08-22T08:09:24","modified_gmt":"2020-08-22T08:09:24","slug":"criminalita-coldiretti-puglia-allarme-per-furti-mandorle-2","status":"publish","type":"post","link":"https:\/\/archiviogioia.lavocedelpaese.info\/?p=64217","title":{"rendered":"Criminalit\u00e0.  Coldiretti Puglia: \u201callarme per furti mandorle\u201d"},"content":{"rendered":"<p><a title=\"furti in campagna coldiretti\" href=\"https:\/\/www.flickr.com\/photos\/91470992@N02\/49748774203\/in\/photolist-2iNwazN-2iNrHnr-2iNrHrz-2iNrHr9-2iN8sNN-2iN8sNY-2iN8tmg-2iNbfhT\/\" data-flickr-embed=\"true\" data-header=\"true\"><img loading=\"lazy\" decoding=\"async\" style=\"display: block; margin-left: auto; margin-right: auto;\" src=\"https:\/\/live.staticflickr.com\/65535\/49748774203_6b9ebdaebd_z.jpg\" alt=\"furti in campagna coldiretti\" width=\"320\" height=\"240\" \/><\/a><\/p>\n<p><!--more--><\/p>\n<p style=\"margin-bottom: 0.0001pt; text-align: justify;\"><a href=\"https:\/\/ibb.co\/0Q3pgF4\"><img loading=\"lazy\" decoding=\"async\" style=\"margin: 5px; float: left;\" src=\"https:\/\/i.ibb.co\/BwRHXrW\/Closeup-of-Almonds-on-Tree.jpg\" alt=\"Closeup-of-Almonds-on-Tree\" width=\"400\" height=\"265\" \/><\/a>\u201c<strong>Cresce in Puglia l\u2019allarme per i furti di mandorle<\/strong>, gi\u00e0 decimate per le gelate del marzo scorso, che valgono tanto oro quanto pesano. <strong>E\u2019 quanto denuncia Coldiretti Puglia<\/strong> sulla base delle denunce degli <strong>agricoltori<\/strong> della provincia di Bari che si sono <strong>trasformati in vigilantes notturni e diurni<\/strong> contro i furti continui delle mandorle che nella campagna 2020 sono poche ma di straordinaria qualit\u00e0.<\/p>\n<p style=\"margin-bottom: 0.0001pt; text-align: justify;\">\u201c<strong>Le mandorle che si sono salvate dall\u2019ondata di gelo di marzo vanno letteralmente a \u2018ruba\u2019<\/strong> in campagna&nbsp;perch\u00e9 sono poche e di ottima qualit\u00e0, per cui spuntano prezzi che allettano la criminalit\u00e0 locale.&nbsp;I nostri imprenditori si sono organizzati in ronde notturne e diurne, dormono addirittura in campagna\u201d, <strong>denuncia<\/strong> <strong>Savino Muraglia, presidente Coldiretti Puglia.<\/strong> \u201cSpesso gli agricoltori devono addirittura anticipare la raccolta \u2013 conclude Muraglia &#8211; proprio per tentare di contrastare i furti<strong>.<\/strong> Nel territorio tra&nbsp;Grumo, Palo e Toritto&nbsp;si tratta di vere e proprie squadre organizzate che agiscono tra la notte e le prime ore del mattino e riescono a \u2018ripulire\u2019 fino a 50 alberi alla volta. Chiediamo al Prefetto di Bari, molto sensibile al tema della sicurezza nelle campagne, di intervenire con tempestivit\u00e0 e fermezza\u201d.<\/p>\n<p style=\"margin-bottom: 0.0001pt; text-align: justify;\"><strong>In Puglia<\/strong> le mandorle sono prevalentemente coltivate nelle province di Bari e Brindisi \u2013 dice Coldiretti Puglia &#8211; rispettivamente con una produzione pari al 60% e al 20% dell&#8217;intera produzione pugliese, a seguire le province di Foggia, Taranto e Lecce. <strong>Ben il 96% della superficie regionale destinata a frutta in guscio \u00e8 investita a mandorlo<\/strong>.<\/p>\n<p style=\"margin-bottom: 0.0001pt; text-align: justify;\">\u201cI raid nelle campagne a caccia di mandorle sono un fenomeno che si ripete orm<a href=\"https:\/\/ibb.co\/j4G5ZsB\"><img loading=\"lazy\" decoding=\"async\" style=\"margin: 5px; float: right;\" src=\"https:\/\/i.ibb.co\/Jk2dFg0\/mandorlo-mandorle-fruttaguscio-byvitovitelli-covil-750x500.jpg\" alt=\"mandorlo-mandorle-fruttaguscio-byvitovitelli-covil-750x500\" width=\"400\" height=\"267\" \/><\/a>ai senza soluzione di continuit\u00e0 da anni \u2013 insiste il <strong>presidente di Coldiretti Palo, Ezio Liantonio<\/strong> \u2013 e costringe gli agricoltori a vigilare di notte, perch\u00e9 sono tanti i casi che vengono segnalati quotidianamente, ma gli episodi si stanno registrando anche in pieno giorno. I nostri agricoltori stanno pagando le guardie campestri, guardiani privati, ma se non viene organizzata un\u2019azione congiunta con le forze dell\u2019ordine, saremo per l\u2019ennesimo anno vittime indifese della criminalit\u00e0. La raccolta delle mandorle \u2013 incalza Liantonio &#8211; dura per fortuna poche settimane. Siamo, per\u00f2, molto preoccupati per la prossima raccolta delle olive, perch\u00e9 i nostri imprenditori non possono certamente vivere cos\u00ec per oltre 3 mesi, oltre alla preoccupazione per l\u2019incolumit\u00e0 personale che non \u00e8 certamente un problema trascurabile\u201d.<\/p>\n<p style=\"margin-bottom: 0.0001pt; text-align: justify;\">Attualmente in Puglia \u00e8 destinata alla coltivazione del mandorlo una superficie pari a 19.428 ettari che fornisce una produzione totale di 264.670 quintali di mandorle, un terzo del totale nazionale (33%). Tali cifre, collocano la Puglia al secondo posto fra le regioni italiane, dopo la Sicilia, conclude Coldiretti Puglia\u201d.<\/p>\n<div style=\"margin-bottom: 0.0001pt; text-align: right;\" align=\"right\"><strong>Teresa De Petro<\/strong><\/div>\n<div style=\"margin-bottom: 0.0001pt; text-align: right;\" align=\"right\"><strong>Ufficio Stampa Coldiretti Puglia<\/strong><\/div>\n<p>&nbsp;<\/p>\n","protected":false},"excerpt":{"rendered":"","protected":false},"author":1,"featured_media":0,"comment_status":"open","ping_status":"closed","sticky":false,"template":"","format":"standard","meta":{"colormag_page_container_layout":"default_layout","colormag_page_sidebar_layout":"default_layout","footnotes":""},"categories":[8],"tags":[],"class_list":["post-64217","post","type-post","status-publish","format-standard","hentry","category-cronaca"],"_links":{"self":[{"href":"https:\/\/archiviogioia.lavocedelpaese.info\/index.php?rest_route=\/wp\/v2\/posts\/64217","targetHints":{"allow":["GET"]}}],"collection":[{"href":"https:\/\/archiviogioia.lavocedelpaese.info\/index.php?rest_route=\/wp\/v2\/posts"}],"about":[{"href":"https:\/\/archiviogioia.lavocedelpaese.info\/index.php?rest_route=\/wp\/v2\/types\/post"}],"author":[{"embeddable":true,"href":"https:\/\/archiviogioia.lavocedelpaese.info\/index.php?rest_route=\/wp\/v2\/users\/1"}],"replies":[{"embeddable":true,"href":"https:\/\/archiviogioia.lavocedelpaese.info\/index.php?rest_route=%2Fwp%2Fv2%2Fcomments&post=64217"}],"version-history":[{"count":0,"href":"https:\/\/archiviogioia.lavocedelpaese.info\/index.php?rest_route=\/wp\/v2\/posts\/64217\/revisions"}],"wp:attachment":[{"href":"https:\/\/archiviogioia.lavocedelpaese.info\/index.php?rest_route=%2Fwp%2Fv2%2Fmedia&parent=64217"}],"wp:term":[{"taxonomy":"category","embeddable":true,"href":"https:\/\/archiviogioia.lavocedelpaese.info\/index.php?rest_route=%2Fwp%2Fv2%2Fcategories&post=64217"},{"taxonomy":"post_tag","embeddable":true,"href":"https:\/\/archiviogioia.lavocedelpaese.info\/index.php?rest_route=%2Fwp%2Fv2%2Ftags&post=64217"}],"curies":[{"name":"wp","href":"https:\/\/api.w.org\/{rel}","templated":true}]}}