{"id":64227,"date":"2020-08-23T08:33:38","date_gmt":"2020-08-23T08:33:38","guid":{"rendered":"https:\/\/archiviogioia.lavocedelpaese.info\/?p=64227"},"modified":"2020-08-23T08:33:38","modified_gmt":"2020-08-23T08:33:38","slug":"ioha-aestas-2020-concerti-cinema-allaperto-cena-in-bianco-e-altro-2","status":"publish","type":"post","link":"https:\/\/archiviogioia.lavocedelpaese.info\/?p=64227","title":{"rendered":"Ioha AEStaS 2020 &#8211; Concerti, cinema all\u2019aperto, cena in bianco e altro"},"content":{"rendered":"<p><a href=\"https:\/\/ibb.co\/Mhky0Hs\"><img loading=\"lazy\" decoding=\"async\" style=\"display: block; margin-left: auto; margin-right: auto;\" src=\"https:\/\/i.ibb.co\/b35j9VP\/117293192-3469082739791813-549004889993691243-n.jpg\" alt=\"117293192-3469082739791813-549004889993691243-n\" width=\"320\" height=\"240\" \/><\/a><\/p>\n<p><!--more--><\/p>\n<p style=\"margin-bottom: 0.0001pt; text-align: justify;\"><a href=\"https:\/\/ibb.co\/8XqL7Gw\"><img loading=\"lazy\" decoding=\"async\" style=\"margin: 5px; float: left;\" src=\"https:\/\/i.ibb.co\/PtKv6Jy\/cinema-sotto-le-stelle.jpg\" alt=\"cinema-sotto-le-stelle\" width=\"350\" height=\"485\" \/><\/a>Sono tre le proposte cinematografiche che <strong>Giampaolo Giannico<\/strong> ha proposto per la seconda edizione di \u201c<strong>Cinema sotto le stelle<\/strong>\u201d, evento inserito fuori programma in <strong>Ioha AEStaS 2020<\/strong>, in quanto la proposta delle proiezioni insieme al concerto dedicato a Ennio Morricone che si terr\u00e0 il 29 agosto nello stesso anfiteatro, sono pervenute a cartellone ultimato, tanto da richiedere una integrazione.<\/p>\n<p style=\"margin-bottom: 0.0001pt; text-align: justify;\">\u201c<strong>CINEMA SOTTO LE STELLE<\/strong>\u201d<\/p>\n<p style=\"margin-bottom: 0.0001pt; text-align: justify;\"><strong>Gioved\u00ec 20 agosto<\/strong> nell\u2019auditorium di Piazza Pertini, in via della Fiera nei paraggi dell\u2019ex campo sportivo si \u00e8 inaugurata la rassegna con due bellissimi film di animazione. Il primo, \u201c<strong>Mani rosse<\/strong>\u201d &#8211; film d\u2019animazione in stop-motion e 2D di <strong>Francesco Filippi<\/strong> &#8211; \u00e8 stato prodotto nel 2017 dal regista gioiese <strong>Michele Fasano<\/strong> con la sua societ\u00e0, la <strong>SATTVA FILMS srl<\/strong>. Racconta in trenta minuti la storia di Ernesto, 12 anni, un ragazzino intelligente, ma anche iper-protetto, solo. Un giorno scopre dei meravigliosi murales rossi, realizzati da una misteriosa ragazza di nome Luna, poco pi\u00f9 grande di lui. Lei ha il potere speciale di emettere dalle mani un vivido colore rosso, con cui esprime il suo talento. Ma dietro questo dono c&#8217;\u00e8 una dolorosa realt\u00e0: il padre di Luna, Furio \u00e8 un uomo violento. Quando il legame tra i due adolescenti diventa amicizia, Luna improvvisamente scompare. Ernesto dovr\u00e0 tirare fuori tutto il suo coraggio per salvare la vita a quella strana ragazzina di cui si \u00e8 innamorato.<\/p>\n<p style=\"margin-bottom: 0.0001pt; text-align: justify;\">Il secondo film, <strong>\u201cLa mia vita da zucchina\u201d,<\/strong> di <strong>Claude Barras<\/strong>, racconta di Courgette, un bimbo di nove anni che si ritrova in un orfanotrofio, qui dovr\u00e0 stringere amicizia tra bambini cresciuti in situazioni difficili. Il film ha ottenuto una candidatura a Premio Oscar, una candidatura a Golden Globes, una candidatura a BAFTA ed ha vinto un <strong>premio ai European Film Awards e ai Cesa<\/strong>.<\/p>\n<p style=\"margin-bottom: 0.0001pt; text-align: justify;\">Il <strong>27 agosto<\/strong> ci sar\u00e0 la proiezione di <strong>\u201cFantastic mr. Fox\u201d<\/strong> ed il <strong>2 settembre<\/strong> <strong>\u201cMillennium actress\u201d<\/strong> un film del 1999 per la regia di Satoshi Kon.<\/p>\n<p style=\"margin-bottom: 0.0001pt; text-align: justify;\"><strong>CONCERTO DEDICATO A ENNIO MORRICONE <br \/><\/strong><\/p>\n<p style=\"margin-bottom: 0.0001pt; text-align: justify;\">Il <strong>29 agosto<\/strong>, nello stesso auditorium si terr\u00e0 un concerto in onore dell\u2019indimenticato Ennio Morricone; a proporlo il trombettista <strong>Luigi Tannoia<\/strong> con altri <strong>Andrea De Luca<\/strong> alla tastiera, <strong>Filippo Paradiso <\/strong>al contrabbasso e <strong>Simone Le Noci<\/strong> alla batteria. In programma alcuni dei brani tra i pi\u00f9 suggestivi della produzione musicale del grande maestro da poco scomparso.&nbsp;A questi eventi gratuiti ed aperti al pubblico fino a un massimo di 250 persone nel rispetto delle norme covid, l\u2019assessorato alla Cultura e l\u2019Amministrazione hanno concesso il patrocinio gratuito, sostenendo le spese del service e della Siae.&nbsp;&nbsp;<\/p>\n<p style=\"margin-bottom: 0.0001pt; text-align: justify;\"><strong>PALIO DELLE BOTTI CON \u201cSCUDI, STENDARDI E PERCORSI\u201d <\/strong><br \/><a href=\"https:\/\/ibb.co\/d0wfFpp\"><img loading=\"lazy\" decoding=\"async\" style=\"margin: 5px; float: right;\" src=\"https:\/\/i.ibb.co\/jvP8mww\/Porte-Palio-2020-invito.jpg\" alt=\"Porte-Palio-2020-invito\" width=\"400\" height=\"400\" \/><\/a><\/p>\n<p style=\"margin-bottom: 0.0001pt; text-align: justify;\">Il <strong>6 settembre 2020,<\/strong> alle 19:30 sul sagrato della chiesa di Sant\u2019Antonio, si illustrer\u00e0 l\u2019evento, a cura dell\u2019Associazione <strong>Palio delle Botti-<\/strong>Gioia del Colle, denominato \u201c<strong>Scudi, Stendardi e Percorsi<\/strong>\u201d, manifestazione propedeutica al Palio che si terr\u00e0 nel 2021 e nata da uno studio storico da cui \u00e8 emersa la presenza a Gioia del Colle di quattro porte medioevali di ingresso, tramite le quali si accedeva a quattro rioni\/quartieri. Durante la manifestazione si presenteranno gli scudi che saranno allocati dove, nel Medioevo, sorgevano le porte per rimanervi in maniera permanente. <strong>L\u2019A<\/strong><strong>mministrazione<\/strong> per la realizzazione di Stendardi e Scudi realizzati a cura dell\u2019Associazione Palio delle Botti <strong>ha stanziato1.000 euro<\/strong>.<\/p>\n<p style=\"margin-bottom: 0.0001pt; text-align: justify;\"><strong>CONCERTO DELL\u2019ENSAMBLE DE \u201cI MUSICI PUGLIESI\u201d <br \/><\/strong><\/p>\n<p style=\"margin-bottom: 0.0001pt; text-align: justify;\"><span>Il gruppo, costituito da <strong>musicisti di et\u00e0 compresa tra i 18 e i 28 anni,<\/strong> nasce dall\u2019omonimo progetto formativo a firma dell\u2019ente <strong>Associazione Formazione<\/strong>, realizzato in collaborazione con <strong>l\u2019Associazione Musico-Culturale Aulos<\/strong> e <strong>finanziato dalla Regione Puglia.<\/strong> Il t<strong>our costituito da 15 concerti<\/strong> oltre Gioia ha toccato le citt\u00e0 di Noci, Cisternino, Putignano, Molfetta, Mottola, Ostuni, Palagianello, Locorotondo, Ginosa, Giovinazzo, Bitritto, Alberobello e Ruvo di Puglia. <\/span><\/p>\n<p style=\"margin-bottom: 0.0001pt; text-align: justify;\"><span>In concerto si potranno apprezzare musiche scritte o appositamente rielaborate e dedicate a I Musici Pugliesi da autorevoli e affermati compositori quali <strong>Marco Somadossi, Lorenzo Della Fonte, Marco Tamanini, Angelo Inglese, Damiano D\u2019Ambrosio e Giuseppe Ricotta<\/strong> nonch\u00e9 da giovani autori pugliesi, gi\u00e0 affermati o alla loro prima esperienza compositiva e meritevoli di essere promossi e valorizzati quali <strong>Walter Farina, Giovanni Minafra, Pasquale Magnifici, Giuseppe Creatore, Francesco Coppola e Fabio Castiello.<\/strong> <\/span><\/p>\n<p style=\"margin-bottom: 0.0001pt; text-align: justify;\"><span>Al termine del tour di concerti tutto i<strong>l repertorio musicale sar\u00e0 inciso in \u201cprima assoluta mondiale\u201d e distribuito a livello internazionale.<\/strong> <strong>Direttore de I Musici Pugliesi \u00e8 il M\u00b0 Antonio Tinelli,<\/strong> affermato musicista a livello internazionale e docente titolare della <strong>cattedra di clarinetto al Conservatorio di Musica \u201cN. Piccinni\u201d di Bari<\/strong> nonch\u00e9 <strong>direttore della Banda Musicale del CMM del Corpo Militare della Croce Rossa Italiana<\/strong>.<\/span><\/p>\n<p style=\"margin-bottom: 0.0001pt; text-align: justify;\">Per garantire i costi del service audio luci per gli eventi sopraelencati, sono stati <strong>stanziati 1.220,00 euro<\/strong> (Del. 152 dell\u201911\/08\/2020).<\/p>\n<p style=\"margin-bottom: 0.0001pt; text-align: justify;\"><strong>BISBIGLII DELL\u2019ANIMA PROPONE SOCIAL MENTE E \u201c<\/strong><strong><span>JOHA IN BIANCO &#8211; CENA SOTTO LE STELLE\u201d<\/span> <br \/><\/strong><\/p>\n<p style=\"margin-bottom: 0.0001pt; text-align: justify;\">Nello stesso atto <a href=\"https:\/\/ibb.co\/x5zWy9R\"><img loading=\"lazy\" decoding=\"async\" style=\"margin: 5px; float: left;\" src=\"https:\/\/i.ibb.co\/w6pVTGx\/3-70231659-2528474813841890-1699742013290708992-n.jpg\" alt=\"3-70231659-2528474813841890-1699742013290708992-n\" width=\"400\" height=\"300\" \/><\/a>apprendiamo che \u00e8 stato concesso il patrocinio a tre incontri organizzati dai ragazzi di <span>\u201cI Bisbiglii dell\u2019anima\u201d denominati <strong>Social\u2026mente<\/strong>, <strong>Cinematografica\u2026mente<\/strong>, <strong>Ambiental\u2026mente<\/strong> che inizieranno il <strong>26 agosto<\/strong> presso il giardino Paolo VI a cornice dell\u2019evento<\/span><\/p>\n<p style=\"margin-bottom: 0.0001pt; text-align: justify;\"><strong><span>Ioha in Bianco<\/span><\/strong><span>, giunto alla seconda edizione che si terr\u00e0 il <strong>5 settembre, cui l\u2019Amministrazione ha contribuito erogando 800 euro.<\/strong><\/span><\/p>\n<p style=\"margin-bottom: 0.0001pt; text-align: justify;\"><span>L\u2019idea vincente \u00e8 quella di \u201ccolorare\u201d di bianco &#8211; da sempre segno di purezza &#8211; tavolate di famiglia o amici stretti e in continua condivisione di vita, che si possono ritrovare per poter recuperare anche momenti persi in questo anno per cause di forza maggiore e vivere una serata di serenit\u00e0 tra cibo tradizionale e buona musica. Il luogo che ospiter\u00e0 la cena urbana \u00e8 &#8220;segreto&#8221; e sar\u00e0 svelato solo gli ultimi giorni.<\/span><\/p>\n<p style=\"margin-bottom: 0.0001pt; text-align: justify;\"><span>\u201cL\u2019idea &#8211; dichiarano i membri dell\u2019associazione &#8211; \u00e8 quella di rivivere la magia dello stare insieme in strada, abitudine che nella memoria richiama antiche tradizioni del nostro territorio: il valore della condivisione vissuta come convivialit\u00e0, i sapori e gli odori in grado di richiamare e far rivivere forti emozioni. Le tavolate saranno composte da congiunti e familiari e amici facenti parte della normale routine di vita, fino a sembrare, pur nel rispetto della distanza un&#8217;immensa ed unica tavolata, nel rispetto dell&#8217;Educazione, dell&#8217;Ambiente e della Bellezza. Il tutto, ovviamente, sar\u00e0 accompagnato da tanta musica ed intrattenimento. Inoltre i commensali potranno partecipare alle premiazioni della serata:<\/span><\/p>\n<p style=\"margin-bottom: 0.0001pt; text-align: justify;\"><span>&#8211; 1 premio: TAVOLATA &#8220;IN BIANCO&#8221; (Allestimento pi\u00f9 bello)<\/span><\/p>\n<div style=\"margin-bottom: 0.0001pt; text-align: justify;\"><span>&#8211; 2 premio: TAVOLATA PRIMA ISCRITTA<\/span><\/div>\n<div style=\"margin-bottom: 0.0001pt; text-align: justify;\"><span>&#8211; 3 premio: TAVOLATA POETICA &#8220;HO BISOGNO DI ABBRACCIARTI PERCH\u00c9\u2026\u201d<\/span><\/div>\n<div style=\"margin-bottom: 0.0001pt; text-align: justify;\"><span>&#8211; 4 premio: MIGLIOR OUT- FIT DONNA (in bianco) <\/span><\/div>\n<div style=\"margin-bottom: 0.0001pt; text-align: justify;\"><span>&#8211; 5 premio: MIGLIOR OUT- FIT UOMO (in bianco)\u201d<\/span><\/div>\n<p style=\"margin-bottom: 0.0001pt; text-align: justify;\"><span>Altre informazioni ed il regolamento sono pubblicate sulla pagina facebook di <\/span><strong>\u201c<\/strong><strong><span>JOHA IN BIANCO &#8211; CENA SOTTO LE STELLE\u201d.<\/span><\/strong><\/p>\n<p>&nbsp;<\/p>\n","protected":false},"excerpt":{"rendered":"","protected":false},"author":1,"featured_media":0,"comment_status":"open","ping_status":"closed","sticky":false,"template":"","format":"standard","meta":{"colormag_page_container_layout":"default_layout","colormag_page_sidebar_layout":"default_layout","footnotes":""},"categories":[7],"tags":[],"class_list":["post-64227","post","type-post","status-publish","format-standard","hentry","category-attualita"],"_links":{"self":[{"href":"https:\/\/archiviogioia.lavocedelpaese.info\/index.php?rest_route=\/wp\/v2\/posts\/64227","targetHints":{"allow":["GET"]}}],"collection":[{"href":"https:\/\/archiviogioia.lavocedelpaese.info\/index.php?rest_route=\/wp\/v2\/posts"}],"about":[{"href":"https:\/\/archiviogioia.lavocedelpaese.info\/index.php?rest_route=\/wp\/v2\/types\/post"}],"author":[{"embeddable":true,"href":"https:\/\/archiviogioia.lavocedelpaese.info\/index.php?rest_route=\/wp\/v2\/users\/1"}],"replies":[{"embeddable":true,"href":"https:\/\/archiviogioia.lavocedelpaese.info\/index.php?rest_route=%2Fwp%2Fv2%2Fcomments&post=64227"}],"version-history":[{"count":0,"href":"https:\/\/archiviogioia.lavocedelpaese.info\/index.php?rest_route=\/wp\/v2\/posts\/64227\/revisions"}],"wp:attachment":[{"href":"https:\/\/archiviogioia.lavocedelpaese.info\/index.php?rest_route=%2Fwp%2Fv2%2Fmedia&parent=64227"}],"wp:term":[{"taxonomy":"category","embeddable":true,"href":"https:\/\/archiviogioia.lavocedelpaese.info\/index.php?rest_route=%2Fwp%2Fv2%2Fcategories&post=64227"},{"taxonomy":"post_tag","embeddable":true,"href":"https:\/\/archiviogioia.lavocedelpaese.info\/index.php?rest_route=%2Fwp%2Fv2%2Ftags&post=64227"}],"curies":[{"name":"wp","href":"https:\/\/api.w.org\/{rel}","templated":true}]}}