{"id":64337,"date":"2020-09-18T13:31:46","date_gmt":"2020-09-18T13:31:46","guid":{"rendered":"https:\/\/archiviogioia.lavocedelpaese.info\/?p=64337"},"modified":"2020-09-18T13:31:46","modified_gmt":"2020-09-18T13:31:46","slug":"ospedale-le-false-verita-di-fitto-5-anni-in-caduta-libera-di-emiliano-2","status":"publish","type":"post","link":"https:\/\/archiviogioia.lavocedelpaese.info\/?p=64337","title":{"rendered":"Ospedale: le false verit\u00e0 di Fitto, 5 anni in caduta libera di Emiliano"},"content":{"rendered":"<p><a href=\"https:\/\/ibb.co\/Xzf9pWR\"><img loading=\"lazy\" decoding=\"async\" style=\"display: block; margin-left: auto; margin-right: auto;\" src=\"https:\/\/i.ibb.co\/Yt468Ns\/1-Fitto-Emiliano.jpg\" alt=\"1-Fitto-Emiliano\" width=\"320\" height=\"240\" \/><\/a><\/p>\n<p><!--more--><\/p>\n<p style=\"margin-bottom: 0.0001pt; text-align: justify;\"><a title=\"franco giannini\" href=\"https:\/\/www.flickr.com\/photos\/91470992@N02\/10896126763\/in\/photolist-2ijANSJ-2hP5doN-2hizu92-2henAFU-2dfqLdD-Zciiv5-FZxxbw-GpE8W2-D5rTAR-AmWg2M-zaHFcJ-vCnhid-tsXLVu-tKCW2c-sNvzgG-tsW6vs-sM2FcR-sLPYsC-uGt3yy-yhDoEP-r6UxeM-pXtze6-27pUoYx-pTHGM9-pmwJLS-p8NdhF-pJS5E5-pvnR4d-p5cjAG-oBNGBD-nQzogp-nHZJg8-tHbYW9-ts58LH-hARuSx-XsEjDX-XoJf7N-WehTgD-WRB8sE-Xfzg86\" data-flickr-embed=\"true\"><img loading=\"lazy\" decoding=\"async\" style=\"margin: 5px; float: left;\" src=\"https:\/\/live.staticflickr.com\/3734\/10896126763_28d578b393.jpg\" alt=\"franco giannini\" width=\"332\" height=\"464\" \/><\/a>I media sono letteralmente invasi da video-pubblicit\u00e0 in cui <strong>Raffaele Fitto racconta la sua \u201cverit\u00e0\u201d sulla chiusura degli ospedali in Puglia e di Gioia<\/strong>.<\/p>\n<p style=\"margin-bottom: 0.0001pt; text-align: justify;\"><strong>A smentirlo<\/strong>, atti alla mano, <strong>il professor Franco Giannini<\/strong>, nel 2002 presidente del Consiglio. <strong>La sua \u00e8 una \u201cverit\u00e0\u201d comprovata<\/strong> dalle reali intenzioni dell\u2019allora governatore Fitto.<\/p>\n<p style=\"margin-bottom: 0.0001pt; text-align: justify;\">E\u2019 un atto dovuto anche ricordare che <strong>n\u00e9 Vendola n\u00e9 Emiliano hanno aiutato la nostra citt\u00e0<\/strong> a risollevare una sanit\u00e0 in forte decadenza, <strong>riducendo i gi\u00e0 pochi servizi che pur funzionavano grazie alla buona volont\u00e0 del <\/strong><strong>personale<\/strong>.<\/p>\n<p style=\"margin-bottom: 0.0001pt; text-align: center;\" align=\"center\">_____________<\/p>\n<p style=\"margin-bottom: 0.0001pt; text-align: justify;\">\u201c<strong>Il 19 agosto del 2002<\/strong> trascorrevo le ferie a 300 Km da Gioia e, dato il ruolo che rivestivo, quello di Presidente del Consiglio comunale, dell&#8217;Amministrazione Povia (al seondo mandato), mi sono sobbarcato 600 Km, per essere presente all\u2019incontro con il Presidente Fitto, incontro che avevo anche personalmente sollecitato.<\/p>\n<p style=\"margin-bottom: 0.0001pt; text-align: justify;\">In quella circostanza ho consegnato al Presidente Fitto la documentazione riguardante i positivi dati economico-gestionali dell\u2019Ospedale di Gioia, che mi aveva fornito il dott. Israele.<\/p>\n<p style=\"margin-bottom: 0.0001pt; text-align: justify;\"><strong>L\u2019on. Fitto non volle tenerne conto<\/strong> e afferm\u00f2 che il suo Piano non solo non prevedeva la chiusura dell\u2019Ospedale Paradiso, ma lo potenziava e che sarebbe tornato a Gioia entro novembre 2002 per dimostrare la veridicit\u00e0 di quelle affermazioni.<\/p>\n<p style=\"margin-bottom: 0.0001pt; text-align: justify;\">Ho avuto mandato dal Consiglio comunale di monitorare l\u2019applicazione del Piano di Riordino, per circa due mesi, ma l\u2019ho fatto per circa un anno, con i rappresentanti dei gruppi consiliari e delle organizzazioni sindacali. Al termine di ogni ispezione (una decina in tutto) ho redatto un verbale che, sottoscritto dagli intervenuti, ho inviato al Dir. Gen. AUSL\/BA 5 e all\u2019on. Fitto. <strong>A pi\u00f9 riprese ho invitato l\u2019on. Fitto a ve<\/strong><a href=\"https:\/\/ibb.co\/jZjM0Gj\"><img loading=\"lazy\" decoding=\"async\" style=\"margin: 5px; float: right;\" src=\"https:\/\/i.ibb.co\/M5JVwpJ\/2-ospedale-Paradiso.jpg\" alt=\"2-ospedale-Paradiso\" width=\"400\" height=\"301\" \/><\/a><strong>nire a Gioia<\/strong>, come da lui promesso, con lettere a lui indirizzate sia <strong>a fine 2002 sia nel 2003 (4 dicembre) che nel 2004 (17 f<\/strong><strong>ebbraio) perch\u00e9 rendesse conto alla Citt\u00e0<\/strong> del fatto che il suo Piano non era stato applicato (<strong>50 posti letto invece dei 107 programmati<\/strong>).<\/p>\n<p style=\"margin-bottom: 0.0001pt; text-align: justify;\">Ad aprile del 2003 inviavo al Dir. Gen. <strong>una lettera di protesta perch\u00e9 operava la disattivazione delle UU.OO. di Gioia senza procedere alla contestuale attivazione dei posti e UU.OO<\/strong>. previsti dal Piano.<\/p>\n<p style=\"margin-bottom: 0.0001pt; text-align: justify;\">Il Dir. Gen., dott. Monteduro, il 23 aprile 2003 rispondendo al sottoscritto, affermava: \u201c\u2026Non \u00e8 vero che da questa Azienda non \u00e8 stata garantita la contestualit\u00e0 tra la fase di dismissione e quella di attivazione dei nuovi reparti. E\u2019 stato mio preciso impegno, riportato negli atti e nelle disposizioni di servizio, che le fasi di trasferimento fossero contestuali, cos\u00ec come contestuali fossero l\u2019avvio dei lavori necessari per fare fronte alle esigenze delle UU.OO. da allocare\u2026. Anche sotto l\u2019aspetto medico assistenziale ho provveduto a dare precise disposizioni affinch\u00e9 il Direttore Medico del P.O. Putignano-Gioia del Colle-Noci prevedesse un\u2019adeguata dotazione organica\u2026\u201d.<\/p>\n<p style=\"margin-bottom: 0.0001pt; text-align: justify;\">In mancata attuazione del Piano richiedevo la presenza del Direttore Generale in Consiglio, riunione che si realizzava l\u20198 dicembre 2003, durante la quale segnalavo la <a href=\"https:\/\/ibb.co\/DR4tQBZ\"><img loading=\"lazy\" decoding=\"async\" style=\"margin: 5px; float: left;\" src=\"https:\/\/i.ibb.co\/qrBdpHv\/3-119486005-616596202355648-7171695753760942127-o.jpg\" alt=\"3-119486005-616596202355648-7171695753760942127-o\" width=\"400\" height=\"400\" \/><\/a>preoccupazione della Citt\u00e0 circa la non contestuale disattivazione\/attivazione delle UU.OO. e chiedevo lumi sull\u2019utilizzo dei 500.000 euro messi a disposizione dell\u2019Ospedale di Gioia dalla Giunta regionale in data 16 maggio 2003.<\/p>\n<p style=\"margin-bottom: 0.0001pt; text-align: justify;\"><strong>Nell\u2019ultima lettera del 17 febbraio 20<\/strong><strong>04 comunicavo all\u2019on. Fitto le mie dimissioni da Presidente del Consiglio <\/strong><strong>comunale di Gioia<\/strong>, come forte atto di protesta istituzionale nei suoi confronti per il perdurante silenzio dimostrato da lui non solo in occasione di incontro sulla discarica di Monte Rotondo, ma anche di analoga richiesta per fare il punto sul Piano di Riordino.<\/p>\n<p style=\"margin-bottom: 0.0001pt; text-align: justify;\"><strong>Tutti siamo stati traditi con la chiusur<\/strong><strong>a dell&#8217;Ospedale<\/strong>\u2026<\/p>\n<p style=\"margin-bottom: 0.0001pt; text-align: justify;\">Il 9 marzo scorso suggerivamo al Sindaco Mastrangelo e alla Direttrice del Distretto Socio-sanitario di Gioia di inviare al Direttore ASL\/BA e al Presidente della Regione una missiva per considerare l&#8217;opportunit\u00e0 di utilizzare la ex struttura ospedaliera Paradiso per curare pazienti affetti da coronavirus, atteso tutta una serie di situazioni favorevoli: struttura messa a norma e vuota in parte del primo e secondo piano, estensione territoriale del Comune e consistenza della popolazione, la baricentricit\u00e0 e notevole numero di arterie che ci collegano a Bar, Matera ed altre centri viciniori e, in particolare la presenza del 36\u00b0 Stormo Caccia con l&#8217;84\u00b0 SAR, Gruppo di Ricerca e salvataggio, che svolge egregiamente questo ruolo in gran parte dell&#8217;Italia, come confermato dagli interventi di queste ultime ore, con i suoi elicotteri. Il tutto \u00e8 stato avviato dopo il nulla osta dei competenti Organi sulla presenza di ambienti idonei e presenza di impianto di gas medicali.<a href=\"https:\/\/ibb.co\/yqjGjWB\"><img loading=\"lazy\" decoding=\"async\" style=\"margin: 5px; float: right;\" src=\"https:\/\/i.ibb.co\/hVzhzD1\/pronto-soccorso.jpg\" alt=\"pronto-soccorso\" width=\"400\" height=\"300\" \/><\/a><\/p>\n<p style=\"margin-bottom: 0.0001pt; text-align: justify;\"><strong>Gioia e la sanit\u00e0 gioiese, voglio ricordarlo <\/strong>a me stesso per primo, <strong>si trova oggi alle pezze<\/strong> <strong>perch\u00e9<\/strong> noi gioiesi spesso abbiamo visto nell&#8217;altro, quello che non stava dalla nostra parte politica, come un avversario, e <strong>non abbiamo unito le forze per un obiettivo che non ha colore politico: la tutela della salute nel nostro Comune<\/strong>, cos\u00ec come hanno fatto i Comuni a noi viciniori.<\/p>\n<p style=\"margin-bottom: 0.0001pt; text-align: justify;\">Facciamo proposte, suggerimenti e, se abbiamo referenti a livello regionale e sovraregionale, tempestiamoli e sollecitiamoli per il bene della nostra Citt\u00e0.<\/p>\n<p style=\"margin-bottom: 0.0001pt; text-align: justify;\">Vorrei solo ricordare un ultimo dato: <strong>Gioia ha una base NATO che \u00e8 una delle pi\u00f9 operative, essendo nell&#8217;area mediterranea<\/strong>, teatro di numerose guerre, e che garantisce la sicurezza nazionale e internazionale. Di contro chi garantisce la nostra salute in campo sanitario, se abbiamo solo degli spiccioli di ambulatori?<\/p>\n<p style=\"margin-bottom: 0.0001pt; text-align: justify;\"><strong>Non vorrei sbagliare, ma mi pare che Gioia sia l&#8217;unica base aerea militare<\/strong> <strong>che non abbia in loco non solo l&#8217;Ospedale, ma neppure un Pronto Soccorso<\/strong>.\u201d [<strong>Franco Giannini<\/strong>]<\/p>\n<p style=\"margin-bottom: 0.0001pt; text-align: justify;\">&nbsp;<\/p>\n<div style=\"margin-bottom: 0.0001pt; text-align: justify;\"><span><a href=\"politica\/2320-lospedale-chiude-ma-qla-citta-non-deve-permetterloq-.html\">L\u2019OSPEDALE CHIUDE, MA &#8220;LA CITTA\u2019 NON DEVE PERMETTERLO&#8221; <\/a><\/span><\/div>\n<div style=\"margin-bottom: 0.0001pt; text-align: justify;\"><span><a href=\"politica\/4904-ospedale-paradiso-prima-grana-da-risolvere-per-povia.html\">OSPEDALE PARADISO: PRIMA \u201cGRANA\u201d DA RISOLVERE PER POVIA<\/a><\/span><\/div>\n<div style=\"margin-bottom: 0.0001pt; text-align: justify;\"><span><a href=\"politica\/5136-povia-con-la-sua-apatia-affossa-lospedale-paradisoq.html\">POVIA \u201cCON LA SUA APATIA AFFOSSA L&#8217;OSPEDALE PARADISO&#8221;<\/a><\/span><\/div>\n<div style=\"margin-bottom: 0.0001pt; text-align: justify;\"><span><a href=\"politica\/10742-gioia-in-movimento-elezioni-chi-specula-sul-paradiso.html\">GIOIA IN MOVIMENTO: \u201cELEZIONI. CHI SPECULA SUL PARADISO?\u201d<\/a><\/span><\/div>\n<div style=\"margin-bottom: 0.0001pt; text-align: justify;\"><span><a href=\"politica\/12112-sanita-emiliano-pone-pietra-tombale-sul-futuro-del-paradiso.html\">EMILIANO PONE PIETRA TOMBALE SUL FUTURO DEL \u201cPARADISO\u201d<\/a><\/span><\/div>\n<p><iframe loading=\"lazy\" src=\"\/\/www.slideshare.net\/slideshow\/embed_code\/key\/2DcjWIiUxSWGqF\" marginwidth=\"0\" marginheight=\"0\" scrolling=\"no\" width=\"668\" height=\"714\" allowfullscreen=\"allowfullscreen\" style=\"border: 1px solid #CCC; border-width: 1px; margin-bottom: 5px; max-width: 100%;\"><\/iframe><\/p>\n","protected":false},"excerpt":{"rendered":"","protected":false},"author":1,"featured_media":0,"comment_status":"open","ping_status":"closed","sticky":false,"template":"","format":"standard","meta":{"colormag_page_container_layout":"default_layout","colormag_page_sidebar_layout":"default_layout","footnotes":""},"categories":[8],"tags":[],"class_list":["post-64337","post","type-post","status-publish","format-standard","hentry","category-cronaca"],"_links":{"self":[{"href":"https:\/\/archiviogioia.lavocedelpaese.info\/index.php?rest_route=\/wp\/v2\/posts\/64337","targetHints":{"allow":["GET"]}}],"collection":[{"href":"https:\/\/archiviogioia.lavocedelpaese.info\/index.php?rest_route=\/wp\/v2\/posts"}],"about":[{"href":"https:\/\/archiviogioia.lavocedelpaese.info\/index.php?rest_route=\/wp\/v2\/types\/post"}],"author":[{"embeddable":true,"href":"https:\/\/archiviogioia.lavocedelpaese.info\/index.php?rest_route=\/wp\/v2\/users\/1"}],"replies":[{"embeddable":true,"href":"https:\/\/archiviogioia.lavocedelpaese.info\/index.php?rest_route=%2Fwp%2Fv2%2Fcomments&post=64337"}],"version-history":[{"count":0,"href":"https:\/\/archiviogioia.lavocedelpaese.info\/index.php?rest_route=\/wp\/v2\/posts\/64337\/revisions"}],"wp:attachment":[{"href":"https:\/\/archiviogioia.lavocedelpaese.info\/index.php?rest_route=%2Fwp%2Fv2%2Fmedia&parent=64337"}],"wp:term":[{"taxonomy":"category","embeddable":true,"href":"https:\/\/archiviogioia.lavocedelpaese.info\/index.php?rest_route=%2Fwp%2Fv2%2Fcategories&post=64337"},{"taxonomy":"post_tag","embeddable":true,"href":"https:\/\/archiviogioia.lavocedelpaese.info\/index.php?rest_route=%2Fwp%2Fv2%2Ftags&post=64337"}],"curies":[{"name":"wp","href":"https:\/\/api.w.org\/{rel}","templated":true}]}}