{"id":64466,"date":"2020-10-17T14:40:52","date_gmt":"2020-10-17T14:40:52","guid":{"rendered":"https:\/\/archiviogioia.lavocedelpaese.info\/?p=64466"},"modified":"2020-10-17T14:40:52","modified_gmt":"2020-10-17T14:40:52","slug":"numeri-casi-positivi-al-covid-19-il-sindaco-dice-la-verita","status":"publish","type":"post","link":"https:\/\/archiviogioia.lavocedelpaese.info\/?p=64466","title":{"rendered":"Numeri casi positivi al COVID-19: il Sindaco dice la verit\u00e0?"},"content":{"rendered":"<p><a title=\"coronavirus\" href=\"https:\/\/www.flickr.com\/photos\/91470992@N02\/49850403118\/in\/photolist-2iX7m5W-2iWGDwT-2iVhryJ-2iUYvgP-2iUeBrE-2iTzWdQ-2iSxiep-2iSuWAU-2iSwweu-2iS6Src-2iRkXzB-2iSxdGd-2iNL2BX-2iNyYjQ-2iNAHbv-2iNb6x5-2iN9bHe-2iMV5tE-2iMBVsH-2iMvjbz-2iMi8yf-2iMapm4-2iMapj5-2iMeT8C-2iMaqpM-2iLVVkP-2iLXAxq-2iLAWAt-2iLvRip-2iLtx58-2iLqJXK-2iLqKFZ-2iDhSEK-2iDhVwr-2iCS1vm-2iCUH8h-2iCPomE-2iCFWeU-2iCFWcp-2iLhCfR-2iKRjKh-2iKMem8-2iKGS8f-2iKKBpz-2iKMekG-2iKMenv-2j3m1zD-2j3nxdb-2iKmkP8-2iJCyZv\" data-flickr-embed=\"true\"><img loading=\"lazy\" decoding=\"async\" style=\"display: block; margin-left: auto; margin-right: auto;\" src=\"https:\/\/live.staticflickr.com\/65535\/49850403118_257da501a0_z.jpg\" alt=\"coronavirus\" width=\"320\" height=\"240\" \/><\/a><\/p>\n<p><!--more--><\/p>\n<p style=\"text-align: justify;\"><strong><span>Esiste un probl<\/span><\/strong><a href=\"https:\/\/ibb.co\/FkvqHNx\"><img loading=\"lazy\" decoding=\"async\" style=\"margin: 5px; float: left;\" src=\"https:\/\/i.ibb.co\/HLvph1F\/Schermata-2020-10-17-alle-16-07-41.png\" alt=\"Schermata-2020-10-17-alle-16-07-41\" width=\"400\" height=\"222\" \/><\/a><strong><span>ema di fondo<\/span><\/strong><span>: le comunicazioni non sono univoche, n\u00e9 si possono derubricare a mero scambio di vedute talune affermazioni \u201cistituzionali\u201d. <\/span><\/p>\n<p style=\"text-align: justify;\"><span>Da una parte, <strong>una testata online ha pubblicato i dati del Bollettino epidemiologico regionale<\/strong> per il quale Gioia del Colle \u00e8 inserito tra i comuni in cui attualmente risultano positive dalle 11 alle 20 persone, unica fonte \u201cufficiale\u201d in assenza di comunicati provenienti dal Palazzo. Dall\u2019altro lato <strong>il Sindaco coglie l\u2019occasione per accusare chi ha redatto l\u2019articolo, che articolo non \u00e8<\/strong> bens\u00ec la pubblicazione di un comunicato regionale con dati ufficiali, e una breve riflessione, <strong>di aver diffuso una \u201cnotizia non corrispondente ai dati ufficiali\u201d<\/strong> polemizzando sul sito in questione che, a suo dire, non lo contatta prima di pubblicare articoli sui dati Covid creando un ingiustificato allarmismo.<\/span><\/p>\n<p style=\"text-align: justify;\"><strong><span>Ciascuno dovrebbe fare la sua parte nella guerra contro il Covid-19<\/span><\/strong><span> (e soprattutto c<\/span><span>ontro la paura che esso genera). Certamente <strong>un giornale \u00e8 tenuto a pubblicare i dati ufficiali, e quelli del bollettino regionale lo sono<\/strong>, fino a prova contraria. <strong>Il Sindaco<\/strong>, invece, piuttosto che pretendere di essere contattato prima di una pubblicazione (richiesta che sa tanto di censura preventiva), <strong>dovrebbe farsi promotore di una comunicazione libera<\/strong>, continuativa e soprattutto aperta a tutte e tutti. <strong>Non come ora, su prenotazione<\/strong>, insomma. Sfruttare poi la circostanza per l\u2019ennesimo attacco strumentale ad un giornale, in questa circostanza poi, \u00e8 <strong>davvero una caduta di stile<\/strong>. <\/span><\/p>\n<p style=\"text-align: justify;\"><span>Cos\u00ec come fare appello al \u201csenso civico\u201d di ciascuno, di fatto scrollandosi di dosso qualsiasi responsabilit\u00e0 politica per la mancanza di controlli, la disorganizzazione in alcuni momenti delicati come l\u2019entrata\/uscita dalle scuole, l\u2019impiego di soldi pubblici per eventi di dubbia efficacia, distogliendo magari quelle somme da altre emergenze, come quella sociale. <\/span><\/p>\n<p style=\"text-align: justify;\"><span>Infatti, l\u2019Amministrazione si autoincensa sull\u2019aver mantenuto invariata la spesa sociale per il prossimo anno, se confrontata a quella dell\u2019anno scorso, salvo non accorge<\/span><a href=\"https:\/\/ibb.co\/svXjVxw\"><img loading=\"lazy\" decoding=\"async\" style=\"margin: 5px; float: right;\" src=\"https:\/\/i.ibb.co\/QFx9KSN\/Bollettino-Covid-16102020-pdf-copia-1.jpg\" alt=\"Bollettino-Covid-16102020-pdf-copia-1\" width=\"400\" height=\"248\" \/><\/a><span>rsi che a differenza del 2018 o del 2019, quest\u2019anno vi \u00e8 stata una pandemia mondiale, che ha prodotto (e ancora produrr\u00e0) effetti sul piano economico\u2026 Ma questo \u00e8 un altro discorso\u2026.<\/span><\/p>\n<p style=\"text-align: justify;\"><strong><span>Resta il mistero dei dati difformi tra quelli pubblicati sul bollettino regionale e i numeri \u201cdati\u201d dal Sindaco, provenienti dalla Prefettura<\/span><\/strong><span>.<\/span><\/p>\n<p style=\"text-align: justify;\"><span>Ho interpellato il Sindaco di un altro comune e ho scoperto che i dati trasmessi dalla Prefettura (come quelli in possesso di Mastrangelo), riguardano i cittadini RESIDENTI nel territorio che amministrano. Vi sono per\u00f2 casi di positivit\u00e0 riscontrati in uno specifico territorio comunale che, pur non risiedendo nel Comune di riferimento, l\u00ec svolgono il periodo di isolamento fiduciario. La somma di entrambi i gruppi dovrebbe spiegare il numero riportato nel Bollettino epidemiologico regionale, maggiore dei dati in possesso del Sindaco.<\/span><\/p>\n<p style=\"text-align: justify;\"><strong><span>Piuttosto che puntarsi il dito contro<\/span><\/strong><span> per interessi evidentemente dell\u2019una o dell\u2019altra fazione politica, <strong>sarebbe meglio che ciascuno svolgesse al meglio il proprio compito<\/strong>, senza voler a tutti i costi &#8211; riprendendo una nota espressione del fondatore del partito di maggioranza di questa Amministrazione -, dimostrare \u201cchi l\u2019ha pi\u00f9 duro\u201d.<\/span><\/p>\n<p><a href=\"https:\/\/ibb.co\/FKp6jJ8\"><img loading=\"lazy\" decoding=\"async\" src=\"https:\/\/i.ibb.co\/kxZKW0q\/dpc-covid19-ita-scheda-regioni-latest-78.jpg\" alt=\"dpc-covid19-ita-scheda-regioni-latest-78\" width=\"670\" height=\"290\" \/><\/a><\/p>\n","protected":false},"excerpt":{"rendered":"","protected":false},"author":1,"featured_media":0,"comment_status":"open","ping_status":"closed","sticky":false,"template":"","format":"standard","meta":{"colormag_page_container_layout":"default_layout","colormag_page_sidebar_layout":"default_layout","footnotes":""},"categories":[8],"tags":[],"class_list":["post-64466","post","type-post","status-publish","format-standard","hentry","category-cronaca"],"_links":{"self":[{"href":"https:\/\/archiviogioia.lavocedelpaese.info\/index.php?rest_route=\/wp\/v2\/posts\/64466","targetHints":{"allow":["GET"]}}],"collection":[{"href":"https:\/\/archiviogioia.lavocedelpaese.info\/index.php?rest_route=\/wp\/v2\/posts"}],"about":[{"href":"https:\/\/archiviogioia.lavocedelpaese.info\/index.php?rest_route=\/wp\/v2\/types\/post"}],"author":[{"embeddable":true,"href":"https:\/\/archiviogioia.lavocedelpaese.info\/index.php?rest_route=\/wp\/v2\/users\/1"}],"replies":[{"embeddable":true,"href":"https:\/\/archiviogioia.lavocedelpaese.info\/index.php?rest_route=%2Fwp%2Fv2%2Fcomments&post=64466"}],"version-history":[{"count":0,"href":"https:\/\/archiviogioia.lavocedelpaese.info\/index.php?rest_route=\/wp\/v2\/posts\/64466\/revisions"}],"wp:attachment":[{"href":"https:\/\/archiviogioia.lavocedelpaese.info\/index.php?rest_route=%2Fwp%2Fv2%2Fmedia&parent=64466"}],"wp:term":[{"taxonomy":"category","embeddable":true,"href":"https:\/\/archiviogioia.lavocedelpaese.info\/index.php?rest_route=%2Fwp%2Fv2%2Fcategories&post=64466"},{"taxonomy":"post_tag","embeddable":true,"href":"https:\/\/archiviogioia.lavocedelpaese.info\/index.php?rest_route=%2Fwp%2Fv2%2Ftags&post=64466"}],"curies":[{"name":"wp","href":"https:\/\/api.w.org\/{rel}","templated":true}]}}