{"id":64479,"date":"2020-10-20T09:13:31","date_gmt":"2020-10-20T09:13:31","guid":{"rendered":"https:\/\/archiviogioia.lavocedelpaese.info\/?p=64479"},"modified":"2020-10-20T09:13:31","modified_gmt":"2020-10-20T09:13:31","slug":"fse-soppressa-la-storica-corsa-delle-635-viaggiatori-in-rivolta","status":"publish","type":"post","link":"https:\/\/archiviogioia.lavocedelpaese.info\/?p=64479","title":{"rendered":"FSE &#8211; Soppressa la storica \u201ccorsa\u201d delle 6.35. Viaggiatori in rivolta"},"content":{"rendered":"<p><a title=\"autobus pendolari fse\" href=\"https:\/\/www.flickr.com\/photos\/91470992@N02\/30069378390\/in\/photolist-F1dQQy-Cd2dpn-NgnvEB-NgnvL8-MP8qAs-MixFXz-MP8s97-MixJcp-N8LoVc-2g7qwhw-Ngnyna-2gBB1c1-MixHjT-NgnSn8-N6BBg7-Ndg5o5-N8M1mc-MP8tNE-FTn5tq-FPMZiK-FVEu7R-FvxqEU-F1p9fn-FMua4q-F3zTKN-FTnHHL-FPNfC2-F1dBBu-F1pMAp-FTnxBU-F1deNQ-F1dGrj-C5K9uP-CaC6kS-CaH3UQ-BDvnCi-Bfx65X-BfqFVJ-BDqzP2-C5JGPF-Bfqed5-C3m8du-BKNqEG-BfxW1c-FanyVS-BDrpeH-Bfr8R1-C5FLDR-BKP8Cy-Bfzsop\" data-flickr-embed=\"true\"><img loading=\"lazy\" decoding=\"async\" style=\"display: block; margin-left: auto; margin-right: auto;\" src=\"https:\/\/live.staticflickr.com\/5510\/30069378390_10f3535669_z.jpg\" alt=\"autobus pendolari fse\" width=\"320\" height=\"240\" \/><\/a><\/p>\n<p><!--more--><\/p>\n<p style=\"margin-bottom: 0.0001pt; text-align: justify;\"><a href=\"https:\/\/ibb.co\/LDKdmMs\"><img loading=\"lazy\" decoding=\"async\" style=\"margin: 5px; float: left;\" src=\"https:\/\/i.ibb.co\/vC94pbM\/122041936-661922984740953-8196214900750840319-n.jpg\" alt=\"122041936-661922984740953-8196214900750840319-n\" width=\"400\" height=\"300\" \/><\/a> E\u2019 notizia di questi giorni che la Sud Est abbia <strong>soppresso, senza alcun preavviso, la corsa delle ore 6.35 in partenza da Gioia<\/strong> per raggiungere, dopo aver fatto tappa a Casamassima, il capoluogo Bari.<\/p>\n<p style=\"margin-bottom: 0.0001pt; text-align: justify;\"><strong>I viaggiatori in rivolta minacciano ricorsi e denunce con richiesta di rimborso danni<\/strong> per i ritardi causati dal dover viaggiare su una corsa locale che passa da tutte le fermate di Sammichele, Casamassima e Capurso, <strong>causando un ritardo di minimo mezz\u2019ora<\/strong> e &#8211; con il traffico cittadino e quello all\u2019ingresso di via Amendola che cresce di minuto in minuto &#8211; <strong>anche di un\u2019ora intera per chi deve prendere gli autobus dell\u2019Amtab per raggiungere il luogo di lavoro<\/strong>.<\/p>\n<p style=\"margin-bottom: 0.0001pt; text-align: justify;\"><strong>A detta degli autisti<\/strong>, gli unici \u201creferenti\u201d e punti di riferimento per chi viaggia, <strong>la decisione pare dipenda dalla Regione Puglia e sia legata a motivi di economie aziendali<\/strong>.<\/p>\n<p style=\"margin-bottom: 0.0001pt; text-align: justify;\"><strong>I viaggiatori<\/strong><a href=\"https:\/\/ibb.co\/p3wr0y4\"><img loading=\"lazy\" decoding=\"async\" style=\"margin: 5px; float: right;\" src=\"https:\/\/i.ibb.co\/gD9FjVt\/122096320-345778183342624-8510950780765515065-n.jpg\" alt=\"122096320-345778183342624-8510950780765515065-n\" width=\"400\" height=\"300\" \/><\/a> hanno le idee chiare e <strong>sono<\/strong> davvero agguerriti<strong>, determinati ad arrivare fino in fondo<\/strong> e individuare i responsabili di questo disservizio.<\/p>\n<p style=\"margin-bottom: 0.0001pt; text-align: justify;\">Infatti <strong>da Casamassima alla stessa ora in cui l\u2019autobus soppresso giungeva da Gioia<\/strong> con a bordo una ventina di passeggeri per caricarne fino a 72 in periodo di distanziamento, numero non solo raggiunto ma anche abbondantemente superato da che le scuole si sono riaperte, <strong>partono altri quattro autobus, uno di questi &#8211; la corsa n.80 &#8211; semivuoto<\/strong>.<\/p>\n<p style=\"margin-bottom: 0.0001pt; text-align: justify;\"><strong>Perch\u00e9 quindi sopprimere la corsa n.15 che invece era presa d\u2019assalto<\/strong> alle due fermate obbligate di Casamassima, <strong>tanto da costringere alcuni passeggeri saliti a Gioia a scendere<\/strong> per poi risalire su uno degli autobus meno affollati?<\/p>\n<p style=\"margin-bottom: 0.0001pt; text-align: justify;\">Quel che davvero \u00e8 inspiegabile \u00e8 <strong>perch\u00e9 non si investa parte delle tante risorse stanziate per l\u2019emergen<\/strong><a href=\"https:\/\/ibb.co\/0sszQZY\"><img loading=\"lazy\" decoding=\"async\" style=\"margin: 5px; float: left;\" src=\"https:\/\/i.ibb.co\/2ZZp5Pc\/29734617883-183b72a909-z.jpg\" alt=\"29734617883-183b72a909-z\" width=\"400\" height=\"300\" \/><\/a><strong>za covid<\/strong> non solo per far viaggiare in sicurezza i lavoratori, ma anche <strong>per aumentare le corse, cos\u00ec come fatto in pieno lockdown<\/strong>.<\/p>\n<p style=\"margin-bottom: 0.0001pt; text-align: justify;\"><strong>Per coloro che hanno necessit\u00e0 di raggiungere il posto di lavoro<\/strong> nel capoluogo pugliese <strong>non ci sono altre \u201cscelte\u201d<\/strong>.<\/p>\n<p style=\"margin-bottom: 0.0001pt; text-align: justify;\"><strong>Le prime corse delle 6.05 <\/strong><strong>impiegano oltre un\u2019ora ed obbligano a cambi di autobus<\/strong> ad Adelfia e Valenzano, l\u2019alternativa &#8211; ovvero <strong>prendere il treno<\/strong> -, oltre ad essere molto pi\u00f9 onerosa, <strong>\u00e8 meno comoda per chi utilizza le canoniche fermate cittadine<\/strong>.<\/p>\n<p style=\"margin-bottom: 0.0001pt; text-align: justify;\"><strong>I responsabili delle RFI e l\u2019assessore regionale ai Trasporti si tengano pronti<\/strong>: <strong>le lettere dei legali<\/strong> con l\u2019accusa di aver creato disservizi, danni morali e psicologici e richieste di rimborsi per il danno economico subito<strong> sono gi\u00e0 pronte<\/strong> <strong>e non \u00e8 da escludersi<\/strong> che unendo le proteste anche di chi utilizza altre tratte, non si giunga ad <strong>una class action<\/strong>.<\/p>\n<p>&nbsp;<\/p>\n","protected":false},"excerpt":{"rendered":"","protected":false},"author":1,"featured_media":0,"comment_status":"open","ping_status":"closed","sticky":false,"template":"","format":"standard","meta":{"colormag_page_container_layout":"default_layout","colormag_page_sidebar_layout":"default_layout","footnotes":""},"categories":[8],"tags":[],"class_list":["post-64479","post","type-post","status-publish","format-standard","hentry","category-cronaca"],"_links":{"self":[{"href":"https:\/\/archiviogioia.lavocedelpaese.info\/index.php?rest_route=\/wp\/v2\/posts\/64479","targetHints":{"allow":["GET"]}}],"collection":[{"href":"https:\/\/archiviogioia.lavocedelpaese.info\/index.php?rest_route=\/wp\/v2\/posts"}],"about":[{"href":"https:\/\/archiviogioia.lavocedelpaese.info\/index.php?rest_route=\/wp\/v2\/types\/post"}],"author":[{"embeddable":true,"href":"https:\/\/archiviogioia.lavocedelpaese.info\/index.php?rest_route=\/wp\/v2\/users\/1"}],"replies":[{"embeddable":true,"href":"https:\/\/archiviogioia.lavocedelpaese.info\/index.php?rest_route=%2Fwp%2Fv2%2Fcomments&post=64479"}],"version-history":[{"count":0,"href":"https:\/\/archiviogioia.lavocedelpaese.info\/index.php?rest_route=\/wp\/v2\/posts\/64479\/revisions"}],"wp:attachment":[{"href":"https:\/\/archiviogioia.lavocedelpaese.info\/index.php?rest_route=%2Fwp%2Fv2%2Fmedia&parent=64479"}],"wp:term":[{"taxonomy":"category","embeddable":true,"href":"https:\/\/archiviogioia.lavocedelpaese.info\/index.php?rest_route=%2Fwp%2Fv2%2Fcategories&post=64479"},{"taxonomy":"post_tag","embeddable":true,"href":"https:\/\/archiviogioia.lavocedelpaese.info\/index.php?rest_route=%2Fwp%2Fv2%2Ftags&post=64479"}],"curies":[{"name":"wp","href":"https:\/\/api.w.org\/{rel}","templated":true}]}}