{"id":64615,"date":"2020-11-15T15:04:34","date_gmt":"2020-11-15T15:04:34","guid":{"rendered":"https:\/\/archiviogioia.lavocedelpaese.info\/?p=64615"},"modified":"2020-11-15T15:04:34","modified_gmt":"2020-11-15T15:04:34","slug":"rosario-milano-lascia-la-bottega-per-costituire-un-gruppo-autonomo","status":"publish","type":"post","link":"https:\/\/archiviogioia.lavocedelpaese.info\/?p=64615","title":{"rendered":"Rosario Milano lascia la Bottega per costituire un gruppo autonomo"},"content":{"rendered":"<p><a href=\"https:\/\/ibb.co\/1MPBQM1\"><img loading=\"lazy\" decoding=\"async\" style=\"display: block; margin-left: auto; margin-right: auto;\" src=\"https:\/\/i.ibb.co\/C6Y486g\/Milano-Rosario.jpg\" alt=\"Milano-Rosario\" width=\"320\" height=\"240\" \/><\/a><\/p>\n<p><!--more--><\/p>\n<p style=\"margin-bottom: 0.0001pt; text-align: justify;\"><a href=\"https:\/\/ibb.co\/g9pS8Y8\"><img loading=\"lazy\" decoding=\"async\" style=\"margin: 5px; float: left;\" src=\"https:\/\/i.ibb.co\/c3H69q9\/Rosario-Milano.jpg\" alt=\"Rosario-Milano\" width=\"400\" height=\"499\" \/><\/a> I<strong>l 9 novembre scorso il consigliere Rosario Milano ha comunicato<\/strong> al Direttivo della Bottega <strong>la decisione di lasciare il gruppo e costituirne uno autonomo<\/strong>. Una scelta motivata dal non sentirsi pi\u00f9 parte di un progetto in un contesto che al momento non si apre ad orizzonti pi\u00f9 ampi, a dibattiti stimolanti e ad allargamenti della coalizione, come prospettato durante le elezioni.<\/p>\n<p style=\"margin-bottom: 0.0001pt; text-align: justify;\">Con una riflessione condivisibilissima sulla situazione attuale e sul contributo che la politica \u00e8 tenuta a dare per far fronte ai danni causati dallo tsunami del covid-19, premessa doverosa anche per meglio chiarire le motivazioni della decisione di certo sofferta, Milano ha introdotto la sua decisione ed annunciato la nascita di un gruppo autonomo <strong>nel quale andr\u00e0 a collocarsi all\u2019interno del Consiglio<\/strong>.<\/p>\n<p style=\"margin-bottom: 0.0001pt; text-align: justify;\">\u201c<strong>Nel pieno del ritorno alle misure anti-covid pi\u00f9 dure &#8211; dichiara Rosario Milano<\/strong> -, in questo momento cos\u00ec difficile per la nostra comunit\u00e0, per le attivit\u00e0 del nostro paese, per i lavoratori che rischiano di nuovo di rimanere a casa, <strong>voglio fare qualche riflessione<\/strong> che riguarda noi, la nostra citt\u00e0, il nostro lavoro nel Consiglio Comunale e la nostra attivit\u00e0 politica pi\u00f9 in generale.\u201d<\/p>\n<p style=\"margin-bottom: 0.0001pt; text-align: justify;\">\u201cCredo innanzitutto che tutte le decisioni che si stanno prendendo per prevenire i contagi e salvaguardare in questo modo la salute di tutti, siano necessarie. Sono convinto che in questo periodo cos\u00ec delicato, la salute delle persone pi\u00f9 a rischio vada tutelata, e questo passa inevitabilmente per la necessit\u00e0 di ridurre il numero di contagi e quindi i contatti fra le persone.<\/p>\n<p style=\"margin-bottom: 0.0001pt; text-align: justify;\">Credo anche per\u00f2 che questo non vada fatto, ancora una volta, senza tener conto che le misure introdotte colpiranno maggiormente le persone pi\u00f9 deboli sul piano della sicurezza del lavoro, di chi un lavoro non ce l\u2019ha e, durante la pandemia, non ha modo di cercarsene uno, le piccole attivit\u00e0 che non hanno la possibilit\u00e0 di adattarsi rapidamente ai limiti imposti dai recenti DPCM.\u201d<\/p>\n<p style=\"margin-bottom: 0.0001pt; text-align: justify;\">\u201cSolo a titolo d\u2019esempio, ricordiamoci che durante il lockdown della scorsa primavera chiudere le attivit\u00e0 ha significato che molte persone si sono affidate, per gli acquisti di ogni genere, a multinazionali come Amazon, che hanno visto ovviamente crescere a dismisura i propri profitti. <strong>Nessuna misura \u00e8 stata adottata allora per prevenire questo processo<\/strong> ed evitare una cos\u00ec grande concentrazione di ricchezze nelle mani di pochi, e nessuna misura del genere \u00e8 presente nell\u2019agenda del nostro governo all\u2019alba di questa seconda ondata.\u201d<\/p>\n<p style=\"margin-bottom: 0.0001pt; text-align: justify;\">\u201c<strong>Nessuna garanzia viene data ai lavoratori precari<\/strong>, quelli che hanno contratti di lavoro talvolta pi\u00f9 brevi della durata delle misure anti-covid, agli operatori della cultura e dello spettacolo che molto spesso vivono sulla base di contratti stagionali che sono andati inevitabilmente persi.\u201d<\/p>\n<p style=\"margin-bottom: 0.0001pt; text-align: justify;\">\u201c<strong>Dobbiamo impegnarci invece a farlo<\/strong>, a formulare proposte che senza negare l\u2019esistenza del virus o rifiutare le misure di prevenzione, riescano a leggere i problemi che questo lungo periodo di immobilit\u00e0 porter\u00e0 nelle vite delle persone. Dobbiamo farlo guardando al breve, al medio e al lungo periodo, quando l\u2019emergenza sar\u00e0 passata e non vorremo trovarci a ricominciare la nostra normalit\u00e0 fra le macerie.\u201d<\/p>\n<p style=\"margin-bottom: 0.0001pt; text-align: justify;\">\u201cPotrebbe sembrare un ragionamento un po\u2019 astratto, che non spetta a noi, ma anche nelle piccole comunit\u00e0 quale quella del nostro paese, <strong>e quindi per mezzo del nostro Consiglio Comunale<\/strong>, tanti piccoli passi possono essere compiuti in questa direzione, chiedendo che restino in piedi e anzi che vengano potenziate le strutture di sostegno al lavoro, i servizi ad o<a title=\"consiglio comunale\" href=\"https:\/\/www.flickr.com\/photos\/91470992@N02\/49946434367\/in\/photolist-2jakhJ4-2j8SFDg-2j6z25c-2jap5iZ-2j6AvD5-2j6AwQ8-2jap4Gt-2iXc9s5-2iWqEAy-2iWaYnp-2iKXLDZ-2iKTrdo-2iDWbyi-2iE1nGm-2iDYVHD-2iDYVGB-2iE1nGb-2iCuAWt-2iyNEau-2iw3fPy-2iw71aE-2iw5Qdw-2incYRu-2inbQit-2ijAQpw-2iiXmeb-2i35FWj-2i3zcE7-2i3v8uc-2hPBmgq-2inwAtF-2invoYY-2invssM-2invAH4-2in9iRN-2in9iWY-2incYVh-2i3vKHz-2i3zd6T-2i3zcKx-2i3vKSC-2i3z9ZY-2hVTbPz-2hVUgTB-2hVQH9F-2hVTdpP-2hPpmw4-2hJubDr-2hH6wkN-2hqiPja\/\" data-flickr-embed=\"true\"><img loading=\"lazy\" decoding=\"async\" style=\"margin: 5px; float: right;\" src=\"https:\/\/live.staticflickr.com\/65535\/49946434367_102d63d29c_z.jpg\" alt=\"consiglio comunale\" width=\"400\" height=\"225\" \/><\/a>gni livello, che il welfare cittadino diventi la priorit\u00e0 dei prossimi mesi. <strong>Questa \u00e8 una sfida che riguarda la ricostruzione della credibilit\u00e0 delle organizzazioni politiche e della classe politica<\/strong>.\u201d<\/p>\n<p style=\"margin-bottom: 0.0001pt; text-align: justify;\">\u201c<strong>\u00c8 necessario<\/strong> &#8211; prosegue &#8211; <strong>costruire nuovi strumenti della politica, che tornino a coinvolgere le persone<\/strong>, a metterle insieme e a farle discutere. Abbiamo bisogno di nuovi spazi di dibattito politico che riescano a leggere le grandi questioni dentro la societ\u00e0 e i conflitti che la attraversano, come le troppe, enormi, insostenibili differenze fra i pochi troppo ricchi e i tanti troppo poveri, e la grande, improcrastinabile, questione ambientale.<\/p>\n<p style=\"margin-bottom: 0.0001pt; text-align: justify;\"><strong>\u00c8 dentro questa necessit\u00e0<\/strong>, dentro la voglia di ricominciare davvero a costruire un nuovo spazio della politica <strong>che ho preso una decisione che<\/strong> riguarda il nostro lavoro in Consiglio comunale e <strong>che mi auguro possa segnare la partenza di questo progetto<\/strong>.\u201d<\/p>\n<p style=\"margin-bottom: 0.0001pt; text-align: justify;\">\u201cLascer\u00f2 il gruppo consigliare della Bottega e ne costituir\u00f2 uno autonomo. Sono convinto che questa scelta sia necessaria perch\u00e9 da troppo tempo non riesco pi\u00f9 a sentirmi parte di qualunque progetto. Del resto, la prospettiva di costruire un gruppo politico allargato rispetto alle singole specificit\u00e0 \u00e8 rimasta inattuata, la coalizione nata durante le elezioni non \u00e8 mai esistita.\u201d<\/p>\n<p style=\"margin-bottom: 0.0001pt; text-align: justify;\">\u201cLe specificit\u00e0 hanno dominato il discorso pubblico a detrimento della unione di intenti. <strong>Non \u00e8 mai stato possibile costruire un dibattito all\u2019interno del gruppo e, men che meno, farlo con orizzonti ampi e sguardo pi\u00f9 lungo del prossimo consiglio comunale o della prossima scadenza elettorale<\/strong>.\u201d<\/p>\n<p style=\"margin-bottom: 0.0001pt; text-align: justify;\">\u201cNon voglio tuttavia che questa scelta rimanga dentro il terreno della rottura. Spero invece che rappresenti uno stimolo ed un&#8217;opportunit\u00e0 da una parte per quanti e quante hanno intrapreso questo percorso con me e vogliano continuare a lavorare per migliorare il nostro paese, dall&#8217;altra per i soggetti politici dell&#8217;opposizione che vogliano raccogliere la sfida di un radicale cambio di rotta, che ci riporti ad essere efficaci nell&#8217;azione politica e nella costruzione di una comunit\u00e0 pi\u00f9 larga della sinistra gioiese.\u201d<\/p>\n<p style=\"margin-bottom: 0.0001pt; text-align: justify;\">\u201c<strong>Questo progetto<\/strong> \u2013 conclude -, che si concretizzer\u00e0 nell\u2019istituzione del nuovo gruppo consiliare, <strong>raccoglie gi\u00e0 la partecipazione di tutti coloro che hanno contribuito al mio lavoro nel Consiglio Comunale<\/strong>, associazioni, partiti e singoli con cui in questi mesi abbiamo costruito le basi delle nostre battaglie politiche, con cui abbiamo fatto emergere i problemi dell\u2019ambiente, della qualit\u00e0 dell\u2019aria che respiriamo tutti i giorni, quelli con cui abbiamo cominciato ad analizzare tutti i paradossi legati al tema della riscossione dei tributi a Gioia, con cui abbiamo discusso di edilizia e piano regolatore. <strong>In un anno abbiamo posto le fondamenta di un ragionamento politico complessivo sul nostro paese, ma non \u00e8 che l\u2019inizio<\/strong>.<\/p>\n<p style=\"margin-bottom: 0.0001pt; text-align: justify;\"><strong>Ci impegneremo a dare seguito concretamente a queste parole<\/strong>, convocando, quando i tempi lo consentiranno, un appuntamento pubblico e un momento di partecipazione e attivazione <strong>per capire insieme<\/strong>, volta per volta, <strong>quale sia la strada migliore da percorrere<\/strong>.\u201d<\/p>\n<p>&nbsp;<\/p>\n","protected":false},"excerpt":{"rendered":"","protected":false},"author":1,"featured_media":0,"comment_status":"open","ping_status":"closed","sticky":false,"template":"","format":"standard","meta":{"colormag_page_container_layout":"default_layout","colormag_page_sidebar_layout":"default_layout","footnotes":""},"categories":[4],"tags":[],"class_list":["post-64615","post","type-post","status-publish","format-standard","hentry","category-politica"],"_links":{"self":[{"href":"https:\/\/archiviogioia.lavocedelpaese.info\/index.php?rest_route=\/wp\/v2\/posts\/64615","targetHints":{"allow":["GET"]}}],"collection":[{"href":"https:\/\/archiviogioia.lavocedelpaese.info\/index.php?rest_route=\/wp\/v2\/posts"}],"about":[{"href":"https:\/\/archiviogioia.lavocedelpaese.info\/index.php?rest_route=\/wp\/v2\/types\/post"}],"author":[{"embeddable":true,"href":"https:\/\/archiviogioia.lavocedelpaese.info\/index.php?rest_route=\/wp\/v2\/users\/1"}],"replies":[{"embeddable":true,"href":"https:\/\/archiviogioia.lavocedelpaese.info\/index.php?rest_route=%2Fwp%2Fv2%2Fcomments&post=64615"}],"version-history":[{"count":0,"href":"https:\/\/archiviogioia.lavocedelpaese.info\/index.php?rest_route=\/wp\/v2\/posts\/64615\/revisions"}],"wp:attachment":[{"href":"https:\/\/archiviogioia.lavocedelpaese.info\/index.php?rest_route=%2Fwp%2Fv2%2Fmedia&parent=64615"}],"wp:term":[{"taxonomy":"category","embeddable":true,"href":"https:\/\/archiviogioia.lavocedelpaese.info\/index.php?rest_route=%2Fwp%2Fv2%2Fcategories&post=64615"},{"taxonomy":"post_tag","embeddable":true,"href":"https:\/\/archiviogioia.lavocedelpaese.info\/index.php?rest_route=%2Fwp%2Fv2%2Ftags&post=64615"}],"curies":[{"name":"wp","href":"https:\/\/api.w.org\/{rel}","templated":true}]}}