{"id":64723,"date":"2020-12-03T07:35:40","date_gmt":"2020-12-03T07:35:40","guid":{"rendered":"https:\/\/archiviogioia.lavocedelpaese.info\/?p=64723"},"modified":"2020-12-03T07:35:40","modified_gmt":"2020-12-03T07:35:40","slug":"festa-bv-maria-della-medaglia-miracolosa-preludio-davvento-2","status":"publish","type":"post","link":"https:\/\/archiviogioia.lavocedelpaese.info\/?p=64723","title":{"rendered":"Festa B.V. Maria della Medaglia Miracolosa preludio d\u2019Avvento"},"content":{"rendered":"<p><a href=\"https:\/\/ibb.co\/nCV8BWc\"><img loading=\"lazy\" decoding=\"async\" style=\"display: block; margin-left: auto; margin-right: auto;\" src=\"https:\/\/i.ibb.co\/JQbFqh7\/foto-6.jpg\" alt=\"foto-6\" width=\"320\" height=\"240\" \/><\/a><\/p>\n<p><!--more--><\/p>\n<p style=\"text-align: justify;\"><a href=\"https:\/\/ibb.co\/NxccnGn\"><img loading=\"lazy\" decoding=\"async\" style=\"margin: 5px; float: left;\" src=\"https:\/\/i.ibb.co\/K6TTz8z\/foto-8.jpg\" alt=\"foto-8\" width=\"400\" height=\"225\" \/><\/a> <span>\u201cSi \u00e8 conclusa anche quest&#8217;anno nella piccola chiesa di San Domenico la festa in onore della Beata Vergine della Medaglia Miracolosa. Un anno particolare il 2020 che impone una serie di accortezze e limitazioni ai fedeli ma &#8220;ci\u00f2 nonostante &#8211; dice il <strong>Priore<\/strong>, <strong>Francesco Tuseo-Ferrer<\/strong> &#8211; la chiesa di San Domenico si \u00e8 sempre riempita per quelli che sono i posti disponibili&#8221;. Nel ripercorrere il messaggio e la missione che Maria ha affidato alla Chiesa i devoti hanno mostrato il loro convinto legame alla Vergine, &#8221; la devozione verso la Madonna della Medaglia Miracolosa &#8211; continua Tuseo-Ferrer &#8211; \u00e8 sempre stato molto forte da parte dei gioiesi.&nbsp; Da qui la notevole richiesta di medaglie da parte della gente delle pi\u00f9 svariate fasce di et\u00e0 anche nei giorni successivi a<\/span><a href=\"https:\/\/ibb.co\/S37snz2\"><img loading=\"lazy\" decoding=\"async\" style=\"margin: 5px; float: right;\" src=\"https:\/\/i.ibb.co\/yQBfyrD\/foto-1.jpg\" alt=\"foto-1\" width=\"400\" height=\"225\" \/><\/a><span>lla festa (distribuzione che continua ancora, ndr)&#8221;. E, nel 190\u00b0 anniversario delle apparizioni della Vergine Maria a Santa Caterina Labour\u00e9, la Confraternita ha scelto di affidare le predicazioni del Triduo e la Santa Messa Solenne del giorno della festa a <strong>Don Francesco Ferrante<\/strong>. &#8220;Le parole e l&#8217;entusiasmo del giovane cappellano militare del 36\u00b0 Stormo \u2013 chiude Tuseo &#8211; hanno illuminato e ravvivato la fede nei cuori dei fedeli accorsi alle Celebrazioni, con un approfondimento ben spiegato sul reale valore spirituale che ciascuno di noi deve dare alla Medaglia Miracolosa. Festivit\u00e0 che siamo riusciti a portare in casa, grazie alla disponibilit\u00e0 dell\u2019emittente locale \u201cTeleMajg\u201d e gli scatti preziosi di <strong>Mario Di Giuseppe<\/strong>\u201d.<\/span><a href=\"https:\/\/ibb.co\/g4CZFkH\"><img loading=\"lazy\" decoding=\"async\" style=\"margin: 5px; float: left;\" src=\"https:\/\/i.ibb.co\/RjWT4RZ\/foto-4.jpg\" alt=\"foto-4\" width=\"400\" height=\"225\" \/><\/a><\/p>\n<p style=\"text-align: justify;\"><span>Ma la festa della Madonna della Medaglia Miracolosa&nbsp;\u00e8 per la Confraternita del Santissimo Rosario quasi una ouverture del tempo di carit\u00e0, del tempo di solid<\/span><span>ariet\u00e0 e comunione che anima il Natale.<\/span><\/p>\n<p style=\"text-align: justify;\"><span>Con questo spirito il Priore della rettoria fa sapere che \u00e8 in corso l&#8217;iniziativa, &#8220;Avvento di carit\u00e0&#8221; ovvero una raccolta alimentare di generi di prima necessit\u00e0 che verranno affidati all&#8217; Emporio Solidale &#8220;Cana&#8221; gestito dal Centro di Ascolto cittadino.<\/span><\/p>\n<p style=\"text-align: justify;\"><span>Ed infine, come da tradizione, anche a Natale 2020 la chiesa di San Domenico potr\u00e0 vantare il presepe realizzato ed allestito dallo scultore <strong>Mario Vacca<\/strong> che mostrer\u00e0 una nuova opera (scolpita su manufatti di silicalcite) per mezzo della quale l&#8217;artista ha ancora una volta dato sfoggio di tutta la sua bravura e passione per l&#8217;arte scultorea\u201d. <\/span><\/p>\n<p style=\"text-align: right;\" align=\"right\"><strong><span>Confraternita SS. Rosario <\/span><\/strong><\/p>\n<p><a href=\"https:\/\/ibb.co\/zsrdp4c\"><img loading=\"lazy\" decoding=\"async\" src=\"https:\/\/i.ibb.co\/y0X2tQT\/131-DSC08644.jpg\" alt=\"131-DSC08644\" width=\"670\" height=\"377\" \/><\/a><\/p>\n","protected":false},"excerpt":{"rendered":"","protected":false},"author":1,"featured_media":0,"comment_status":"open","ping_status":"closed","sticky":false,"template":"","format":"standard","meta":{"colormag_page_container_layout":"default_layout","colormag_page_sidebar_layout":"default_layout","footnotes":""},"categories":[7],"tags":[],"class_list":["post-64723","post","type-post","status-publish","format-standard","hentry","category-attualita"],"_links":{"self":[{"href":"https:\/\/archiviogioia.lavocedelpaese.info\/index.php?rest_route=\/wp\/v2\/posts\/64723","targetHints":{"allow":["GET"]}}],"collection":[{"href":"https:\/\/archiviogioia.lavocedelpaese.info\/index.php?rest_route=\/wp\/v2\/posts"}],"about":[{"href":"https:\/\/archiviogioia.lavocedelpaese.info\/index.php?rest_route=\/wp\/v2\/types\/post"}],"author":[{"embeddable":true,"href":"https:\/\/archiviogioia.lavocedelpaese.info\/index.php?rest_route=\/wp\/v2\/users\/1"}],"replies":[{"embeddable":true,"href":"https:\/\/archiviogioia.lavocedelpaese.info\/index.php?rest_route=%2Fwp%2Fv2%2Fcomments&post=64723"}],"version-history":[{"count":0,"href":"https:\/\/archiviogioia.lavocedelpaese.info\/index.php?rest_route=\/wp\/v2\/posts\/64723\/revisions"}],"wp:attachment":[{"href":"https:\/\/archiviogioia.lavocedelpaese.info\/index.php?rest_route=%2Fwp%2Fv2%2Fmedia&parent=64723"}],"wp:term":[{"taxonomy":"category","embeddable":true,"href":"https:\/\/archiviogioia.lavocedelpaese.info\/index.php?rest_route=%2Fwp%2Fv2%2Fcategories&post=64723"},{"taxonomy":"post_tag","embeddable":true,"href":"https:\/\/archiviogioia.lavocedelpaese.info\/index.php?rest_route=%2Fwp%2Fv2%2Ftags&post=64723"}],"curies":[{"name":"wp","href":"https:\/\/api.w.org\/{rel}","templated":true}]}}