{"id":64744,"date":"2020-12-06T16:09:59","date_gmt":"2020-12-06T16:09:59","guid":{"rendered":"https:\/\/archiviogioia.lavocedelpaese.info\/?p=64744"},"modified":"2020-12-06T16:09:59","modified_gmt":"2020-12-06T16:09:59","slug":"meteo-nuova-settimana-lunedi-e-immacolata-compromessi-2","status":"publish","type":"post","link":"https:\/\/archiviogioia.lavocedelpaese.info\/?p=64744","title":{"rendered":"Meteo. \u201cNuova settimana, luned\u00ec e Immacolata compromessi\u201d"},"content":{"rendered":"<p><a href=\"https:\/\/ibb.co\/2jvfvDf\"><img loading=\"lazy\" decoding=\"async\" style=\"display: block; margin-left: auto; margin-right: auto;\" src=\"https:\/\/i.ibb.co\/qRNPNtP\/nuova-settimana-61220.webp\" alt=\"nuova-settimana-61220\" width=\"320\" height=\"240\" \/><\/a><\/p>\n<p><!--more--><\/p>\n<p style=\"text-align: justify;\"><a href=\"https:\/\/ibb.co\/N9tSzxd\"><img loading=\"lazy\" decoding=\"async\" style=\"margin: 5px; float: left;\" src=\"https:\/\/i.ibb.co\/St5rpN4\/image.webp\" alt=\"image\" width=\"400\" height=\"400\" \/><\/a> \u201cNon accenna ad attenuarsi questa lunga fase di <strong>maltempo<\/strong> che avvolge molte regioni d&#8217;Italia. Anche la nuova <strong>settimana<\/strong> infatti sembra destinata a trascorrere all&#8217;insegna della costante instabilit\u00e0 atmosferica. Gi\u00e0 da <strong>l<span>uned\u00ec<\/span><\/strong> e nel giorno dell&#8217;<strong>Immacolata<\/strong> il meteo sar\u00e0 spesso perturbato ed in seguito ci penser\u00e0 un nuovo ciclone a dispensare altre piogge e altra neve sull&#8217;Italia. Ma andiamo con ordine e vediamo cosa ci riserva la <strong>previsione completa.<\/strong><\/p>\n<p style=\"text-align: justify;\">Come detto, gi\u00e0 da <strong>luned\u00ec 7 <\/strong>faremo i conti con un contesto meteo assai instabile per la presenza di una circolazione ciclonica. Partendo dal <strong>Nord<\/strong> il tempo peggiore lo troveremo soprattutto sui rilievi alpini e prealpini, sul Friuli Venezia Giulia e sulla Liguria di centro-levante con <strong>piogge<\/strong> e locali <strong>temporali<\/strong>. Continuer\u00e0 a cadere la <strong>neve<\/strong> sulle Alpi anche a bassa quota. Precipitazioni sparse sono poi attese sulla <strong>Sardegna<\/strong> e su tutti i settori tirrenici con fenomeni che tenderanno ad intensificarsi verso sera.<\/p>\n<p style=\"text-align: justify;\">Sar\u00e0 il preludio ad un nuovo peggioramento atteso per <strong>Marted\u00ec<\/strong> <strong>8<\/strong> giorno dell&#8217;<strong>Immacolata <\/strong>quando gran parte del Paese continuer\u00e0 ad essere avvolta da una reiterata circolazione depressionaria. Torneranno dunque forti precipitazioni ad appannaggio delle regioni del <strong>Nordest<\/strong> e di tutto il <strong>Centro<\/strong> Italia. Un po&#8217; meglio invece andranno le cose al <strong>Sud<\/strong> dove il quadro meteorologico andr\u00e0 per\u00f2 pegg<a href=\"https:\/\/ibb.co\/Z1ZBgsx\"><img decoding=\"async\" style=\"margin: 5px; float: right;\" src=\"https:\/\/i.ibb.co\/rfWxpPH\/italyprec-p.webp\" alt=\"italyprec-p\" \/><\/a>iorando verso la sera.<\/p>\n<p style=\"text-align: justify;\"><strong>Mercoled\u00ec 9<\/strong> sar\u00e0 anch&#8217;essa una giornata caratterizzata da un&#8217;atmosfera agitata praticamente per tutto il Paese con <strong>piogge<\/strong> sparse e ancora <strong>temporali<\/strong> in particolare sul lato tirrenico. Ma ci sar\u00e0 occasione ancora per la <strong>neve<\/strong> sui rilievi alpini mediamente sopra i <strong>500-600m<\/strong> e sugli Appennini a 1200m.<\/p>\n<p style=\"text-align: justify;\"><strong>Gioved\u00ec 10<\/strong> il vortice ciclonico si sposter\u00e0 finalmente verso levante. Il meteo sar\u00e0 un po&#8217; meno disturbato al Nord mentre rimarr\u00e0 pi\u00f9 cupo e piovoso al Centro-Sud in attesa di un <strong>nuovo vortice<\/strong> di bassa pressione atteso per <strong>Venerd\u00ec<\/strong> <strong>11<\/strong> quando verranno coinvolte soprattutto le regioni centro-meridionali e pi\u00f9 marginalmente il Nord ma in particolare nella giornata successiva di <strong>Sabato 12<\/strong>.<\/p>\n<p style=\"text-align: justify;\">Se tutto verr\u00e0 confermato uno spiraglio ad un ritorno alla stabilit\u00e0 atmosferica si inizier\u00e0 ad intravedere tra <strong>Domenica 13 e Luned\u00ec 14<\/strong> quando l&#8217;alta pressione prover\u00e0 un primo timido tentativo di avvicinamento all&#8217;Italia. Ma su tale ipotesi sar\u00e0 assolutamente necessario attendere ulteriori aggiornamenti\u201d. [ilmeteo]<\/p>\n","protected":false},"excerpt":{"rendered":"","protected":false},"author":1,"featured_media":0,"comment_status":"open","ping_status":"closed","sticky":false,"template":"","format":"standard","meta":{"colormag_page_container_layout":"default_layout","colormag_page_sidebar_layout":"default_layout","footnotes":""},"categories":[8],"tags":[],"class_list":["post-64744","post","type-post","status-publish","format-standard","hentry","category-cronaca"],"_links":{"self":[{"href":"https:\/\/archiviogioia.lavocedelpaese.info\/index.php?rest_route=\/wp\/v2\/posts\/64744","targetHints":{"allow":["GET"]}}],"collection":[{"href":"https:\/\/archiviogioia.lavocedelpaese.info\/index.php?rest_route=\/wp\/v2\/posts"}],"about":[{"href":"https:\/\/archiviogioia.lavocedelpaese.info\/index.php?rest_route=\/wp\/v2\/types\/post"}],"author":[{"embeddable":true,"href":"https:\/\/archiviogioia.lavocedelpaese.info\/index.php?rest_route=\/wp\/v2\/users\/1"}],"replies":[{"embeddable":true,"href":"https:\/\/archiviogioia.lavocedelpaese.info\/index.php?rest_route=%2Fwp%2Fv2%2Fcomments&post=64744"}],"version-history":[{"count":0,"href":"https:\/\/archiviogioia.lavocedelpaese.info\/index.php?rest_route=\/wp\/v2\/posts\/64744\/revisions"}],"wp:attachment":[{"href":"https:\/\/archiviogioia.lavocedelpaese.info\/index.php?rest_route=%2Fwp%2Fv2%2Fmedia&parent=64744"}],"wp:term":[{"taxonomy":"category","embeddable":true,"href":"https:\/\/archiviogioia.lavocedelpaese.info\/index.php?rest_route=%2Fwp%2Fv2%2Fcategories&post=64744"},{"taxonomy":"post_tag","embeddable":true,"href":"https:\/\/archiviogioia.lavocedelpaese.info\/index.php?rest_route=%2Fwp%2Fv2%2Ftags&post=64744"}],"curies":[{"name":"wp","href":"https:\/\/api.w.org\/{rel}","templated":true}]}}