{"id":6475,"date":"2010-12-11T09:52:27","date_gmt":"2010-12-11T09:52:27","guid":{"rendered":"https:\/\/archiviogioia.lavocedelpaese.info\/?p=6475"},"modified":"2010-12-11T09:52:27","modified_gmt":"2010-12-11T09:52:27","slug":"statua-san-filippo-non-abbiamo-chiesto-la-rimozione","status":"publish","type":"post","link":"https:\/\/archiviogioia.lavocedelpaese.info\/?p=6475","title":{"rendered":"STATUA SAN FILIPPO: \u201cMAI CHIESTO LA SUA RIMOZIONE\u201d"},"content":{"rendered":"<p><img loading=\"lazy\" decoding=\"async\" class=\" size-full wp-image-6110\" alt=\"statua-inaugurazione-pp\" src=\"https:\/\/archiviogioia.lavocedelpaese.info\/wp-content\/uploads\/2010\/11\/statua-inaugurazione-pp.jpg\" width=\"320\" height=\"150\" srcset=\"https:\/\/archiviogioia.lavocedelpaese.info\/wp-content\/uploads\/2010\/11\/statua-inaugurazione-pp.jpg 640w, https:\/\/archiviogioia.lavocedelpaese.info\/wp-content\/uploads\/2010\/11\/statua-inaugurazione-pp-300x141.jpg 300w\" sizes=\"auto, (max-width: 320px) 100vw, 320px\" \/> <\/p>\n<p><!--more--><\/p>\n<div style=\"text-align: justify;\"><\/div>\n<p style=\"text-align: justify;\"><strong>E\u2019 perven<\/strong><img loading=\"lazy\" decoding=\"async\" class=\" alignleft size-full wp-image-6471\" style=\"margin: 4px; float: left;\" alt=\"statua-san-filippo-inaugura\" src=\"https:\/\/archiviogioia.lavocedelpaese.info\/wp-content\/uploads\/2010\/12\/statua-san-filippo-inaugura.jpg\" width=\"150\" height=\"225\" srcset=\"https:\/\/archiviogioia.lavocedelpaese.info\/wp-content\/uploads\/2010\/12\/statua-san-filippo-inaugura.jpg 283w, https:\/\/archiviogioia.lavocedelpaese.info\/wp-content\/uploads\/2010\/12\/statua-san-filippo-inaugura-200x300.jpg 200w\" sizes=\"auto, (max-width: 150px) 100vw, 150px\" \/><strong>uta in redazione una lettera, a firma del Segretario Cittadino del Partito Democratico<\/strong> sede di Gioia del Colle, <strong>Enzo Cuscito<\/strong>, <strong>in cui spiega le reali motivazioni<\/strong> che hanno spinto i dirigenti locali a sottoscrivere e presentare un <strong>esposto-denuncia al Capo dello Stato<\/strong>.<\/p>\n<div style=\"text-align: justify;\"><\/div>\n<p style=\"text-align: justify;\"><strong>Una lettera resasi necessaria<\/strong>, a suo dire, <strong>per dirimere le perplessit\u00e0 e la preoccupazione di chi sta raccogliendo le firme \u201cin difesa della Statua di San Filippo<\/strong>, facendo finta di non sapere che gli effetti dell\u2019esposto saranno quelli di <strong>accertare eventuali violazioni di leggi amministrative<\/strong>, senza per nulla intaccare il monumento, che rimarr\u00e0 al suo posto perch\u00e9 non ne abbiamo chiesto la rimozione\u201d.<strong><img loading=\"lazy\" decoding=\"async\" class=\" alignright size-full wp-image-6473\" style=\"margin: 4px; float: right;\" alt=\"statua-san-filippo-dissiden\" src=\"https:\/\/archiviogioia.lavocedelpaese.info\/wp-content\/uploads\/2010\/12\/statua-san-filippo-dissiden.jpg\" width=\"220\" height=\"146\" srcset=\"https:\/\/archiviogioia.lavocedelpaese.info\/wp-content\/uploads\/2010\/12\/statua-san-filippo-dissiden.jpg 425w, https:\/\/archiviogioia.lavocedelpaese.info\/wp-content\/uploads\/2010\/12\/statua-san-filippo-dissiden-300x200.jpg 300w\" sizes=\"auto, (max-width: 220px) 100vw, 220px\" \/><\/strong><\/p>\n<p style=\"text-align: justify;\"><strong>Una statua, fatta erigere questa estate dal sindaco Piero Longo <\/strong>(<a href=\"%28http:\/\/www.gioianet.it\/politica\/1682-statua-san-filippo-cronaca-dellinaugurazione-le-foto-.html?fontstyle=f-smaller%29\">http:\/\/www.gioianet.it\/politica\/1682-statua-san-filippo-cronaca-dellinaugurazione-le-foto-.html?fontstyle=f-smaller<\/a>), <strong>che<\/strong>, lo ricorderanno tutti, <strong>ha creato u<\/strong><strong>n mare di polemiche<\/strong>, al punto da varcare i confini comunali per approdare su giornali e rotocalchi nazionali, oltre che su numerosi siti Internet.<\/p>\n<p style=\"text-align: justify;\">Statua che dopo appena quattro mesi denota evidenti segni di deterioramento, non \u00e8 dato saper se dovuti alle intemperie, alla presenza della fontana, all&#8217;incuria o ad un materiale utilizzato non &#8220;appropriato&#8221; (<a href=\"politica\/2070-la-statua-di-san-filippo-e-diventata-verde-dalla-rabbia.html\">http:\/\/www.gioianet.it\/politica\/2070-la-statua-di-san-filippo-e-diventata-verde-dalla-rabbia.html<\/a>).<\/p>\n<div style=\"text-align: justify;\"><\/div>\n<p style=\"text-align: justify;\"><strong>Di seguito provvediamo a pubblicare il testo integrale della missiva inviataci<\/strong>.<\/p>\n<div style=\"text-align: justify;\"><\/div>\n<p style=\"text-align: justify;\">&#8212;&#8212;&#8212;&#8212;&#8212;&#8212;&#8212;&#8212;&#8212;&#8212;&#8212;&#8212;&#8212;&#8212;&#8212;&#8212;&#8212;&#8212;&#8212;&#8212;&#8212;-<\/p>\n<div style=\"text-align: justify;\"><\/div>\n<p style=\"text-align: justify;\">Caris<strong><img loading=\"lazy\" decoding=\"async\" class=\" alignleft size-full wp-image-2423\" style=\"margin: 4px; float: left;\" alt=\"enzo-cuscito\" src=\"https:\/\/archiviogioia.lavocedelpaese.info\/wp-content\/uploads\/2010\/06\/enzo-cuscito.jpg\" width=\"130\" height=\"152\" srcset=\"https:\/\/archiviogioia.lavocedelpaese.info\/wp-content\/uploads\/2010\/06\/enzo-cuscito.jpg 355w, https:\/\/archiviogioia.lavocedelpaese.info\/wp-content\/uploads\/2010\/06\/enzo-cuscito-256x300.jpg 256w\" sizes=\"auto, (max-width: 130px) 100vw, 130px\" \/><\/strong>sima Redazione,<\/p>\n<p style=\"text-align: justify;\">\u00e8 notizia nota che in questi giorni il Partito Democratico di Gioia ha inviato al Capo dello Stato un esposto per denunciare le gravi irregolarit\u00e0 compiute nella progettazione e costruzione del monumento dedicato al nostro Santo Patrono San Filippo Neri. Un esposto che denunciava, come gi\u00e0 espresso nel nostro comunicato, \u201cla bufala dell\u2019utilizzo delle economie rivenienti dalla rinuncia del sindaco al suo compenso, costruita ad arte per ingannare i cittadini, l\u2019utilizzo di notizie non vere (quale l\u2019affidamento dell\u2019incarico ad un soggetto IVA inesistente), l\u2019affidamento di lavori ad una Ditta un mese dopo la loro esecuzione\u201d nonch\u00e9 le innumerevoli illegittimit\u00e0 emerse nel suo iter procedurale. La reazione del Sindaco \u00e8 stata, attraverso la stampa, nascondersi (per cavalcarla nuovamente) dietro la questione della \u201claicit\u00e0\u201d, del suo \u201camore\u201d verso San Filippo e dell\u2019odio della sinistra verso i Santi e la religione.<\/p>\n<div style=\"text-align: justify;\"><\/div>\n<p style=\"text-align: justify;\">Sar\u00e0 strano, ma da Longo non mi aspettavo qualcosa di diverso. Invece di controbattere sulle minuziose e dettagliate denuncie stilate nell\u2019esposto, frutto del lavoro di un grande esperto di Amministrazione come il Prof. Vito Mastrovito, Longo ha, come \u00e8 suo solito quando \u00e8 nel torto, ripreso a recitare la parte dell\u2019uomo della provvidenza. Si \u00e8 inventato persino una raccolta firme in difesa della Statua di San Filippo, facendo finta di non sapere che gli effetti dell\u2019esposto saranno quelli di accertare eventuali violazioni di leggi amministrative, senza per nulla intaccare il monumento, che rimarr\u00e0 al suo posto <span style=\"text-decoration: underline;\">perch\u00e9 non ne abbiamo chiesto la rimozione. <\/span><\/p>\n<div style=\"text-align: justify;\"><\/div>\n<p style=\"text-align: justify;\">Ma la chiave per comprendere questa ossessionate mistificazione del sacro che Longo porta avanti dal giorno in cui \u00e8 salito al Palazzo, \u00e8 nel falso ideologico denunciato nell\u2019esposto dove, il Sindaco, in un atto pubblico (una Delibera di Giunta, la 77\/2010) afferma che \u201cil costo dell\u2019intervento sar\u00e0 finanziato dalla somma rinveniente dalla mancata elargizione dell\u2019indennit\u00e0 di carica a cui il Sindaco Pietro Longo ha rinunciato a seguito della nomina a Presidente del Consiglio Provinciale di Bari\u201d. In parole povere, Longo afferma che la Statua sar\u00e0 costruita con soldi suoi. Quelli del compenso a cui ha rinunciato accettando la carica provinciale. Un\u2019affermazione falsa, ammessa da lui stesso in un recente Consiglio Comunale, in quanto \u00e8 la legge a vietare il cumulo di compensi per pi\u00f9 cariche elettive e quindi quell\u2019elargizione a cui ha, obtorto collo, rinunciato (immaginate se non vi fosse la legge del cumulo dei compensi. Davvero credete che Longo avrebbe messo mano al portafogli, mese dopo mese, per costruire la statua?) non era pi\u00f9 sua dal 2009 e quindi non ne poteva pi\u00f9 disporre.<span style=\"text-decoration: underline;\"> Il denaro utilizzato per costruire la statua, insomma, \u00e8 dei gioiesi e non del Sindaco Longo.<\/span><\/p>\n<div style=\"text-align: justify;\"><\/div>\n<p style=\"text-align: justify;\">Una precisazione non da poco. Con quell\u2019affermazione, in sostanza, Longo ha svelato l\u2019inganno. <span style=\"text-decoration: underline;\">Il vero, autentico, protagonista della vicenda non doveva essere san Filippo, ma lui soltanto<\/span>. Quello che in tanti, ancora, non hanno compreso o fanno finta di non capire, \u00e8 l\u2019uso della religiosit\u00e0 che Piero Longo ha messo in atto da pi\u00f9 di due anni. Un uso che un credente non pu\u00f2 pi\u00f9 tollerare. Quei comizi tenuti in Chiesa, durante le processioni, le \u201cconfessioni\u201d di fede in pompa magna, l\u2019erezione di una statua ad un Santo con tanto di falsa testimonianza e atti illegittimi, sono la comprova che i Santi e la fede c\u2019entrano ben poco. Il Santo diviene allora un mezzo, non un fine.<\/p>\n<div style=\"text-align: justify;\"><\/div>\n<p style=\"text-align: justify;\">Non so che cosa San Filippo abbia pensato osservando dall\u2019alto quanto accaduto attorno al suo nome in questa piccola frazione d\u2019Italia. Ho la sensazione per\u00f2 che i suoi occhi siano stati intenti a ben altro che alle statue, ai comizi elettorali in suo nome, ai fuochi d\u2019artificio, alle sonate di banda o agli esposti del PD. Il mondo (e anche la nostra citt\u00e0) porta nel grembo problemi e ferite ben pi\u00f9 laceranti, intrise di miseria, violenze, malattie, dolore. La santit\u00e0 \u00e8 cosa seria. E noi spesso rischiamo di irriderla, di violentarla, di farne strumento in balia delle nostre manie di onnipotenza.<\/p>\n<div style=\"text-align: justify;\"><\/div>\n<p style=\"text-align: justify;\">Il credente in politica deve essere sobrio, discreto. Orgoglioso della sua fede, certo, ma senza tramutarla in arma del consenso, senza manipolarla in nome del potere. E, soprattutto, incarnando poi nella vita la propria fede, rispettando le leggi e la verit\u00e0, agendo con disinteresse in favore dei pi\u00f9 deboli e non del pi\u00f9 forte.<\/p>\n<div style=\"text-align: justify;\"><\/div>\n<p style=\"text-align: justify;\">L\u2019esposto al Capo dello Stato, cara Redazione, non nasce dalla contesa sulla \u201claicit\u00e0\u201d , per giunta virt\u00f9 anche del credente impegnato politicamente, ma dalle insopportabili e palesi illegittimit\u00e0 procedurali, l\u2019abuso di potere di alcuni dirigenti nella gestione del denaro pubblico, l\u2019opaca trasparenza nell\u2019appalto affidato, il falso in atto pubblico dichiarato proprio da chi in pubblico riempie di santit\u00e0 la sua bocca. Al posto di San Filippo poteva esserci, come ha scritto qualcuno, anche una statua eretta a Giordano Bruno. Ma <span style=\"text-decoration: underline;\">la Legge \u00e8 Legge e va rispettata.<\/span><\/p>\n<div style=\"text-align: justify;\"><\/div>\n<p style=\"text-align: justify;\">A chi sar\u00e0 impegnato a raccogliere le firme in difesa del monumento consiglio di non lasciarsi strumentalizzare da sirene inveritiere. Non solo la statua rimarr\u00e0 al suo posto. Non solo il Santo degli Oratori non c\u2019entra nulla con <st1:personname productid=\"la questione. Ma\" w:st=\"on\">la questione. Ma<\/st1:personname> quell\u2019esposto servir\u00e0 ad accertare eventuali violazioni di legge, l\u2019abuso di potere, l\u2019uso spregiudicato del denaro pubblico nella gestione degli appalti. Mi auguro che anche il solerte raccoglitore di firme tenga al rispetto della legge. Perch\u00e9 <span style=\"text-decoration: underline;\">la legalit\u00e0 non \u00e8 mai \u201cinopportuna\u201d. <\/span><\/p>\n<div style=\"text-align: justify;\"><\/div>\n<p style=\"text-align: justify;\">Concludo con una precisazione alle reiterate minacce che, da buon cristiano, il Sindaco mi fa pervenire, in diverso modo, da alcuni mesi: recarsi dal Vescovo! Gi\u00e0, perch\u00e9 il sottoscritto \u00e8 docente di Religione e come non lasciarsi perdere l\u2019ennesimo uso strumentale del sacro recandosi dal Vescovo per protestare contro il sottoscritto? Per ottenere che cosa? La mia rimozione da docente di Religione? E perch\u00e9 poi? Per aver violato quale comandamento? Forse per aver denunciato pi\u00f9 volte l\u2019arroganza di questo potere? O per un esposto che denuncia il mancato rispetto delle leggi? Il Sindaco si rechi pure dal Vescovo. Avr\u00e0 piena accoglienza, ascolto e giuste risposte, perch\u00e9<span style=\"text-decoration: underline;\"> monsignor Cacucci \u00e8 persona colta e di fede profonda. <\/span><\/p>\n<div style=\"text-align: justify;\"><\/div>\n<p style=\"text-align: justify;\">Si ricordi, infine, signor Sindaco, che la fede autentica non teme l\u2019arroganza del potere. Giovanni Battista ci rimise la testa per aver denunciato re Erode. Ges\u00f9 fin\u00ec in croce per aver sfidato un potere corrotto e falso. Quando si \u00e8 sulla strada della verit\u00e0 le minacce dovrebbero addirittura compiacere, perch\u00e9 sono il segnale che si \u00e8 sulla strada giusta. Quindi vada avanti con le intimidazioni e non si intimidisca. Noi due, infatti, se davvero ci riteniamo credenti, dobbiamo temere ben altri processi che quelli umani. In questo, mi auguro, la storia di San Filippo Neri dovrebbe averle insegnato qualcosa.<\/p>\n<div style=\"text-align: justify;\"><\/div>\n<p style=\"text-align: right;\"><strong>Enzo Cuscito<\/strong> &#8211; Segretario Cittadino Partito Democratico<\/p>\n","protected":false},"excerpt":{"rendered":"","protected":false},"author":1,"featured_media":6110,"comment_status":"open","ping_status":"closed","sticky":false,"template":"","format":"standard","meta":{"colormag_page_container_layout":"default_layout","colormag_page_sidebar_layout":"default_layout","footnotes":""},"categories":[4],"tags":[],"class_list":["post-6475","post","type-post","status-publish","format-standard","has-post-thumbnail","hentry","category-politica"],"_links":{"self":[{"href":"https:\/\/archiviogioia.lavocedelpaese.info\/index.php?rest_route=\/wp\/v2\/posts\/6475","targetHints":{"allow":["GET"]}}],"collection":[{"href":"https:\/\/archiviogioia.lavocedelpaese.info\/index.php?rest_route=\/wp\/v2\/posts"}],"about":[{"href":"https:\/\/archiviogioia.lavocedelpaese.info\/index.php?rest_route=\/wp\/v2\/types\/post"}],"author":[{"embeddable":true,"href":"https:\/\/archiviogioia.lavocedelpaese.info\/index.php?rest_route=\/wp\/v2\/users\/1"}],"replies":[{"embeddable":true,"href":"https:\/\/archiviogioia.lavocedelpaese.info\/index.php?rest_route=%2Fwp%2Fv2%2Fcomments&post=6475"}],"version-history":[{"count":0,"href":"https:\/\/archiviogioia.lavocedelpaese.info\/index.php?rest_route=\/wp\/v2\/posts\/6475\/revisions"}],"wp:featuredmedia":[{"embeddable":true,"href":"https:\/\/archiviogioia.lavocedelpaese.info\/index.php?rest_route=\/wp\/v2\/media\/6110"}],"wp:attachment":[{"href":"https:\/\/archiviogioia.lavocedelpaese.info\/index.php?rest_route=%2Fwp%2Fv2%2Fmedia&parent=6475"}],"wp:term":[{"taxonomy":"category","embeddable":true,"href":"https:\/\/archiviogioia.lavocedelpaese.info\/index.php?rest_route=%2Fwp%2Fv2%2Fcategories&post=6475"},{"taxonomy":"post_tag","embeddable":true,"href":"https:\/\/archiviogioia.lavocedelpaese.info\/index.php?rest_route=%2Fwp%2Fv2%2Ftags&post=6475"}],"curies":[{"name":"wp","href":"https:\/\/api.w.org\/{rel}","templated":true}]}}