{"id":64753,"date":"2020-12-09T07:45:20","date_gmt":"2020-12-09T07:45:20","guid":{"rendered":"https:\/\/archiviogioia.lavocedelpaese.info\/?p=64753"},"modified":"2020-12-09T07:45:20","modified_gmt":"2020-12-09T07:45:20","slug":"chiesa-immacolata-celebrazione-insediamento-don-francesco","status":"publish","type":"post","link":"https:\/\/archiviogioia.lavocedelpaese.info\/?p=64753","title":{"rendered":"Chiesa Immacolata. Celebrazione insediamento Don Francesco"},"content":{"rendered":"<p><img loading=\"lazy\" decoding=\"async\" style=\"display: block; margin-left: auto; margin-right: auto;\" src=\"https:\/\/i.ibb.co\/41cH07V\/don-Francesco-Micunco.jpg\" alt=\"don-Francesco-Micunco\" width=\"320\" height=\"240\" \/><\/p>\n<p><!--more--><\/p>\n<p style=\"margin-bottom: 0.0001pt; text-align: justify;\"><a href=\"https:\/\/ibb.co\/c2HVj9b\"><img loading=\"lazy\" decoding=\"async\" style=\"margin: 5px; float: left;\" src=\"https:\/\/i.ibb.co\/KVkSJgN\/Immacolata-1.jpg\" alt=\"Immacolata-1\" width=\"350\" height=\"263\" \/><\/a><strong><span>\u201cOggi<\/span><\/strong><span> mercoled\u00ec 9 dicembre alle ore 19.00 tutta la comunit\u00e0 della Parrocchia della Madonna Immacolata di Lourdes accoglier\u00e0 il nuovo parroco <strong>Don Francesco Micunco<\/strong> nella <strong>celebrazione di insediamento<\/strong> presieduta dall\u2019Arcivescovo <\/span><strong><span>Mons. Giuseppe Satriano<\/span><\/strong><span>.<\/span><\/p>\n<p style=\"margin-bottom: 0.0001pt; text-align: justify;\"><span>Affidiamo alla Madre celeste Don Francesco e la parrocchia\u201d. <\/span><\/p>\n<p style=\"margin-bottom: 0.0001pt; text-align: justify;\" align=\"left\"><span>La santa messa sar\u00e0 trasmessa anche in diretta streaming a partire dalle 18:45&nbsp;<span>su questa pagina<\/span> <a href=\"https:\/\/www.facebook.com\/Parrocchia-Immacolata-Gioia-del-Colle-109316560512029\">https:\/\/www.facebook.com\/Parrocchia-Immacolata-Gioia-del-Colle-109316560512029.<\/a><br \/><\/span><\/p>\n<p>&nbsp;<\/p>\n","protected":false},"excerpt":{"rendered":"","protected":false},"author":1,"featured_media":0,"comment_status":"open","ping_status":"closed","sticky":false,"template":"","format":"standard","meta":{"colormag_page_container_layout":"default_layout","colormag_page_sidebar_layout":"default_layout","footnotes":""},"categories":[7],"tags":[],"class_list":["post-64753","post","type-post","status-publish","format-standard","hentry","category-attualita"],"_links":{"self":[{"href":"https:\/\/archiviogioia.lavocedelpaese.info\/index.php?rest_route=\/wp\/v2\/posts\/64753","targetHints":{"allow":["GET"]}}],"collection":[{"href":"https:\/\/archiviogioia.lavocedelpaese.info\/index.php?rest_route=\/wp\/v2\/posts"}],"about":[{"href":"https:\/\/archiviogioia.lavocedelpaese.info\/index.php?rest_route=\/wp\/v2\/types\/post"}],"author":[{"embeddable":true,"href":"https:\/\/archiviogioia.lavocedelpaese.info\/index.php?rest_route=\/wp\/v2\/users\/1"}],"replies":[{"embeddable":true,"href":"https:\/\/archiviogioia.lavocedelpaese.info\/index.php?rest_route=%2Fwp%2Fv2%2Fcomments&post=64753"}],"version-history":[{"count":0,"href":"https:\/\/archiviogioia.lavocedelpaese.info\/index.php?rest_route=\/wp\/v2\/posts\/64753\/revisions"}],"wp:attachment":[{"href":"https:\/\/archiviogioia.lavocedelpaese.info\/index.php?rest_route=%2Fwp%2Fv2%2Fmedia&parent=64753"}],"wp:term":[{"taxonomy":"category","embeddable":true,"href":"https:\/\/archiviogioia.lavocedelpaese.info\/index.php?rest_route=%2Fwp%2Fv2%2Fcategories&post=64753"},{"taxonomy":"post_tag","embeddable":true,"href":"https:\/\/archiviogioia.lavocedelpaese.info\/index.php?rest_route=%2Fwp%2Fv2%2Ftags&post=64753"}],"curies":[{"name":"wp","href":"https:\/\/api.w.org\/{rel}","templated":true}]}}