{"id":64810,"date":"2020-12-19T08:35:24","date_gmt":"2020-12-19T08:35:24","guid":{"rendered":"https:\/\/archiviogioia.lavocedelpaese.info\/?p=64810"},"modified":"2020-12-19T08:35:24","modified_gmt":"2020-12-19T08:35:24","slug":"natale-2020-delle-festivita-diverseper-scelta-2","status":"publish","type":"post","link":"https:\/\/archiviogioia.lavocedelpaese.info\/?p=64810","title":{"rendered":"NATALE 2020. DELLE FESTIVIT\u00c1 DIVERSE&#8230;PER SCELTA"},"content":{"rendered":"<p><a href=\"https:\/\/ibb.co\/6XnPBg1\"><img loading=\"lazy\" decoding=\"async\" style=\"display: block; margin-left: auto; margin-right: auto;\" src=\"https:\/\/i.ibb.co\/sWmwHy6\/sfera-albero.jpg\" alt=\"sfera-albero\" width=\"320\" height=\"240\" \/><\/a><\/p>\n<p><!--more--><\/p>\n<p style=\"text-align: justify;\"><a href=\"https:\/\/ibb.co\/jvmtHmJ\"><img loading=\"lazy\" decoding=\"async\" style=\"margin: 5px; float: left;\" src=\"https:\/\/i.ibb.co\/PZKktKD\/Sostenibilit-ambientale-e-sociale.jpg\" alt=\"Sostenibilit-ambientale-e-sociale\" width=\"400\" height=\"259\" \/><\/a>Natale e la fine del 2020 si avvicinano e non vi \u00e8 dubbio che quelle di quest\u2019anno saranno delle festivit\u00e0 diverse dal solito.<\/p>\n<p style=\"text-align: justify;\">Se molte consuetudini dovranno necessariamente essere riviste, resta salva la tendenza, tipica di questo periodo, a riflettere sull\u2019anno che ci si accinge a lasciarsi alle spalle, provando al contempo a tirarne le somme tanto a livello personale, quanto a livello globale.<\/p>\n<p style=\"text-align: justify;\">Le considerazioni che \u00e8 possibile fare rispetto a questo <i>annus memorabilis<\/i> sono innumerevoli, complesse, in molti casi contrastanti e inevitabilmente diverse per ognuno di noi.<\/p>\n<p style=\"text-align: justify;\">Nella miriade di opinioni, teorie e punti di vista che potrebbero emergere da una tale analisi, due dati risulterebbero difficilmente confutabili e contestabili: <i>in primis<\/i>, il fatto che la pandemia ha indubbiamente stravolto le nostre esistenze, molte delle quali cambiandole definitivamente; e in secondo luogo, il fatto che la stessa che ci ha messo di fronte alla necessit\u00e0 e all\u2019urgenza di rivedere il nostro rapporto con il Pianeta e con le altre specie viventi.<\/p>\n<p style=\"text-align: justify;\">Queste due constatazioni, solo apparentemente indipendenti l\u2019una dall\u2019altra, sono di fatto intrinsecamente e sostanzialmente interconnesse in un rapporto di causa ed effetto.<\/p>\n<p style=\"text-align: justify;\">Pi\u00f9 continueremo ad ignorare la necessit\u00e0 di un cambiamento radicale delle modalit\u00e0 con cui <a href=\"https:\/\/ibb.co\/2kPpKkj\"><img loading=\"lazy\" decoding=\"async\" style=\"margin: 5px; float: right;\" src=\"https:\/\/i.ibb.co\/MCpJNCR\/pacchetti-con-fogli-di-giornale2.jpg\" alt=\"pacchetti-con-fogli-di-giornale2\" width=\"400\" height=\"500\" \/><\/a>ci relazioniamo alla Natura, (sia su scala globale, che a livello individuale) tanto pi\u00fa frequentemente ci ritroveremo di fronte ad eventi in grado di sconvolgere drammaticamente le nostre vite: pandemie, eventi climatici estremi, disastri ambientali.<\/p>\n<p style=\"text-align: justify;\">Anche quando alcune catastrofi conservano proporzioni locali, i loro effetti si riverberano su scala planetaria, influenzando e modificando la quotidianit\u00e0 di noi individui molto pi\u00f9 di quanto spesso si riesca a cogliere.<\/p>\n<p style=\"text-align: justify;\">In un mondo globalizzato siamo tutti profondamente connessi e non solo virtualmente.<\/p>\n<p style=\"text-align: justify;\">Quello che accade a migliaia di chilometri di distanza da noi, in un atollo del Pacifico o in una foresta equatoriale ci riguarda, in realt\u00e0, molto da vicino e poco importa che si viva in una grande metropoli, in un villaggio sperduto o in una cittadina come la nostra. Questo accade per una ragione tanto semplice, quanto purtroppo ancora poco compresa (o volutamente ignorata) dai pi\u00f9: ossia il fatto che <strong>le questioni ambientali hanno, inevitabilmente, un risvolto su altri settori da sempre erroneamente ritenuti pi\u00f9 importanti, quali l\u2019economia, la sicurezza, il lavoro, la salute\u2026<\/strong><\/p>\n<p style=\"text-align: justify;\"><strong>L\u2019ambiente tuttavia, non solo non \u00e8 un settore tra gli altri, ma costituisce la cornice stessa all\u2019interno della quale ogni altra dinamica connessa alla vita trova espressione; <\/strong>\u00e8 lo scacchiere sul quale si gioca la partita di ogni esistenza.<\/p>\n<p style=\"text-align: justify;\"><strong>Fenomeni migratori, conflitti per l\u2019accaparramento delle risorse, emergenze sanitarie, crack finanziari e crisi economiche sono tutte vicende collegate, in un modo o nell\u2019altro, alla gestione dell\u2019ambiente.<\/strong><\/p>\n<p style=\"text-align: justify;\">Dinanzi a dinamiche che sembrano oltremodo complesse e immensamente pi\u00f9 grandi dei singoli, gli individui in realt\u00e0, non sono completamente inermi o impotenti.<\/p>\n<p style=\"text-align: justify;\"><strong>La pandemia ci ha insegnato, tra le altre cose, quanto il comportamento di ognuno sia fondamentale per provare a cambiare il corso degli eventi. Lo stesso vale per ogni altra vicenda di carattere sociale, politico o ambientale.<\/strong><\/p>\n<p style=\"text-align: justify;\">Le scelte della nostra q<a href=\"https:\/\/ibb.co\/MPNZ96v\"><img loading=\"lazy\" decoding=\"async\" style=\"margin: 5px; float: left;\" src=\"https:\/\/i.ibb.co\/1R27b6g\/fresh-vegetables-in-eco-cotton-bags-on-table-in-the-kitchen-lettuce-corn-potatoes-apricots-bananas-r.jpg\" alt=\"fresh-vegetables-in-eco-cotton-bags-on-table-in-the-kitchen-lettuce-corn-potatoes-apricots-bananas-r\" width=\"400\" height=\"300\" \/><\/a>uotidianit\u00e0 e i nostri stili di vita possono davvero fare la differenza.<\/p>\n<p>L\u2019aver dovuto ridefinire alcune nostre <i>routines<\/i> per cause di forza maggiore, ha fatto s\u00ec che ridefinissimo anche le nostre priorit\u00e0. Siamo stati forzatamente indotti a selezionare i bisogni veri dai fasulli e cos\u00ec facendo abbiamo preso atto anche della grande resilienza di cui siamo capaci.<\/p>\n<p style=\"text-align: justify;\">Partendo dalla presa di coscienza della forza straordinaria insita in tale resilienza, possiamo provare a <strong>trasformare la necessit\u00e0 di vivere queste festivit\u00e0 in modo diverso, nell\u2019occasione per gettare le basi per un futuro che sia altrettanto diverso e che passi attraverso un cambiamento di abitudini che non sia imposto da uno stato di emergenza, ma che serva piuttosto a evitarne di nuovi<\/strong>; un cambiamento di cui essere protagonisti attivi e promotori, piuttosto che vittime inermi e scontente.<\/p>\n<p style=\"text-align: justify;\"><strong>Da dove cominciare dunque? Dalle piccole cose!<\/strong><\/p>\n<p style=\"text-align: justify;\">Natale \u00e8 tempo di decorazioni, di acquisti, di regali ed \u00e8, al contempo, anche il periodo pi\u00f9 consumistico dell\u2019anno.<\/p>\n<p style=\"text-align: justify;\"><strong>Pi\u00f9 che alla sobriet\u00e0, \u00e8 alla consapevolezza che siamo chiamati come gesto di responsabilit\u00e0.<\/strong> Proviamo ad eliminare sprechi di ogni tipo; ad azzerare imballaggi inutili, ingombranti, non riciclabili ed eterni.<\/p>\n<p style=\"text-align: justify;\">Fogli di giornali, volantini, quotidiani, se ben presentati, sostituiscono dignitosamente la carta regalo prodotta <i>ad hoc<\/i> e assolvono comunque alla funzione di garantire l\u2019effetto sorpresa. In alternativa, prediligiamo stoffe, c<a href=\"https:\/\/ibb.co\/BrfwFzq\"><img loading=\"lazy\" decoding=\"async\" style=\"margin: 5px; float: right;\" src=\"https:\/\/i.ibb.co\/yYNV7fW\/sustainable-christmas-feature.jpg\" alt=\"sustainable-christmas-feature\" width=\"400\" height=\"333\" \/><\/a>arta riciclata e riciclabile e cerchiamo di evitare materiali in plastica.<\/p>\n<p style=\"text-align: justify;\"><strong>La sostenibilit\u00e0 passa anche e soprattutto dalle nostre tavole imbandite: \u201cLa fo<\/strong><strong>rchetta \u00e8 l\u2019arma pi\u00f9 potente al mondo\u201d<\/strong> sosteneva Gandhi e oggi pi\u00f9 che mai \u00e8 una verit\u00e0 inconfutabile!<\/p>\n<p style=\"text-align: justify;\">Godere di un paniere ricco e variegato di prodotti della propria terra da poter acquistare \u00e8 un lusso che noi pugliesi, e italiani in generale, diamo per scontato, ma che in realt\u00e0 non appartiene a tutti. Prediligere prodotti a chilometro zero o a filiera corta, possibilmente biologici, vuol dire ridurre le emissioni dovute alla distribuzione e l\u2019inquinamento legato ai processi di conservazione.<\/p>\n<p>Inoltre e non da ultimo, vuol dire supportare l\u2019economia locale.<\/p>\n<p style=\"text-align: justify;\">Evitare o ridurre al minimo il consumo di carne, di prodotti ittici derivanti da una pesca non sostenibile e di ogni altro prodotto di origine animale costituisce una misura fondamentale per ridimensionare significativamente la propria impronta ecologica e agire concretamente per limitare emissioni, inquinamento, depauperamento delle risorse e disuguaglianze sociali legate a questi settori produttivi.<\/p>\n<p style=\"text-align: justify;\">Le ristrettezze economiche causate dalla pandemia indurranno forse molti a ridurre il budget da destinare ad ogni regalo.<\/p>\n<p style=\"text-align: justify;\">Se siamo dunque alla ricerca di un dono simbolico, proviamo a resistere alla tentazione di acquistare l\u2019ennesimo oggetto pi\u00f9 o meno inutile, prodotto in serie da qualche lavoratore sfruttato in una fabbrica dall\u2019altra parte del mondo. Se abbiamo a cuore i diritti delle persone, siano esse bambini, donne e lavoratori in generale, dobbiamo essere consapevoli del fatto che il modo in cui orientiamo i nostri acquisti ha un impatto concreto maggiore di qualsiasi donazione effettuata, in questo periodo dell\u2019anno, a favore di una qualunque associazione di beneficenza che si occupa di questi temi.<\/p>\n<p style=\"text-align: justify;\">In alternativa, <strong>perch\u00e9 non pensare di regalare un giovane albero?<\/strong><\/p>\n<p style=\"text-align: justify;\">Alcuni di essi hanno un significato storico &#8211; simbolico pi\u00f9 marcato rispetto ad altri: l\u2019ulivo \u00e8 un\u2019icona del nostro territorio ed \u00e8 sinonimo e augurio di pace; il melograno rappresenta<a href=\"https:\/\/ibb.co\/qnZ0tSz\"><img loading=\"lazy\" decoding=\"async\" style=\"margin: 5px; float: left;\" src=\"https:\/\/i.ibb.co\/wLvJ9kT\/bambino.jpg\" alt=\"bambino\" width=\"400\" height=\"267\" \/><\/a> abbondanza, fertilit\u00e0 e prosperit\u00e0. In generale, <strong>ogni albero \u00e8, in s\u00e9, emblema di buon auspicio<\/strong> perch\u00e9 \u00e8 vita in divenire, \u00e8 radici che si saldano lentamente nel presente e rami che tendono ambiziosamente al domani.<\/p>\n<p style=\"text-align: justify;\">Le modalit\u00e0 per farlo sono diverse. Esistono svariati progetti che insistono sull\u2019adozione a distanza e la piantumazione di alberi in ogni angolo del mondo. Uno questi si chiama \u201cTreedom\u201d ed \u00e8 nato dall\u2019idea di due giovanissimi imprenditori italiani.<\/p>\n<p style=\"text-align: justify;\">Oppure si potrebbe acquistare fisicamente un giovane arbusto in uno dei molti vivai locali, per destinarlo alle cure di chi amiamo.<\/p>\n<p style=\"text-align: justify;\">Potremmo dedicarlo ad un nuovo nato, alla memoria di qualcuno che abbiamo amato, persone o animali che non sono pi\u00f9 con noi. Potremmo donarlo ai bambini perch\u00e9 imparino a prendersene cura, insegnando loro il valore inestimabile della Natura.<\/p>\n<p style=\"text-align: justify;\">Che sia una quercia, un albero ornamentale o da frutto poco importa.<\/p>\n<p>Il loro valore economico \u00e9 minimo (dell\u2019ordine di pochi euro a seconda delle dimensioni) ed \u00e8 dunque davvero alla portata di tutti, ma il loro valore pratico e simbolico \u00e8 incommensurabile. Insomma, <strong>un albero \u00e8 sempre un investimento sicuro se vogliamo fare, a noi stessi e a chi amiamo, il pi\u00f9 bel regalo possibile: un futuro migliore!<\/strong><\/p>\n","protected":false},"excerpt":{"rendered":"","protected":false},"author":1,"featured_media":0,"comment_status":"open","ping_status":"closed","sticky":false,"template":"","format":"standard","meta":{"colormag_page_container_layout":"default_layout","colormag_page_sidebar_layout":"default_layout","footnotes":""},"categories":[7],"tags":[],"class_list":["post-64810","post","type-post","status-publish","format-standard","hentry","category-attualita"],"_links":{"self":[{"href":"https:\/\/archiviogioia.lavocedelpaese.info\/index.php?rest_route=\/wp\/v2\/posts\/64810","targetHints":{"allow":["GET"]}}],"collection":[{"href":"https:\/\/archiviogioia.lavocedelpaese.info\/index.php?rest_route=\/wp\/v2\/posts"}],"about":[{"href":"https:\/\/archiviogioia.lavocedelpaese.info\/index.php?rest_route=\/wp\/v2\/types\/post"}],"author":[{"embeddable":true,"href":"https:\/\/archiviogioia.lavocedelpaese.info\/index.php?rest_route=\/wp\/v2\/users\/1"}],"replies":[{"embeddable":true,"href":"https:\/\/archiviogioia.lavocedelpaese.info\/index.php?rest_route=%2Fwp%2Fv2%2Fcomments&post=64810"}],"version-history":[{"count":0,"href":"https:\/\/archiviogioia.lavocedelpaese.info\/index.php?rest_route=\/wp\/v2\/posts\/64810\/revisions"}],"wp:attachment":[{"href":"https:\/\/archiviogioia.lavocedelpaese.info\/index.php?rest_route=%2Fwp%2Fv2%2Fmedia&parent=64810"}],"wp:term":[{"taxonomy":"category","embeddable":true,"href":"https:\/\/archiviogioia.lavocedelpaese.info\/index.php?rest_route=%2Fwp%2Fv2%2Fcategories&post=64810"},{"taxonomy":"post_tag","embeddable":true,"href":"https:\/\/archiviogioia.lavocedelpaese.info\/index.php?rest_route=%2Fwp%2Fv2%2Ftags&post=64810"}],"curies":[{"name":"wp","href":"https:\/\/api.w.org\/{rel}","templated":true}]}}