{"id":64898,"date":"2021-01-04T07:05:06","date_gmt":"2021-01-04T07:05:06","guid":{"rendered":"https:\/\/archiviogioia.lavocedelpaese.info\/?p=64898"},"modified":"2021-01-04T07:05:06","modified_gmt":"2021-01-04T07:05:06","slug":"prodigio-ospita-lex-sindaco-di-riace-mimmo-lucano-2","status":"publish","type":"post","link":"https:\/\/archiviogioia.lavocedelpaese.info\/?p=64898","title":{"rendered":"Prodigio ospita l&#8217;ex Sindaco di Riace Mimmo Lucano"},"content":{"rendered":"<p><a href=\"https:\/\/ibb.co\/gPwD5fs\"><img loading=\"lazy\" decoding=\"async\" style=\"display: block; margin-left: auto; margin-right: auto;\" src=\"https:\/\/i.ibb.co\/nnfDHYh\/5a8be5fa8aedd445fb1c9c0074fe27db.jpg\" alt=\"5a8be5fa8aedd445fb1c9c0074fe27db\" width=\"320\" height=\"240\" \/><\/a><\/p>\n<p><!--more--><\/p>\n<p style=\"margin-bottom: 0.0001pt; text-align: justify;\"><a href=\"https:\/\/ibb.co\/dQqFzwp\"><img loading=\"lazy\" decoding=\"async\" style=\"margin: 5px; float: left;\" src=\"https:\/\/i.ibb.co\/tbtgWT2\/Lucano-Locandina.jpg\" alt=\"Lucano-Locandina\" width=\"400\" height=\"225\" \/><\/a> \u201cLa pandemia da Covid-19 ha fatto emergere nuove disuguaglianze, acuendone le vecchie. Infatti, alla base del messaggio di fine anno del Capo dello Stato vi \u00e8 stata la visione di una societ\u00e0 pi\u00f9 equa e giusta, che abbia alla base il rispetto dei diritti umani ed il valore della persona, nella sua integrit\u00e0, senza alcuna distinzione o discriminazione.<\/p>\n<p style=\"margin-bottom: 0.0001pt; text-align: justify;\">Raccogliendo l&#8217;invito del Presidente Mattarella ad essere Costruttori nel nostro tempo, piuttosto che lasciarci trasportare dagli eventi, il Movimento Prodigio prosegue nei suoi incontri online di Controcorrente, accendendo i riflettori sul tema dell&#8217;immigrazione e dell&#8217;identit\u00e0 culturale del nostro Paese, mentre tutto il mondo guarda da un&#8217;altra parte, distratto dal racconto della pandemia.<\/p>\n<p style=\"margin-bottom: 0.0001pt; text-align: justify;\"><strong>Dop<\/strong><strong>o l&#8217;appassionante testimonianza del Parroco di Lampedusa don Carmelo La Magra<\/strong>, sul significato dell\u2019accoglienza, <strong>marted\u00ec 5 gennaio<\/strong> <strong>nel salotto virtuale della sua pagina Facebook<\/strong>, il Movimento Prodigio <strong>ospiter\u00e0<\/strong> <strong>alle ore 19.00<\/strong> l&#8217;ex Sindaco di Riace <a href=\"https:\/\/ibb.co\/wLvTjRt\"><img loading=\"lazy\" decoding=\"async\" style=\"margin: 5px; float: right;\" src=\"https:\/\/i.ibb.co\/dchSxrZ\/mimmo-lucano-sidaco-riace-18.jpg\" alt=\"mimmo-lucano-sidaco-riace-18\" width=\"400\" height=\"200\" \/><\/a><strong>Mimmo Lucano, ideatore del cosiddetto \u201cModello Riace\u201d<\/strong> ed incluso dalla rivista \u201cFortune\u201d tra i 50 uomini pi\u00f9 influenti al mondo. Dimostrando a testa alta la sua innocenza alle accuse che gli erano state rivolte durante il passaggio del leader della Lega Salvini al ministero degli Interni, infatti, <strong>il suo modello di integrazione \u00e8 stato definito \u201cencomiabile\u201d anche dal Consiglio di Stato<\/strong>. Oggi, per\u00f2, resta ben poco dell\u2019esempio concreto di un&#8217;integrazione possibile, che il politico calabrese aveva attuato in un piccolo borgo a rischio di spopolamento.<\/p>\n<p style=\"margin-bottom: 0.0001pt; text-align: justify;\">Su questo e sul ruolo della politica ne parleremo a <strong>Controcorrente<\/strong>, offrendo a chiunque voglia la possibilit\u00e0 di intervenire in diretta lasciando un messaggio oppure telefonicamente\u201d.<\/p>\n<p style=\"margin-bottom: 0.0001pt; text-align: right;\" align=\"right\"><strong><span>Movimento Pro.di.Gio.<\/span><\/strong><\/p>\n<p>&nbsp;<\/p>\n","protected":false},"excerpt":{"rendered":"","protected":false},"author":1,"featured_media":0,"comment_status":"open","ping_status":"closed","sticky":false,"template":"","format":"standard","meta":{"colormag_page_container_layout":"default_layout","colormag_page_sidebar_layout":"default_layout","footnotes":""},"categories":[7],"tags":[],"class_list":["post-64898","post","type-post","status-publish","format-standard","hentry","category-attualita"],"_links":{"self":[{"href":"https:\/\/archiviogioia.lavocedelpaese.info\/index.php?rest_route=\/wp\/v2\/posts\/64898","targetHints":{"allow":["GET"]}}],"collection":[{"href":"https:\/\/archiviogioia.lavocedelpaese.info\/index.php?rest_route=\/wp\/v2\/posts"}],"about":[{"href":"https:\/\/archiviogioia.lavocedelpaese.info\/index.php?rest_route=\/wp\/v2\/types\/post"}],"author":[{"embeddable":true,"href":"https:\/\/archiviogioia.lavocedelpaese.info\/index.php?rest_route=\/wp\/v2\/users\/1"}],"replies":[{"embeddable":true,"href":"https:\/\/archiviogioia.lavocedelpaese.info\/index.php?rest_route=%2Fwp%2Fv2%2Fcomments&post=64898"}],"version-history":[{"count":0,"href":"https:\/\/archiviogioia.lavocedelpaese.info\/index.php?rest_route=\/wp\/v2\/posts\/64898\/revisions"}],"wp:attachment":[{"href":"https:\/\/archiviogioia.lavocedelpaese.info\/index.php?rest_route=%2Fwp%2Fv2%2Fmedia&parent=64898"}],"wp:term":[{"taxonomy":"category","embeddable":true,"href":"https:\/\/archiviogioia.lavocedelpaese.info\/index.php?rest_route=%2Fwp%2Fv2%2Fcategories&post=64898"},{"taxonomy":"post_tag","embeddable":true,"href":"https:\/\/archiviogioia.lavocedelpaese.info\/index.php?rest_route=%2Fwp%2Fv2%2Ftags&post=64898"}],"curies":[{"name":"wp","href":"https:\/\/api.w.org\/{rel}","templated":true}]}}