{"id":64904,"date":"2021-01-04T19:19:46","date_gmt":"2021-01-04T19:19:46","guid":{"rendered":"https:\/\/archiviogioia.lavocedelpaese.info\/?p=64904"},"modified":"2021-01-04T19:19:46","modified_gmt":"2021-01-04T19:19:46","slug":"consiglio-comunale-gioia-ha-vissuto-una-delle-pagine-piu-brutte-2","status":"publish","type":"post","link":"https:\/\/archiviogioia.lavocedelpaese.info\/?p=64904","title":{"rendered":"Consiglio comunale. \u201cGioia ha vissuto una delle pagine pi\u00f9 brutte\u201d"},"content":{"rendered":"<p><a title=\"consiglio comunale on line\" href=\"https:\/\/www.flickr.com\/photos\/91470992@N02\/49988726223\/in\/photolist-2jakhJ4-2j6z25c-2jap5iZ-2j6AvD5-2jap4Gt-2j6AwQ8-2iDYVHD-2iDYVGB-2iE1nGb-2iE1nGm-2iDWbyi-2ijAQpw-2iiXmeb-2i35FWj-2i3zcE7-2i3v8uc-2hPBmgq-2hH6wkN-2hqiPja-2hmS2Ko\" data-flickr-embed=\"true\"><img loading=\"lazy\" decoding=\"async\" style=\"display: block; margin-left: auto; margin-right: auto;\" src=\"https:\/\/live.staticflickr.com\/65535\/49988726223_06a60a2ef8_o.jpg\" alt=\"consiglio comunale on line\" width=\"320\" height=\"240\" \/><\/a><\/p>\n<p><!--more--><\/p>\n<p style=\"text-align: justify;\"><a title=\"consiglio comunale\" href=\"https:\/\/www.flickr.com\/photos\/91470992@N02\/49946430362\/in\/photolist-2j6AvD5-2jap4Gt-2iXc9s5-2iWqEAy-2iWaYnp-2iKXLDZ-2iKTrdo-2iDYVHD-2iDWbyi-2iE1nGm-2iDYVGB-2iE1nGb-2iCuAWt-2iyNEau-2iw3fPy-2iw71aE-2iw5Qdw-2incYRu-2in9iLC-2ijAQpw-2iiXmeb-2i35FWj-2i3zcE7-2i3v8uc-2hPBmgq-2inbQit-2inwAtF-2invssM-2invoYY-2in9iRN-2in9iWY-2invAH4-2incYVh-2i3vKHz-2i3zd6T-2i3zcKx-2i3vKSC-2i3z9ZY-2hVTbPz-2hVUgTB-2hVQH9F-2hVTdpP-2hPpmw4-2hJubDr-2hH6wkN-2hqiPja-2hH8dEj-2hH88W1-2hH715R-2hH8hCE\" data-flickr-embed=\"true\"><img loading=\"lazy\" decoding=\"async\" style=\"margin: 5px; float: left;\" src=\"https:\/\/live.staticflickr.com\/65535\/49946430362_3e4b0397c7_o.png\" alt=\"consiglio comunale\" width=\"400\" height=\"298\" \/><\/a><span>\u201c<strong>Quanto accaduto nel consiglio comunale<\/strong> <strong>di oggi 4 gennaio lascia sconcertati e indignati<\/strong>. L\u2019autoconvocazione dell\u2019opposizione aveva dato finalmente la possibilit\u00e0 di discutere organicamente della crisi conseguente la Pandemia da COVID19, entrando nel merito di una serie di proposte presentate per la nostra comunit\u00e0. Proposte per aiuti alle persone pi\u00f9 fragili, per le famiglie in gravi difficolt\u00e0 economiche, per le attivit\u00e0 commerciali e le piccole imprese, per i giovani per le associazioni culturali e sportive. <strong>La maggioranza non ha voluto confrontarsi<\/strong> apertamente, presentando uno scarno comunicato con cui, senza entrare nel merito delle proposte della minoranza, comunicava il proprio voto contrario alla intera risoluzione. Alibi a giustificazione di questo mancato confronto la presunta speculazione politica messa in atto nei confronti dell\u2019attivit\u00e0 dell\u2019Amministrazione Mastrangelo, con riferimento ultimo ai necessari interrogativi sorti a seguito del crollo del tetto della Mazzini.<\/span><\/p>\n<p style=\"text-align: justify;\"><strong><span>\u00c8 di tutta evidenza che l\u2019attuale maggioranza non voglia entrare nel merito di proposte concrete<\/span><\/strong><span>, incapace di sostenere un dibattito approfondito, anche se duro, sui temi e le conseguenti scelte che caratterizzeranno il futuro della nostra comunit\u00e0!<\/span><\/p>\n<p style=\"text-align: justify;\"><strong><span>In questo consiglio comunale si \u00e8 definitivamente smascherata l\u2019incapacit\u00e0 al dialogo di questa maggioranza<\/span><\/strong><span>, arroccata su posizioni anacronistiche e di infantilismo politico. <\/span><\/p>\n<p style=\"text-align: justify;\"><strong><span>A peggiorare la gravit\u00e0<\/span><\/strong><span> delle posizioni assunte dall\u2019Amministrazione Mastrangelo, anche <strong>il voto contrario sulla risoluzione presentata per sollecitare una campagna di sensibilizzazione alla vaccinazione <\/strong>attraverso i canali istituzionali, non prendendo a esempio il messaggio lanciato dal nostro Presidente della Repubblica per cui, in questo momento di grandi incertezze e paure della comunit\u00e0, vaccinarsi \u00e8 un dovere civico di ciascun cittadino.<\/span><\/p>\n<p style=\"text-align: justify;\"><span>Gioia del Colle ha forse vissuto<strong> una delle pagini pi\u00f9 brutte <\/strong>e tristi della sua storia politica e democratica. <strong>Un sindaco completamente sordo<\/strong> alle istanze dei rappresentanti democraticamente eletti da migliaia di concittadini, <strong>silente<\/strong> durante il dibattito ma soprattutto <strong>incapace di operare per il bene della comunit\u00e0<\/strong> e delle future generazioni\u201d.<\/span><\/p>\n<div style=\"text-align: right;\" align=\"right\"><strong><span>I Consiglieri di minoranza<\/span><\/strong><\/div>\n<div style=\"text-align: right;\" align=\"right\"><span>Donato COLACICCO &#8211; Maurizio LIUZZI &#8211; Filippo MARTUCCI &#8211; Rosario MILANO &#8211; Donato PARADISO &#8211; Milena PAVONE<\/span><\/div>\n","protected":false},"excerpt":{"rendered":"","protected":false},"author":1,"featured_media":0,"comment_status":"open","ping_status":"closed","sticky":false,"template":"","format":"standard","meta":{"colormag_page_container_layout":"default_layout","colormag_page_sidebar_layout":"default_layout","footnotes":""},"categories":[4],"tags":[],"class_list":["post-64904","post","type-post","status-publish","format-standard","hentry","category-politica"],"_links":{"self":[{"href":"https:\/\/archiviogioia.lavocedelpaese.info\/index.php?rest_route=\/wp\/v2\/posts\/64904","targetHints":{"allow":["GET"]}}],"collection":[{"href":"https:\/\/archiviogioia.lavocedelpaese.info\/index.php?rest_route=\/wp\/v2\/posts"}],"about":[{"href":"https:\/\/archiviogioia.lavocedelpaese.info\/index.php?rest_route=\/wp\/v2\/types\/post"}],"author":[{"embeddable":true,"href":"https:\/\/archiviogioia.lavocedelpaese.info\/index.php?rest_route=\/wp\/v2\/users\/1"}],"replies":[{"embeddable":true,"href":"https:\/\/archiviogioia.lavocedelpaese.info\/index.php?rest_route=%2Fwp%2Fv2%2Fcomments&post=64904"}],"version-history":[{"count":0,"href":"https:\/\/archiviogioia.lavocedelpaese.info\/index.php?rest_route=\/wp\/v2\/posts\/64904\/revisions"}],"wp:attachment":[{"href":"https:\/\/archiviogioia.lavocedelpaese.info\/index.php?rest_route=%2Fwp%2Fv2%2Fmedia&parent=64904"}],"wp:term":[{"taxonomy":"category","embeddable":true,"href":"https:\/\/archiviogioia.lavocedelpaese.info\/index.php?rest_route=%2Fwp%2Fv2%2Fcategories&post=64904"},{"taxonomy":"post_tag","embeddable":true,"href":"https:\/\/archiviogioia.lavocedelpaese.info\/index.php?rest_route=%2Fwp%2Fv2%2Ftags&post=64904"}],"curies":[{"name":"wp","href":"https:\/\/api.w.org\/{rel}","templated":true}]}}