{"id":64912,"date":"2021-01-05T11:12:45","date_gmt":"2021-01-05T11:12:45","guid":{"rendered":"https:\/\/archiviogioia.lavocedelpaese.info\/?p=64912"},"modified":"2021-01-05T11:12:45","modified_gmt":"2021-01-05T11:12:45","slug":"la-murgia-tra-i-siti-in-cui-stoccare-residui-radioattivi-il-no-di-emiliano-2","status":"publish","type":"post","link":"https:\/\/archiviogioia.lavocedelpaese.info\/?p=64912","title":{"rendered":"\u201cLa Murgia tra i siti in cui stoccare residui radioattivi. Il no di Emiliano"},"content":{"rendered":"<p><a href=\"https:\/\/ibb.co\/JxzYqjF\"><img loading=\"lazy\" decoding=\"async\" style=\"display: block; margin-left: auto; margin-right: auto;\" src=\"https:\/\/i.ibb.co\/GsVZ9Q3\/Rifiuti-nucleari.jpg\" alt=\"Rifiuti-nucleari\" width=\"320\" height=\"240\" \/><\/a><\/p>\n<p><!--more--><\/p>\n<p style=\"margin: 0cm 0cm 0.0001pt; text-align: justify;\"><a href=\"https:\/\/imgbb.com\/\"><img loading=\"lazy\" decoding=\"async\" style=\"margin: 5px; float: left;\" src=\"https:\/\/i.ibb.co\/5BZhYZC\/deposito-nazionale-scorie-nucleari-aree-idonee-regioni-comuni-2.jpg\" alt=\"deposito-nazionale-scorie-nucleari-aree-idonee-regioni-comuni-2\" width=\"400\" height=\"225\" \/><\/a> \u201cApprendiamo a \u2018cose fatte\u2019 e a distanza di anni, dell\u2019inclusione di <strong>alcuni comuni pugliesi e lucani tra i siti in cui stoccare residui radioattivi<\/strong>. \u00c8 ferma e netta la contrariet\u00e0 della Regione Puglia a questa opzione. I nostri sforzi verso un modello di sviluppo improntato sulla tutela dell\u2019ambiente e della salute sono noti a livello internazionale.<\/p>\n<p style=\"text-align: justify;\">Non si pu\u00f2 imporre, ancora una volta, scelte che rimandano al passato pi\u00f9 buio, quello dell\u2019assenza della partecipazione, dell\u2019umiliazione delle comunit\u00e0, dell\u2019oblio della storia e delle opportunit\u00e0\u201d. \u00c8 <strong>la reazione del presidente della Regione Puglia Michele Emiliano<\/strong> alla notizia odierna secondo la quale, <strong>nella Carta dei siti potenzialmente idonei<\/strong> alla costruzione del Deposito nucleare nazionale, <strong>la Puglia \u00e8 indicata con l&#8217;area di Gravina in Puglia<\/strong> in provincia di Bari <strong>e i comuni di Altamura e Laterza<\/strong> per un&#8217;area individuata in condivisione con Matera in Basilicata.<a href=\"https:\/\/ibb.co\/qN0xc89\"><img loading=\"lazy\" decoding=\"async\" style=\"margin: 5px; float: right;\" src=\"https:\/\/i.ibb.co\/m9vS2Kt\/Emiliano-30-luglio.jpg\" alt=\"Emiliano-30-luglio\" width=\"400\" height=\"300\" \/><\/a><\/p>\n<p style=\"margin: 0cm 0cm 0.0001pt; text-align: justify;\">\u201cLo Stato e la Regione \u2013 spiega Emiliano &#8211; hanno, in quei luoghi, istituito il Parco nazionale della Murgia e il parco regionale pi\u00f9 grande, quello delle Gravine, quali pres\u00ecdi delle biodiversit\u00e0 e simboli dello stile di vita verso cui i pugliesi hanno deciso di andare. Le comunit\u00e0 della Murgia pugliese sono in continuo cammino, in evoluzione costante nel turismo, nell\u2019agricoltura moderna, nella zootecnia basata sul benessere animale, nelle produzioni artigianali che finalmente superano i confini regionali e rendono riconoscibile una storia, una identit\u00e0 vera che profuma di futuro e non pu\u00f2 essere sporcata con la parola \u201cnucleare\u201d, incubo del passato\u201d.<\/p>\n<p style=\"text-align: justify;\">\u201c<strong>Svolgeremo<\/strong> &#8211; conclude &#8211; <strong>tutti gli approfondimenti tecnici del caso<\/strong>, geologici e ambientali, <strong>per motivare<\/strong> anche sotto questo aspetto <strong>l\u2019incompatibilit\u00e0 di questa scelta<\/strong> irragionevole che contrasteremo in ogni sede\u201d.<\/p>\n<p style=\"text-align: right;\"><strong>Ufficio Stampa Regione Puglia<\/strong><\/p>\n<p>&nbsp;<\/p>\n","protected":false},"excerpt":{"rendered":"","protected":false},"author":1,"featured_media":0,"comment_status":"open","ping_status":"closed","sticky":false,"template":"","format":"standard","meta":{"colormag_page_container_layout":"default_layout","colormag_page_sidebar_layout":"default_layout","footnotes":""},"categories":[4],"tags":[],"class_list":["post-64912","post","type-post","status-publish","format-standard","hentry","category-politica"],"_links":{"self":[{"href":"https:\/\/archiviogioia.lavocedelpaese.info\/index.php?rest_route=\/wp\/v2\/posts\/64912","targetHints":{"allow":["GET"]}}],"collection":[{"href":"https:\/\/archiviogioia.lavocedelpaese.info\/index.php?rest_route=\/wp\/v2\/posts"}],"about":[{"href":"https:\/\/archiviogioia.lavocedelpaese.info\/index.php?rest_route=\/wp\/v2\/types\/post"}],"author":[{"embeddable":true,"href":"https:\/\/archiviogioia.lavocedelpaese.info\/index.php?rest_route=\/wp\/v2\/users\/1"}],"replies":[{"embeddable":true,"href":"https:\/\/archiviogioia.lavocedelpaese.info\/index.php?rest_route=%2Fwp%2Fv2%2Fcomments&post=64912"}],"version-history":[{"count":0,"href":"https:\/\/archiviogioia.lavocedelpaese.info\/index.php?rest_route=\/wp\/v2\/posts\/64912\/revisions"}],"wp:attachment":[{"href":"https:\/\/archiviogioia.lavocedelpaese.info\/index.php?rest_route=%2Fwp%2Fv2%2Fmedia&parent=64912"}],"wp:term":[{"taxonomy":"category","embeddable":true,"href":"https:\/\/archiviogioia.lavocedelpaese.info\/index.php?rest_route=%2Fwp%2Fv2%2Fcategories&post=64912"},{"taxonomy":"post_tag","embeddable":true,"href":"https:\/\/archiviogioia.lavocedelpaese.info\/index.php?rest_route=%2Fwp%2Fv2%2Ftags&post=64912"}],"curies":[{"name":"wp","href":"https:\/\/api.w.org\/{rel}","templated":true}]}}