{"id":64917,"date":"2021-01-08T01:03:56","date_gmt":"2021-01-08T01:03:56","guid":{"rendered":"https:\/\/archiviogioia.lavocedelpaese.info\/?p=64917"},"modified":"2021-01-08T01:03:56","modified_gmt":"2021-01-08T01:03:56","slug":"siti-nucleari-cia-puglia-se-necessario-pronti-alla-mobilitazione","status":"publish","type":"post","link":"https:\/\/archiviogioia.lavocedelpaese.info\/?p=64917","title":{"rendered":"Siti nucleari, CIA Puglia: \u201cse necessario pronti alla mobilitazione\u201d"},"content":{"rendered":"<p><a href=\"https:\/\/ibb.co\/w042bMN\"><img loading=\"lazy\" decoding=\"async\" style=\"display: block; margin-left: auto; margin-right: auto;\" src=\"https:\/\/i.ibb.co\/znZtLGh\/cnapi-900x425-900x425-1-900x425.jpg\" alt=\"cnapi-900x425-900x425-1-900x425\" width=\"320\" height=\"240\" \/><\/a><\/p>\n<p><!--more--><\/p>\n<p style=\"margin-bottom: 0.0001pt; text-align: justify;\"><a href=\"https:\/\/imgbb.com\/\"><img loading=\"lazy\" decoding=\"async\" style=\"margin: 5px; float: left;\" src=\"https:\/\/i.ibb.co\/rf9sCLv\/CIA-agricoltori-puglia-600x535.jpg\" alt=\"CIA-agricoltori-puglia-600x535\" width=\"350\" height=\"312\" \/><\/a>\u201cNon lasceremo da sole le <strong>comunit\u00e0 di Laterza, Gravina di Puglia e Altamura<\/strong>. <strong>CIA Agricoltori Italiani della Puglia \u00e8 contro<\/strong> la realizzazione dei siti per lo stoccaggio di scorie nucleari in territori gi\u00e0 gravati da problemi importanti, aree che esprimono potenzialit\u00e0 di rilievo dal punto di vista agricolo, agroalimentare, zootecnico e turistico. <strong>Se sar\u00e0 necessario, CIA Puglia chiamer\u00e0 alla mobilitazione il mondo dell\u2019agricoltura<\/strong>, un mondo la cui dote primaria \u00e8 lo sviluppo del comparto primario e della green economy\u201d.<\/p>\n<p style=\"margin-bottom: 0.0001pt; text-align: justify;\"><strong>A esprimere la posizione di CIA Agricoltori Italiani della Puglia <\/strong>\u00e8<strong> il presidente<\/strong> dell\u2019organizzazione, <strong>Raffaele Carrabba<\/strong>; sulla stessa lunghezza d\u2019onda i responsabili territoriali della CIA, a cominciare dal presidente e dal direttore di CIA Area Due Mari (Taranto-Brindisi), rispettivamente <strong>Pietro De Padova e Vito Rubino<\/strong>: \u201cTaranto non ha ancora risolto la questione Ilva. Qui c\u2019\u00e8 da bonificare e da avviare un progetto pluriennale di potenziamento di un\u2019economia non pi\u00f9 basata su fattori inquinanti, ma sull\u2019immenso patrimonio rappresentato da risorse ambientali come il mare e l\u2019agricoltura sostenibile\u201d.<\/p>\n<p style=\"margin-bottom: 0.0001pt; text-align: justify;\">L\u2019organizzazione agricola esprime forte contrariet\u00e0 anche riguardo all\u2019individuazione di Gravina di Puglia e Altamura come localit\u00e0 nelle quali realizzare i siti di stoccaggio.<\/p>\n<p style=\"margin-bottom: 0.0001pt; text-align: justify;\">\u201cStiamo parlando di altre due realt\u00e0 che esprimono la loro migliore vocazione proprio nell\u2019economia verde, che comprende agricoltura, turismo, produzione di energie da fonti naturali e rinnovabili\u201d, hanno dichiarato <strong>Felice Ardito e Giuseppe Creanza<\/strong>, rispettivamente presidente e direttore di CIA Levante.<\/p>\n<p style=\"margin-bottom: 0.0001pt; text-align: justify;\">\u201cLa Puglia, negli ultimi 15 anni, ha lavorato molto e bene alla formazione e al conso<a href=\"https:\/\/ibb.co\/s3PZ8RT\"><img loading=\"lazy\" decoding=\"async\" style=\"margin: 5px; float: right;\" src=\"https:\/\/i.ibb.co\/mzB3fTn\/cartina-deposito-nucleare.jpg\" alt=\"cartina-deposito-nucleare\" width=\"400\" height=\"239\" \/><\/a>lidamento di un\u2019immagine che, finalmente, punta sulle proprie risorse tradizionali e innovative legate indissolubilmente al comparto primario, alla trasformazione delle proprie eccellenze agroalimentari e all\u2019integrazione tra agricoltura, enogastronomia e turismo. Interrompere o inficiare questo percorso sarebbe una follia\u201d.<\/p>\n<p style=\"margin-bottom: 0.0001pt; text-align: justify;\">\u201cCrediamo sia necessario uno sforzo suppletivo, da parte del governo, per comprendere appieno le conseguenze delle proprie decisioni su territori martoriati in questi anni da una crisi profonda, acuita dall\u2019emergenza Covid-19 e da una serie ripetuta di calamit\u00e0 naturali\u00bb, ha proseguito il presidente regionale di CIA Puglia Raffaele Carrabba \u2013 <strong>La Puglia \u00e8 un territorio che in questi anni ha mostrato una fragilit\u00e0 superiore a quella di tante altre regioni<\/strong>. Non possiamo dimenticare la questione Xylella, ad esempio, come non \u00e8 possibile mettere in secondo piano sia i punti di forza che i punti di debolezza di un comparto, quello agricolo e agroalimentare, che in questa regione rappresentano la prima industria per numero di addetti e ruolo economico, sociale e culturale nello sviluppo presente e futuro dei territori\u201d.<\/p>\n<p style=\"margin-bottom: 0.0001pt; text-align: right;\" align=\"right\"><strong>FrancoGigante<\/strong><\/p>\n<p><a href=\"https:\/\/ibb.co\/VwZj1RW\"><img loading=\"lazy\" decoding=\"async\" src=\"https:\/\/i.ibb.co\/vXGwFpx\/170613060-2bd6cd4f-2b20-4687-9137-763f62eed325.jpg\" alt=\"170613060-2bd6cd4f-2b20-4687-9137-763f62eed325\" width=\"670\" height=\"517\" \/><\/a><\/p>\n","protected":false},"excerpt":{"rendered":"","protected":false},"author":1,"featured_media":0,"comment_status":"open","ping_status":"closed","sticky":false,"template":"","format":"standard","meta":{"colormag_page_container_layout":"default_layout","colormag_page_sidebar_layout":"default_layout","footnotes":""},"categories":[8],"tags":[],"class_list":["post-64917","post","type-post","status-publish","format-standard","hentry","category-cronaca"],"_links":{"self":[{"href":"https:\/\/archiviogioia.lavocedelpaese.info\/index.php?rest_route=\/wp\/v2\/posts\/64917","targetHints":{"allow":["GET"]}}],"collection":[{"href":"https:\/\/archiviogioia.lavocedelpaese.info\/index.php?rest_route=\/wp\/v2\/posts"}],"about":[{"href":"https:\/\/archiviogioia.lavocedelpaese.info\/index.php?rest_route=\/wp\/v2\/types\/post"}],"author":[{"embeddable":true,"href":"https:\/\/archiviogioia.lavocedelpaese.info\/index.php?rest_route=\/wp\/v2\/users\/1"}],"replies":[{"embeddable":true,"href":"https:\/\/archiviogioia.lavocedelpaese.info\/index.php?rest_route=%2Fwp%2Fv2%2Fcomments&post=64917"}],"version-history":[{"count":0,"href":"https:\/\/archiviogioia.lavocedelpaese.info\/index.php?rest_route=\/wp\/v2\/posts\/64917\/revisions"}],"wp:attachment":[{"href":"https:\/\/archiviogioia.lavocedelpaese.info\/index.php?rest_route=%2Fwp%2Fv2%2Fmedia&parent=64917"}],"wp:term":[{"taxonomy":"category","embeddable":true,"href":"https:\/\/archiviogioia.lavocedelpaese.info\/index.php?rest_route=%2Fwp%2Fv2%2Fcategories&post=64917"},{"taxonomy":"post_tag","embeddable":true,"href":"https:\/\/archiviogioia.lavocedelpaese.info\/index.php?rest_route=%2Fwp%2Fv2%2Ftags&post=64917"}],"curies":[{"name":"wp","href":"https:\/\/api.w.org\/{rel}","templated":true}]}}