{"id":64986,"date":"2021-01-23T07:48:58","date_gmt":"2021-01-23T07:48:58","guid":{"rendered":"https:\/\/archiviogioia.lavocedelpaese.info\/?p=64986"},"modified":"2021-01-23T07:48:58","modified_gmt":"2021-01-23T07:48:58","slug":"pass-imprese-e-professionisti-leo-estesa-platea-beneficiari","status":"publish","type":"post","link":"https:\/\/archiviogioia.lavocedelpaese.info\/?p=64986","title":{"rendered":"Pass Imprese e Professionisti, Leo: \u201cestesa platea beneficiari\u201d"},"content":{"rendered":"<p><a href=\"https:\/\/ibb.co\/L5MvJs2\"><img loading=\"lazy\" decoding=\"async\" style=\"display: block; margin-left: auto; margin-right: auto;\" src=\"https:\/\/i.ibb.co\/2Nw5spf\/unnamed.jpg\" alt=\"unnamed\" width=\"320\" height=\"240\" \/><\/a><\/p>\n<p><!--more--><\/p>\n<p style=\"text-align: justify;\"><a href=\"https:\/\/ibb.co\/4KS7NB7\"><img loading=\"lazy\" decoding=\"async\" style=\"margin: 5px; float: left;\" src=\"https:\/\/i.ibb.co\/n61bkhb\/ass-Sebastiano-Leo.jpg\" alt=\"ass-Sebastiano-Leo\" width=\"400\" height=\"215\" \/><\/a> <span>\u201c<strong>A seguito del rifinanziamento e della pubblicazione del nuovo avviso Pass Imprese<\/strong>, il programma della Regione Puglia dedicato alla formazione professionale continua di imprenditrici ed imprenditori, lavoratrici e lavoratori dipendenti (quadri e dirigenti) ma anche di lavoratrici e lavoratori autonomi e di professionisti iscritti a Ordini e Casse private, <strong>abbiamo ricevuto alcune istanze di modifica ed integrazione<\/strong> da parte di organizzazioni sindacali e associazioni di categoria <strong>che abbiamo ritenuto di accogliere<\/strong>\u201d, comunica l\u2019assessore regionale all\u2019istruzione, alla formazione e al lavoro Sebastiano Leo.<\/span><\/p>\n<p style=\"text-align: justify;\"><span>\u201cCome noto \u2013 continua Leo \u2013 <strong>l\u2019avviso Pass Imprese<\/strong>, gi\u00e0 esteso sia agli imprenditori che ai professionisti, <strong>promuove l\u2019utilizzo di voucher formativi<\/strong>, cio\u00e8 un incentivo economico di natura individualizzata, utile a riconoscere una intensit\u00e0 di <strong>aiuto pari al 80% del costo effettivamente sostenuto<\/strong> per l\u2019iscrizione e la frequenza del corso, <strong>sino ad un massimo<\/strong> di contributo pubblico erogabile <strong>pari a 3.500,00 euro<\/strong>\u201d.<\/span><\/p>\n<p style=\"text-align: justify;\"><span>\u201cAccogliendo le istanze del partenariato economico e sociale abbiamo modificato ulteriormente il bando, ampliando la platea dei beneficiari alle societ\u00e0 tra professionisti, ai soci di societ\u00e0 di capitali e cooperative che rivestono il ruolo di amministratori, ai soci di societ\u00e0 di capitali che versano i contributi alla Gestione Commercianti e Artigiani. Abbiamo modificato \u2013 spiega l\u2019assessore \u2013 i termini di apertura della seconda finestra di partecipazione all\u2019Avviso che adesso va dal 01\/03\/2021 al 15\/03\/2021 e abbiamo, inoltre, previsto una terza finestra che va dal 01\/06\/2021 al 15\/06\/2021. Infine, stiamo lavorando assiduamente per ridurre i tempi legati all\u2019avviso, sia quelli di valutazione delle pratiche che quelli di pagamento. Il mio impegno \u00e8 quello di ridurre al minimo queste tempistiche cos\u00ec da rendere la partecipazione al bando pi\u00f9 veloce e semplice possibile\u201d.<\/span><\/p>\n<p style=\"text-align: justify;\"><span>\u201cPass Imprese \u2013 ha concluso Leo \u2013 si conferma uno strumento unico e modulabile per la formazione individuale di manager, imprenditori, artigiani, liberi professionisti, dirigenti e dipendenti, con l\u2019obiettivo di accrescere le competenze del tessuto economico e produttivo della nostra regione rendendolo pi\u00f9 competitivo sui mercati. Bisogna stare al passo delle continue innovazioni, aggiornandosi costantemente, per poter vincere le sfide del futuro\u201d.<\/span><a href=\"https:\/\/ibb.co\/xLXt87N\"><img loading=\"lazy\" decoding=\"async\" style=\"margin: 5px; float: right;\" src=\"https:\/\/i.ibb.co\/H4BfpHj\/Untitled-design.jpg\" alt=\"Untitled-design\" width=\"400\" height=\"200\" \/><\/a><\/p>\n<p style=\"text-align: justify;\"><span>Il <strong>finanziamento complessivo disponibile<\/strong> per questa iniziativa ammonta ad <strong>\u20ac 7.285.000,00<\/strong> a valere sulle risorse del POR Puglia FESR-FSE 2014-2020. Il voucher potr\u00e0 essere utilizzato, esclusivamente, <strong>per la frequenza di corsi di formazione <\/strong><\/span><span><strong>specifici e\/o di aggiornamento tecnico<\/strong> erogati da Universit\u00e0 pubbliche e Universit\u00e0 private riconosciute dall\u2019ordinamento nazionale; Organismi formativi accreditati; Ordini\/collegi professionali; altri soggetti erogatori di corsi di formazione specifici e\/o di aggiornamento tecnico che svolgano da almeno due anni attivit\u00e0 documentata di formazione.<\/span><\/p>\n<p style=\"text-align: justify;\"><strong><span>Sono ammessi e finanziabili percorsi formativi<\/span><\/strong><span> specifici e di aggiornamento tecnico <strong>di durata compresa tra un minimo di 16 ore e un massimo di 200<\/strong> ore. L\u2019intera procedura \u00e8 disponibile al link diretto <\/span><a href=\"http:\/\/www.sistema.puglia.it\/SistemaPuglia\/passimprese2020\"><span style=\"color: blue;\">http:\/\/www.sistema.puglia.it\/SistemaPuglia\/passimprese2020<\/span><\/a><span>\u201d.<\/span><\/p>\n<p style=\"text-align: right;\" align=\"right\"><strong><span>Ufficio Stampa Regione Puglia<\/span><\/strong><\/p>\n<p>&nbsp;<\/p>\n","protected":false},"excerpt":{"rendered":"","protected":false},"author":1,"featured_media":0,"comment_status":"open","ping_status":"closed","sticky":false,"template":"","format":"standard","meta":{"colormag_page_container_layout":"default_layout","colormag_page_sidebar_layout":"default_layout","footnotes":""},"categories":[7],"tags":[],"class_list":["post-64986","post","type-post","status-publish","format-standard","hentry","category-attualita"],"_links":{"self":[{"href":"https:\/\/archiviogioia.lavocedelpaese.info\/index.php?rest_route=\/wp\/v2\/posts\/64986","targetHints":{"allow":["GET"]}}],"collection":[{"href":"https:\/\/archiviogioia.lavocedelpaese.info\/index.php?rest_route=\/wp\/v2\/posts"}],"about":[{"href":"https:\/\/archiviogioia.lavocedelpaese.info\/index.php?rest_route=\/wp\/v2\/types\/post"}],"author":[{"embeddable":true,"href":"https:\/\/archiviogioia.lavocedelpaese.info\/index.php?rest_route=\/wp\/v2\/users\/1"}],"replies":[{"embeddable":true,"href":"https:\/\/archiviogioia.lavocedelpaese.info\/index.php?rest_route=%2Fwp%2Fv2%2Fcomments&post=64986"}],"version-history":[{"count":0,"href":"https:\/\/archiviogioia.lavocedelpaese.info\/index.php?rest_route=\/wp\/v2\/posts\/64986\/revisions"}],"wp:attachment":[{"href":"https:\/\/archiviogioia.lavocedelpaese.info\/index.php?rest_route=%2Fwp%2Fv2%2Fmedia&parent=64986"}],"wp:term":[{"taxonomy":"category","embeddable":true,"href":"https:\/\/archiviogioia.lavocedelpaese.info\/index.php?rest_route=%2Fwp%2Fv2%2Fcategories&post=64986"},{"taxonomy":"post_tag","embeddable":true,"href":"https:\/\/archiviogioia.lavocedelpaese.info\/index.php?rest_route=%2Fwp%2Fv2%2Ftags&post=64986"}],"curies":[{"name":"wp","href":"https:\/\/api.w.org\/{rel}","templated":true}]}}