{"id":65003,"date":"2021-01-26T07:39:55","date_gmt":"2021-01-26T07:39:55","guid":{"rendered":"https:\/\/archiviogioia.lavocedelpaese.info\/?p=65003"},"modified":"2021-01-26T07:39:55","modified_gmt":"2021-01-26T07:39:55","slug":"scuole-pugliesi-e-didattica-a-distanza-nuova-ordinanza-2","status":"publish","type":"post","link":"https:\/\/archiviogioia.lavocedelpaese.info\/?p=65003","title":{"rendered":"Scuole pugliesi e didattica a distanza. Nuova ordinanza"},"content":{"rendered":"<p><a href=\"https:\/\/ibb.co\/k4ZB0rQ\"><img loading=\"lazy\" decoding=\"async\" style=\"display: block; margin-left: auto; margin-right: auto;\" src=\"https:\/\/i.ibb.co\/K2nh7QF\/michele-emiliano-98.jpg\" alt=\"michele-emiliano-98\" width=\"320\" height=\"240\" \/><\/a><\/p>\n<p><!--more--><\/p>\n<p style=\"text-align: justify;\"><a href=\"https:\/\/ibb.co\/hcrPmft\"><img loading=\"lazy\" decoding=\"async\" style=\"margin: 5px; float: left;\" src=\"https:\/\/i.ibb.co\/T1JVgLF\/ansa-20201105-163528-005139.jpg\" alt=\"ansa-20201105-163528-005139\" width=\"400\" height=\"225\" \/><\/a><span>\u201cIl presidente della Regione Puglia ha emanato l\u2019ordinanza n. 21 \u201cMisure urgenti per fronteggiare l\u2019emergenza epidemiologica da Covid-19\u201d che dispone:<\/span><\/p>\n<p style=\"text-align: justify;\"><strong><span>Con decorrenza dal 25 gennaio e sino a tutto il 30 gennaio 2021:<\/span><\/strong><\/p>\n<p style=\"text-align: justify;\"><span>1. L\u2019attivit\u00e0 didattica ed educativa per i servizi educativi per l\u2019infanzia, per la scuola dell\u2019infanzia, per il primo ciclo di istruzione e per i CPIA si deve svolgere in applicazione del D.P.C.M. 14 gennaio 2021, salvo quanto previsto al successivo punto 2;<\/span><\/p>\n<p style=\"text-align: justify;\"><span>2. Le Istituzioni scolastiche del primo ciclo di istruzione nonch\u00e9 i CPIA garantiscono comunque il collegamento online in modalit\u00e0 sincrona per tutti gli alunni le cui famiglie, o loro stessi ove maggiorenni nel caso dei CPIA, richiedano espressamente di adottare la didattica digitale integrata, tenendo presente che agli studenti che hanno chiesto la didattica digitale integrata, non pu\u00f2 essere imposta la didattica in presenza. Tale scelta \u00e8 esercitata una sola volta e per l\u2019intero periodo di vigenza delle presenti disposizioni, salvo deroga rimessa alle valutazioni del Dirigente scolastico;<\/span><\/p>\n<p style=\"text-align: justify;\"><span>3. Le Istituzioni Scolastiche secondarie di secondo grado, adottano forme flessibili nell&#8217;organizzazione dell&#8217;attivit\u00e0 didattica ai sensi degli articoli 4 e 5 del decreto del Presidente della Repubblica 8 marzo 1999, n. 275, in modo che il 100 per cento delle attivit\u00e0 sia svolta tramite il ricorso alla didattica digitale integrata. Resta sempre garantita la possibilit\u00e0 di svolgere attivit\u00e0 in presenza qualora sia necessario l\u2019uso di laboratori o per mantenere una relazione educativa che realizzi l\u2019effettiva inclusione scolastica degli alunni con disabilit\u00e0 e con bisogni educativi speciali, secondo quanto previsto dal decreto del Ministro dell\u2019istruzione n. 89 del 7 agosto 2020, e dall\u2019ordinanza del Ministro dell\u2019istruzione n. 134 del 9 ottobre 2020, garantendo comunque il collegamento on line con gli alunni della classe che sono in didattica digitale integrata;<\/span><\/p>\n<p style=\"text-align: justify;\"><strong><span>Con decorrenza dal 1 febbraio e sino a tutto il 6 febbraio 2021:<\/span><\/strong><\/p>\n<p style=\"text-align: justify;\"><span>&#8211; L\u2019attivit\u00e0 didattica ed educativa per i servizi educativi per l\u2019infanzia, per la scuola dell\u2019infanzia e per il primo ciclo di istruzione, per i CPIA, si deve svolgere in applicazione del D.P.C.M. 14 gennaio 2021, salvo quanto previsto al successivo punto 2;<\/span><\/p>\n<p style=\"text-align: justify;\"><span>&#8211; Le Istituzioni scolastiche del primo ciclo di istruzione, per i CPIA garantiscono comunque il collegamento online in modalit\u00e0 sincrona per tutti gli alunni le cui famiglie, o loro stessi ove maggiorenni nel caso dei CPIA, richiedano espressamente di adottare la didattica digitale integrata, tenendo presente che a coloro che hanno chiesto la didattica digitale integrata, non pu\u00f2 essere imposta la didattica in presenza. Tale scelta \u00e8 esercitata una sola volta e per l\u2019intero periodo di vigenza delle presenti disposizioni, salvo deroga rimessa alle valutazioni del Dirigente scolastico;<\/span><\/p>\n<p style=\"text-align: justify;\"><span>&#8211; Le Istituzioni Scolastiche secondarie di secondo grado, adottano forme flessibili nell\u2019organizzazione dell\u2019attivit\u00e0 didattica ai sensi degli articoli 4 e 5 del decreto del Presidente della Repubblica 8 marzo 1999, n. 275, in modo che l\u2019attivit\u00e0 didattica in presenza venga svolta nel limite del 50% della popolazione scolastica. A tal fine, nell\u2019ambito della propria autonomia, le istituzioni scolastiche organizzano le attivit\u00e0 scolastiche, applicando preferibilmente la percentuale ad ogni singola classe e garantendo comunque la didattica digitale integrata per tutti gli studenti le cui famiglie ne facciano richiesta, tenendo presente che a coloro che hanno chiesto la didattica digitale integrata, non pu\u00f2 essere imposta la didattica in presenza. Tale scelta \u00e8 esercitata una sola volta e per l\u2019intero periodo di vigenza delle presenti disposizioni, salvo deroga rimessa alle&nbsp;valutazioni del Dirigente scolastico. Resta sempre garantita la possibilit\u00e0 di svolgere attivit\u00e0 in presenza qualora sia necessario l\u2019uso di laboratori o per mantenere una relazione educativa che realizzi l\u2019effettiva inclusione scolastica degli alunni con disabilit\u00e0 e con bisogni educativi speciali, secondo quanto previsto dal decreto del Ministro dell\u2019istruzione n. 89 del 7 agosto 2020, e dall\u2019ordinanza del Ministro dell\u2019istruzione n. 134 del 9 ottobre 2020, garantendo comunque il collegamento on line con gli alunni della classe che sono in didattica digitale integrata;<\/span><\/p>\n<p style=\"text-align: justify;\"><span>Le Istituzioni Scolastiche devono comunicare, ogni luned\u00ec della settimana, all\u2019Ufficio Scolastico Regionale e al Dipartimento della Salute, attraverso la procedura predisposta su piattaforma, il numero degli studenti e il numero del personale scolastico positivi al Covid-19 o in quarantena, nonch\u00e9 tutti i provvedimenti di sospensione dell\u2019attivit\u00e0 didattica adottati a causa dell\u2019emergenza Covid\u201d,<\/span><\/p>\n<p style=\"text-align: right;\" align=\"right\"><strong><span>Regione Puglia&nbsp;<\/span><\/strong><\/p>\n<p>&nbsp;<strong>Per scaricare o visualizzare l&#8217;ordinanza<\/strong>, <a href=\"https:\/\/archiviogioia.lavocedelpaese.info\/wp-content\/uploads\/2021\/01\/emiliano-e-scuole-ordinanza-21.pdf\">clicca qui<\/a>.<\/p>\n","protected":false},"excerpt":{"rendered":"","protected":false},"author":1,"featured_media":0,"comment_status":"open","ping_status":"closed","sticky":false,"template":"","format":"standard","meta":{"colormag_page_container_layout":"default_layout","colormag_page_sidebar_layout":"default_layout","footnotes":""},"categories":[4],"tags":[],"class_list":["post-65003","post","type-post","status-publish","format-standard","hentry","category-politica"],"_links":{"self":[{"href":"https:\/\/archiviogioia.lavocedelpaese.info\/index.php?rest_route=\/wp\/v2\/posts\/65003","targetHints":{"allow":["GET"]}}],"collection":[{"href":"https:\/\/archiviogioia.lavocedelpaese.info\/index.php?rest_route=\/wp\/v2\/posts"}],"about":[{"href":"https:\/\/archiviogioia.lavocedelpaese.info\/index.php?rest_route=\/wp\/v2\/types\/post"}],"author":[{"embeddable":true,"href":"https:\/\/archiviogioia.lavocedelpaese.info\/index.php?rest_route=\/wp\/v2\/users\/1"}],"replies":[{"embeddable":true,"href":"https:\/\/archiviogioia.lavocedelpaese.info\/index.php?rest_route=%2Fwp%2Fv2%2Fcomments&post=65003"}],"version-history":[{"count":0,"href":"https:\/\/archiviogioia.lavocedelpaese.info\/index.php?rest_route=\/wp\/v2\/posts\/65003\/revisions"}],"wp:attachment":[{"href":"https:\/\/archiviogioia.lavocedelpaese.info\/index.php?rest_route=%2Fwp%2Fv2%2Fmedia&parent=65003"}],"wp:term":[{"taxonomy":"category","embeddable":true,"href":"https:\/\/archiviogioia.lavocedelpaese.info\/index.php?rest_route=%2Fwp%2Fv2%2Fcategories&post=65003"},{"taxonomy":"post_tag","embeddable":true,"href":"https:\/\/archiviogioia.lavocedelpaese.info\/index.php?rest_route=%2Fwp%2Fv2%2Ftags&post=65003"}],"curies":[{"name":"wp","href":"https:\/\/api.w.org\/{rel}","templated":true}]}}