{"id":65013,"date":"2021-01-27T13:05:39","date_gmt":"2021-01-27T13:05:39","guid":{"rendered":"https:\/\/archiviogioia.lavocedelpaese.info\/?p=65013"},"modified":"2021-01-27T13:05:39","modified_gmt":"2021-01-27T13:05:39","slug":"decessi-per-tumore-a-gioia-del-colle-dati-preoccupanti-2","status":"publish","type":"post","link":"https:\/\/archiviogioia.lavocedelpaese.info\/?p=65013","title":{"rendered":"Decessi per tumore a Gioia del Colle. Dati preoccupanti"},"content":{"rendered":"<p><a href=\"https:\/\/imgbb.com\/\"><img loading=\"lazy\" decoding=\"async\" style=\"display: block; margin-left: auto; margin-right: auto;\" src=\"https:\/\/i.ibb.co\/vLBz8GS\/Graphical-abstract.jpg\" alt=\"Graphical-abstract\" width=\"320\" height=\"240\" \/><\/a><\/p>\n<p><!--more--><\/p>\n<p style=\"margin-bottom: 0.0001pt; text-align: center;\" align=\"center\"><strong><span>Altro che castronerie: i dati ISTAT dell\u2019ultimo biennio sui decessi per tumore a Gioia del Colle continuano a preoccupare<\/span><\/strong><\/p>\n<p style=\"margin-bottom: 0.0001pt; text-align: justify;\"><span>\u201cSono stati resi disponibili i dat<\/span><a title=\"mezzo rilevazione inquinamento\" href=\"https:\/\/www.flickr.com\/photos\/91470992@N02\/48531984497\/in\/photolist-2gWmvPt-2gWmvVq-2gWB7ap-2gWmvRh-2gWBe5g-GxZd7R\" data-flickr-embed=\"true\"><img loading=\"lazy\" decoding=\"async\" style=\"margin: 5px; float: left;\" src=\"https:\/\/live.staticflickr.com\/65535\/48531984497_2d41a8540d_w.jpg\" alt=\"mezzo rilevazione inquinamento\" width=\"335\" height=\"400\" \/><\/a><span>i pi\u00f9 recenti raccolti dall\u2019ISTAT rispetto alle <strong>cause di decesso nel biennio 2017-2018<\/strong>. Sembra, pertanto, doveroso aggiornare la comunit\u00e0 gioiese rispetto ai precedenti rapporti e contro-rapporti che sono stati diffusi in merito alla mortalit\u00e0 per tumori tra i residenti. Si \u00e8 provveduto, dunque, a sintetizzare quanto segue per fornire un preliminare e rapido raffronto e permettere ulteriori analisi a chi vorr\u00e0 effettuarle.<\/span><\/p>\n<p style=\"margin-bottom: 0.0001pt; text-align: justify;\"><span>Dai dati risultano in lieve diminuzione nel biennio 2017-2018, rispetto al biennio precedente 2015-2016, il totale dei tumori maligni (-8%) e, tra le specifiche cause, solo i decessi per tumore al colon (-39%, 11 decessi), al pancreas (-54%, 5 decessi), alla prostata (-36%, 7 decessi), al rene e alle vie biliari (-50%, 3 decessi) e i linfomi (-63%, per quanto non va sottovalutato che si sono registrati 4 ulteriori decessi che, sommati al biennio precedente, porta a ben 15 gioiesi morti a causa di questa specifica tipologia neoplastica in 4 anni). <\/span><\/p>\n<p style=\"margin-bottom: 0.0001pt; text-align: justify;\"><span>Restano, invece, sostanzialmente invariati i decessi per melanomi (che sono limitati a 1-2 casi a biennio), per tumori della mammella (che, invece, aggiungono ben 13 donne gioiesi alle 14 vittime del biennio precedente) e del fegato (che incrementano di ben 14 gioiesi il gi\u00e0 elevato bilancio di 15 morti nel biennio precedente). <\/span><\/p>\n<p style=\"margin-bottom: 0.0001pt; text-align: justify;\"><span><strong>Preoccupante appare anche il dato 2017-2018 per la maggior parte dei decessi per gli altri tumori<\/strong>: quello dell\u2019apparato respiratorio ha mietuto il 14% in pi\u00f9 di vite tra i gioiesi (con 25 nuovi decessi), quello dello stomaco registra un incremento del 50% (con 6 nuovi <\/span><span>decessi), quello dell\u2019encefalo vede un incremento del 33% (con 4 nuovi decessi), quello<\/span><span> della vulva e della vagina vede <\/span><span>un aumento del 66% (con 6 morti), mentre si registrano morti per nuove tipologie di tumore di cui non vi erano casi documentati nel biennio precedente come quello della cavit\u00e0 orale e della faringe (con 3 morti), dell\u2019ovaio (con 2 morti), dell\u2019esofago e degli altri organi dell\u2019apparato digerente (con 4 morti) e della testa<\/span><span> e del collo (con un nuovo morto). Aumentano tra i gioiesi, seppur di poco, anche i decessi per mesotelioma (2 morti).<\/span><\/p>\n<p style=\"margin-bottom: 0.0001pt; text-align: justify;\"><span><strong>Non pi\u00f9 confortante \u00e8 il dato che riguarda i decessi per leucemie<\/strong> che riscontra un ulteriore incremento del 20% nel biennio 2017-2018 con 6 nuovi morti tra i residenti di Gioia del Colle, portando il bilancio 2015-2018 a ben 10 vittime e confermando l\u2019infausto trend dell\u2019ultimo decennio.<\/span><\/p>\n<p style=\"margin-bottom: 0.0001pt; text-align: justify;\"><span>Su tutti, merita una menzione a parte, <strong>il dato sconvolgente dell\u2019incremento dell\u201983% di vittime di tumore alla vescica<\/strong> co<\/span><span>n 11 nuovi morti nell\u2019ultimo biennio, per un totale di 16 gioiesi deceduti per tumore alla vescica tra il 2015 e il 2018 (ovvero circa 6 cittadini gioiesi ogni 10.000 in 4 anni, pari a circa 1,5 gioiesi ogni 10.000 residenti all\u2019anno rispetto ai circa 1,05 ogni 10.000 abitanti della media italiana!). Il tumore della vescica rappresenta, inoltre, per la popolazione gioiese la 4^ causa di morte per neoplasia, mentre a livello nazionale non \u00e8 classificata neanche tra le prime 10.<\/span><\/p>\n<p style=\"margin-bottom: 0.0001pt; text-align: justify;\"><span>Infine, <strong>l\u2019insieme dei decessi per tumore rispetto a tutte le cause ha rappresentato<\/strong>, tra i cittadini gioiesi, quasi la met\u00e0 (47,7%) dei morti registrati nel 2017 negli uomini e il 34% nelle donne, mentre la proporzione \u00e8 stata del 38,7 % negli uomini e del 25% nelle donne nel 2018. <\/span><\/p>\n<p style=\"margin-bottom: 0.0001pt; text-align: justify;\"><span>Appare, dunque, <strong>doveroso sottolineare due aspetti che possono far meglio comprendere l\u2019entit\u00e0 della situazione<\/strong>: il primo \u00e8 che il numero dei decessi per tumore rappresenta, come gi\u00e0 ribadito in precedenti occasioni, solo la punta di un iceberg che nasconde sotto la superficie un ben pi\u00f9 consistente numero di malati e guariti, ma comunque affetti da queste neoplasie; il secondo \u00e8 che, come sempre pi\u00f9 evidenze scientifiche dimostrano, nella maggior parte delle situazioni i tumori non insorgono per caso o per sfortuna, n\u00e9 sono \u201ccausati\u201d da predisposizione genetica, ma sono prevalentemente avviati o favoriti da contaminanti ambientali quali inquinanti dell\u2019aria, dell\u2019acqua e del suolo e da scorretti stili di vita.<\/span><\/p>\n<p style=\"margin-bottom: 0.0001pt; text-align: justify;\"><span>Vi sono, ormai, numerosi studi che confermano quanto, ad esempio, molte leucemie e linfomi e i tumori della vescica, del fegato e della mammella siano causati da mutazioni provocate da inquinanti chimici e radiazioni ionizzanti presenti nell\u2019acqua, nell\u2019aria e nel suolo. Tra queste alterazioni delle matrici ambientali, l\u2019inalazione, l\u2019ingestione o il contatto con coloranti, vernici, gomme e pneumatici e l\u2019esposizione ai contaminanti prodotti dalla loro combustione sottoforma di rifiuti e gas di scarico dei veicoli, l&#8217;inquinamento delle falde acquifere, i pesticidi e la radioattivit\u00e0 rappresentano cause accertate di insorgenza di questi particolari tumori.<\/span><\/p>\n<p style=\"margin-bottom: 0.0001pt; text-align: justify;\"><span>Si \u00e8 parlato a lungo e si continua a discutere delle possibili cause di contaminazione ambientale che sembrano colpire particolarmente i cittadini gioiesi e l\u2019augurio \u00e8 che si continui a farlo con maggiore interesse da parte delle istituzioni, in primis degli amministratori comunali, col supporto di associazioni e comitati per poter meglio comprendere<\/span><span> quali possano essere le fonti di contaminazione tali da indurre la trasformazione neoplastica in tanti residenti sul territorio di Gioia del Colle (e dei comuni limitrofi, tra cui ad esempio quelli di Massafra e Taranto). <\/span><\/p>\n<p style=\"margin-bottom: 0.0001pt; text-align: justify;\"><span>Non va dimenticato che dietro ogni numero riportato nelle statistiche ci sono persone, esseri umani, che insieme ai loro cari lottano contro una malattia (o meglio un gruppo di malattie semplificato dal termine \u201ctumore\u201d) e che continuano a chiedersi il perch\u00e9 tutto questo sia capitato proprio a loro.<\/span><\/p>\n<p style=\"margin-bottom: 0.0001pt; text-align: justify;\"><span>\u00c8 dovere, di tutti coloro che ne hanno la facolt\u00e0, di far luce su questa situazione e porre rimedio mettendo in atto azioni concrete al fine di ridurre la contaminazione di una cittadina e di un territorio che, per bellezza paesaggistica, delizie culinarie, importanza storica e clima favorevole merita ben altri riconoscimenti regionali, nazionali e internazionali\u201d.<br \/><\/span><\/p>\n<div style=\"margin-bottom: 0.0001pt; text-align: right;\" align=\"right\"><strong><span>Roberto Cazzolla Gatti<\/span><\/strong><span>, Ph.D.<\/span><\/div>\n<div style=\"margin-bottom: 0.0001pt; text-align: right;\" align=\"right\"><i><span>Biologo ambientale ed evolutivo<\/span><\/i><\/div>\n<div style=\"margin-bottom: 0.0001pt; text-align: right;\" align=\"right\"><i><span>Professore Associato presso il Biological Institute della Tomsk State University, Russia<\/span><\/i><\/div>\n<div style=\"margin-bottom: 0.0001pt; text-align: right;\" align=\"right\"><i><span>Research Fellow del Konrad Lorenz Institute for Evolution and Cognition Research, Austria <\/span><\/i><\/div>\n<p>&nbsp;<span>[foto repertorio]<\/span><\/p>\n","protected":false},"excerpt":{"rendered":"","protected":false},"author":1,"featured_media":0,"comment_status":"open","ping_status":"closed","sticky":false,"template":"","format":"standard","meta":{"colormag_page_container_layout":"default_layout","colormag_page_sidebar_layout":"default_layout","footnotes":""},"categories":[8],"tags":[],"class_list":["post-65013","post","type-post","status-publish","format-standard","hentry","category-cronaca"],"_links":{"self":[{"href":"https:\/\/archiviogioia.lavocedelpaese.info\/index.php?rest_route=\/wp\/v2\/posts\/65013","targetHints":{"allow":["GET"]}}],"collection":[{"href":"https:\/\/archiviogioia.lavocedelpaese.info\/index.php?rest_route=\/wp\/v2\/posts"}],"about":[{"href":"https:\/\/archiviogioia.lavocedelpaese.info\/index.php?rest_route=\/wp\/v2\/types\/post"}],"author":[{"embeddable":true,"href":"https:\/\/archiviogioia.lavocedelpaese.info\/index.php?rest_route=\/wp\/v2\/users\/1"}],"replies":[{"embeddable":true,"href":"https:\/\/archiviogioia.lavocedelpaese.info\/index.php?rest_route=%2Fwp%2Fv2%2Fcomments&post=65013"}],"version-history":[{"count":0,"href":"https:\/\/archiviogioia.lavocedelpaese.info\/index.php?rest_route=\/wp\/v2\/posts\/65013\/revisions"}],"wp:attachment":[{"href":"https:\/\/archiviogioia.lavocedelpaese.info\/index.php?rest_route=%2Fwp%2Fv2%2Fmedia&parent=65013"}],"wp:term":[{"taxonomy":"category","embeddable":true,"href":"https:\/\/archiviogioia.lavocedelpaese.info\/index.php?rest_route=%2Fwp%2Fv2%2Fcategories&post=65013"},{"taxonomy":"post_tag","embeddable":true,"href":"https:\/\/archiviogioia.lavocedelpaese.info\/index.php?rest_route=%2Fwp%2Fv2%2Ftags&post=65013"}],"curies":[{"name":"wp","href":"https:\/\/api.w.org\/{rel}","templated":true}]}}