{"id":65103,"date":"2021-02-16T07:49:00","date_gmt":"2021-02-16T07:49:00","guid":{"rendered":"https:\/\/archiviogioia.lavocedelpaese.info\/?p=65103"},"modified":"2021-02-16T07:49:00","modified_gmt":"2021-02-16T07:49:00","slug":"pendolaria-2021-piu-passeggeri-gli-investimenti-di-rfi-e-trenitalia","status":"publish","type":"post","link":"https:\/\/archiviogioia.lavocedelpaese.info\/?p=65103","title":{"rendered":"Pendolaria 2021. Pi\u00f9 passeggeri. Gli investimenti di RFI e Trenitalia"},"content":{"rendered":"<p><a href=\"https:\/\/ibb.co\/LxZRY61\"><img loading=\"lazy\" decoding=\"async\" style=\"display: block; margin-left: auto; margin-right: auto;\" src=\"https:\/\/i.ibb.co\/Vgq9JDT\/hero-treni-coronavirus-ansa.jpg\" alt=\"hero-treni-coronavirus-ansa\" width=\"320\" height=\"240\" \/><\/a><\/p>\n<p><!--more--><\/p>\n<p style=\"text-align: justify;\"><a href=\"https:\/\/ibb.co\/bL2y9Zp\"><img loading=\"lazy\" decoding=\"async\" style=\"margin: 5px; float: left;\" src=\"https:\/\/i.ibb.co\/7VRTm57\/image001.jpg\" alt=\"image001\" width=\"400\" height=\"267\" \/><\/a>\u201c\u00c8 stato presentato il rapporto&nbsp;<strong>Pendolaria 2021 di Legambiente<\/strong>, fotografia della mobilit\u00e0 nazionale, regionale e urbana fortemente segnata dalla pandemia. Si guarda al&nbsp;<strong><i>Next Generation EU<\/i><\/strong>, fondo approvato dal Consiglio Europeo per sostenere gli Stati membri colpiti dal Covid, come svolta per un&nbsp;<strong>trasporto su ferro sostenibile<\/strong>&nbsp;che possa, entro il 2030, favorire soprattutto la&nbsp;<strong>mobilit\u00e0 urbana<\/strong>&nbsp;e lo sviluppo della&nbsp;<strong>rete ferroviaria nel Sud d\u2019Italia<\/strong>.<\/p>\n<p style=\"text-align: justify;\">Forte l&#8217;impegno di&nbsp;<strong>RFI<\/strong>&nbsp;per potenziare la rete ferroviaria nazionale, con interventi sulle stazioni, sulle&nbsp;<strong>nuove infrastrutture<\/strong>&nbsp;e sull&#8217;elettrificazioni di linee, e quello di&nbsp;<strong>Trenitalia<\/strong>&nbsp;il cui programma di&nbsp;<strong>ammodernamento della flotta<\/strong>&nbsp;prosegue nonostante la pandemia. Ben 88 i nuovi convogli consegnai nel 2020 alle Regioni, 105 quelli previsti nel 2021, saranno 910 a fine programma, nel 2025\/26, portando l&#8217;et\u00e0 media dei treni regionali a 9 anni. Ma veniamo ai dati presentati da Legambiente, che fino all\u2019inizio del lockdown a marzo, segnano una crescita dei passeggeri nel trasporto ferroviario locale e nazionale.<\/p>\n<p style=\"text-align: justify;\"><strong>IL TRASPORTO FERROVIARIO<\/strong><\/p>\n<p style=\"text-align: justify;\">Con un +515% i passeggeri sui treni&nbsp;<strong>AV di Trenitalia<\/strong>&nbsp;passano da 6,5 milioni del 2008 a 40 milioni nel 2019. In calo invece i viaggiatori sui treni Intercity, scesi del 45,9% conseguentemente alla riduzione del servizio. Nel 2019 ogni giorno salgono a bordo dei&nbsp;<strong>treni regionali e metropolitani<\/strong>&nbsp;6 milioni di passeggeri segnando un +7,4% rispetto all\u2019anno precedente. La crescita, nel dettaglio, vede un +0,6% sulla rete regionale e un +9,7% sulle linee metropolitane.<\/p>\n<p style=\"text-align: justify;\">\u00abAvevamo raggiunto 1milione e 600mila viaggi al giorno nel periodo pre-Covid con 1.300 treni. Oggi siamo a 650mila viaggi al giorno in piena era Covid.&nbsp;<i>La&nbsp;<strong>customer satisfaction<\/strong><\/i>&nbsp;\u00e8 aumentata e, a novembre 2020, abbiamo superato il 90% di persone soddisfatte. Nel 2020 la situazione con la pandemia \u00e8 stata affrontata in modo dinamico e puntuale. Il&nbsp;<strong>trasporto regionale<\/strong>&nbsp;ha avuto un ruolo fondamentale poich\u00e9 anche in pieno lockdown, a marzo e aprile, abbiamo fatto circolare 2.000 treni al giorno, il 25%. Dal 4 maggio, abbiamo aumentato l&#8217;offerta base e siamo arrivati a un primo step di 3.700 treni a<a href=\"https:\/\/ibb.co\/vhBJfL9\"><img loading=\"lazy\" decoding=\"async\" style=\"margin: 5px; float: right;\" src=\"https:\/\/i.ibb.co\/dtcQXkZ\/image002.jpg\" alt=\"image002\" width=\"400\" height=\"266\" \/><\/a>l giorno, poi oltre 4.500 a giugno, al cambio orario abbiamo raggiunto l&#8217;88% fino ad arrivare al 100% dell&#8217;offerta a settembre con la riapertura delle scuole.<\/p>\n<p style=\"text-align: justify;\">Per garantire il rispetto della normativa sanitaria, abbiamo avuto&nbsp;<strong>un&#8217;offerta flessibile e che si \u00e8 rimodulata in base alle effettive esigenze di domanda e stiamo continuando cos\u00ec anche in questo inizio del 2021<\/strong>. Nel periodo estivo abbiamo garantito oltre 6.000 treni e abbiamo svolto un ruolo fondamentale per il turismo di prossimit\u00e0. Oggi siamo a circa 45% della domanda pre-Covid. Questo alla&nbsp;<strong><i>Biosafety Trust Certification<\/i><\/strong>&nbsp;come prima impresa ferroviaria per modello di prevenzione in era Covid.<br \/> Nel 2021 dovremmo arrivare a<strong>&nbsp;9miliardi e mezzo di investimenti<\/strong>. Siamo nel pieno di una grande rivoluzione del trasporto regionale. Nel 2014-2018 sono stati consegnati 276 nuovi treni; fra il 2019 e il 2025 arriveranno 153 nuovi treni per avere 429 nuovi treni distribuiti in tutta Italia, da nord a sud e, in particolare, in Campania, Sicilia e Calabria abbiamo circa 2 miliardi di investimenti.&nbsp;<strong>L&#8217;et\u00e0 media della flotta scender\u00e0 da 22 a 9 anni<\/strong>\u00bb. Questi ed altri dati sono stati illustrati da&nbsp;<strong>Sabrina De Filippis<\/strong>, Direttore Divisione Passeggeri Regionale di Trenitalia.<\/p>\n<p style=\"text-align: justify;\"><strong>LE INFRASTRUTTURE<\/strong><\/p>\n<p style=\"text-align: justify;\">Rispetto al resto d\u2019Europa l\u2019Italia resta indietro nella dotazione di metro, tram, ferrovie suburbane e nelle linee ad energia elettrica. Negli ultimi due anni infatti non \u00e8 stato inaugurato nemmeno un chilometro di linee metropolitane, da qui la priorit\u00e0 di&nbsp;<strong>investire nelle reti di trasporto urbano<\/strong>&nbsp;realizzando progetti riguardanti 146 km di linee metropolitane, 367 di tranvie e 70 di linee ferroviarie suburbane, da integrare con trasporto su gomma, sharing mobility e corsie ciclabili.<\/p>\n<p style=\"text-align: justify;\">Altro importante focus affronta<a href=\"https:\/\/ibb.co\/6WVm82z\"><img loading=\"lazy\" decoding=\"async\" style=\"margin: 5px; float: left;\" src=\"https:\/\/i.ibb.co\/5Rt6kdm\/image003.jpg\" alt=\"image003\" width=\"400\" height=\"267\" \/><\/a>to nel corso della presentazione \u00e8 il&nbsp;<strong>potenziamento infrastrutturale della rete nazionale<\/strong>, che vede al Sud il maggior numero di linee a binario unico e non elettrificate. Gli&nbsp;<strong>interventi di RFI&nbsp;<\/strong>previsti fino al 2026 porteranno all\u2019elettrificazione di 1.635 km di rete e all\u2019installazione di tecnologie per aumentare velocit\u00e0 e sicurezza dei treni come il Sistema di Controllo Marcia Treno e il Sistema di Supporto alla Condotta del macchinista.<\/p>\n<p style=\"text-align: justify;\">\u00abItalia Veloce e il Piano di ripresa e resilienza sono le strategie di intervento di RFI. I nostri filoni di intervento sono i nodi urbani con le tecnologie ERTMS per garantire i cosiddetti servizi cadenzati ad alta frequenza nei bacini regionali. Gli interventi si focalizzano sul&nbsp;<strong>potenziamento dell&#8217;accessibilit\u00e0 e dell&#8217;attrattivit\u00e0 delle 2.200 stazioni interessate da circa 1 miliardo e 400mila viaggiatori l&#8217;anno<\/strong>. Gli investimenti si aggirano a&nbsp;<strong>2,2 miliardi di euro tra il 2021 e il 2024<\/strong>&nbsp;con azioni su nuove infrastrutture, velocizzazioni delle linee, nuove tecnologie, elettrificazione (quasi 700km), nuovi impianti potenziati oltre a una serie di interventi sulle stazioni e gli hub. Attualmente, su quasi 17.000km di linea RFI, sono elettrificati poco pi\u00f9 di 12.000km, dei restanti 4.700km pi\u00f9 della met\u00e0 sono oggetto di progettazione, di realizzazione o di analisi a seguito di nuove richieste. Lo sviluppo verso le elettrificazioni assume un ruolo fondamentale nei prossimi anni. Con uno sguardo al futuro perch\u00e9 per RFI la sostenibilit\u00e0 \u00e8 una questione di DNA\u00bb. Dichiara il direttore&nbsp;della&nbsp;Direzione Commerciale RFI&nbsp;<strong>Christian Colaneri<\/strong>.<\/p>\n<p style=\"text-align: justify;\"><strong>IL FUTURO SOSTENIBILE DEI TRASPORTI<\/strong><\/p>\n<p style=\"text-align: justify;\">Stando al Rapporto Pendolaria il settore dei trasporti produce oltre il 26% delle emissioni di CO2 in Italia e dal 1990 non ha visto riduzioni.&nbsp;<strong>Gli obiettivi per diminuire le emissioni di CO2 fissati dall\u2019Unione Europea<\/strong>&nbsp;al 2030 e al 2050 prevedono una&nbsp;<strong>riduzione di almeno il 90% nei prossimi 30 anni&nbsp;<\/strong>per salvare il mondo dagli impatti dei cambiamenti climatici. In Italia abbiamo oltre 39,5 milioni di auto private 6,9 milioni tra moto e motorini, 5,7 milioni di camion e veicoli per il trasporto merci, la sfida \u00e8 di ridurne il numero e aumentare le opportunit\u00e0 per le persone e le imprese dentro un sistema dei trasporti decarbonizzato\u201d.<\/p>\n<div style=\"text-align: right;\" align=\"right\"><strong>Passeri Alessandra<\/strong><\/div>\n<div style=\"text-align: right;\" align=\"right\"><strong>Ufficio Stampa Trenitalia<\/strong><\/div>\n<p>&nbsp;<\/p>\n","protected":false},"excerpt":{"rendered":"","protected":false},"author":1,"featured_media":0,"comment_status":"open","ping_status":"closed","sticky":false,"template":"","format":"standard","meta":{"colormag_page_container_layout":"default_layout","colormag_page_sidebar_layout":"default_layout","footnotes":""},"categories":[7],"tags":[],"class_list":["post-65103","post","type-post","status-publish","format-standard","hentry","category-attualita"],"_links":{"self":[{"href":"https:\/\/archiviogioia.lavocedelpaese.info\/index.php?rest_route=\/wp\/v2\/posts\/65103","targetHints":{"allow":["GET"]}}],"collection":[{"href":"https:\/\/archiviogioia.lavocedelpaese.info\/index.php?rest_route=\/wp\/v2\/posts"}],"about":[{"href":"https:\/\/archiviogioia.lavocedelpaese.info\/index.php?rest_route=\/wp\/v2\/types\/post"}],"author":[{"embeddable":true,"href":"https:\/\/archiviogioia.lavocedelpaese.info\/index.php?rest_route=\/wp\/v2\/users\/1"}],"replies":[{"embeddable":true,"href":"https:\/\/archiviogioia.lavocedelpaese.info\/index.php?rest_route=%2Fwp%2Fv2%2Fcomments&post=65103"}],"version-history":[{"count":0,"href":"https:\/\/archiviogioia.lavocedelpaese.info\/index.php?rest_route=\/wp\/v2\/posts\/65103\/revisions"}],"wp:attachment":[{"href":"https:\/\/archiviogioia.lavocedelpaese.info\/index.php?rest_route=%2Fwp%2Fv2%2Fmedia&parent=65103"}],"wp:term":[{"taxonomy":"category","embeddable":true,"href":"https:\/\/archiviogioia.lavocedelpaese.info\/index.php?rest_route=%2Fwp%2Fv2%2Fcategories&post=65103"},{"taxonomy":"post_tag","embeddable":true,"href":"https:\/\/archiviogioia.lavocedelpaese.info\/index.php?rest_route=%2Fwp%2Fv2%2Ftags&post=65103"}],"curies":[{"name":"wp","href":"https:\/\/api.w.org\/{rel}","templated":true}]}}