{"id":65125,"date":"2021-02-19T14:19:25","date_gmt":"2021-02-19T14:19:25","guid":{"rendered":"https:\/\/archiviogioia.lavocedelpaese.info\/?p=65125"},"modified":"2021-02-19T14:19:25","modified_gmt":"2021-02-19T14:19:25","slug":"via-eva-negativo-lalunno-al-test-molecolare-e-sospesa-la-quarantena-2","status":"publish","type":"post","link":"https:\/\/archiviogioia.lavocedelpaese.info\/?p=65125","title":{"rendered":"Via Eva &#8211; Negativo l\u2019alunno al test molecolare e sospesa la quarantena"},"content":{"rendered":"<p><a href=\"https:\/\/imgbb.com\/\"><img loading=\"lazy\" decoding=\"async\" style=\"display: block; margin-left: auto; margin-right: auto;\" src=\"https:\/\/i.ibb.co\/zHtCr1f\/plesso-via-eva.jpg\" alt=\"plesso-via-eva\" width=\"320\" height=\"240\" \/><\/a><\/p>\n<p><!--more--><\/p>\n<h2 style=\"margin: 0cm 0cm 0.0001pt; text-align: justify;\">&nbsp;<\/h2>\n<p style=\"text-align: justify;\"><strong>Pubblichiamo quanto inviato dalla Rappresentante di Classe della sezione cui si fa riferimento nell\u2019articolo<\/strong> \u201c<span><a href=\"cronaca\/18919-chiude-plesso-via-eva-sospetto-caso-covid-nella-primaria.html\"><span style=\"text-decoration: none;\">Chiude plesso via Eva. Sospetto caso covid nella Primaria<\/span><\/a><\/span>\u201d, <strong>precisando che in esso \u00e8 ben specificato che \u201cil caso sospetto\u201d<\/strong> \u00e8 risultato negativo al tampone effettuato nelle due ore successive al primo documento tanto da non rendere necessario il provvedimento di quarantena n\u00e9 per gli alunni n\u00e9 per le insegnanti e che la scuola \u00e8 stata chiusa per sanificazione in attesa dell\u2019esito stesso. La tempestivit\u00e0 con cui il dirigente ha messo in sicurezza l\u2019istituto ed informato la citt\u00e0 \u00e8 assolutamente encomiabile, peccato che in tanti non leggano con attenzione senza fermarsi al solo titolo, cosa che eviterebbe allarmismi inutili.<\/p>\n<p style=\"margin-bottom: 0.0001pt;\"><span>&#8212;&#8212;&#8212;&#8212;&#8212;&#8212;&#8212;&#8212;&#8212;&#8212;&#8212;&#8212;-<\/span><\/p>\n<p style=\"margin-bottom: 0.0001pt; text-align: justify;\"><span>\u201cIn risposta a quanto dichiarato nell\u2019articolo pubblicato a firma della Redazione, in qualit\u00e0 di rappresentate di classe della 2G ci tengo a precisare che, considerata la documentazione dal quale sono state attinte le informazioni:<\/span><\/p>\n<p style=\"margin-bottom: 0.0001pt; text-align: justify;\"><span>1)Il titolo dell\u2019articolo \u00e8 completamente errato poich\u00e9 non c\u2019\u00e8 nessun SOSPETTO CASO. Fatti i dovuti accertamenti in poco pi\u00f9 di due ore, l\u2019alunno \u00e8 risultato NEGATIVO al tampone molecolare, quindi NON CI SONO SOSPETTI. Ci sono stati due provvedimenti:il primo imponeva la chiusura della scuola e la messa in quarantena degli alunni della 2G; il successivo, reso pubblico dopo poco pi\u00f9 di due ore, ha revocato la quarantena dato l\u2019esito negativo. <\/span><\/p>\n<p style=\"margin-bottom: 0.0001pt; text-align: justify;\"><span>Quindi chiedo alla Redazione: perch\u00e9 parlate di sospetti dove non ce ne sono piuttosto che elogiare il tempestivo intervento del preside Stea e delle maestre della 2G?<\/span><\/p>\n<p style=\"margin-bottom: 0.0001pt; text-align: justify;\"><span>2)Assoluta indelicatezza nei confronti delle maestre, dei bambini e delle rispettive famiglie a seguito dell\u2019aver reso nota la classe. Ci sono stati tantissimi altri casi in altre scuole ma, con estremo tatto e delicatezza, non \u00e8 mai stato fatto riferimento alla classe nel dettaglio dato che si sta privilegiando la tutela di coloro che purtroppo si trovano a vivere una situazione come questa. <\/span><\/p>\n<p style=\"margin-bottom: 0.0001pt; text-align: justify;\"><span>Stiamo ormai attraversando da un anno un periodo di estremo allarmismo dove l\u2019altro viene visto come un appestato. Perch\u00e9 mettere alla berlina dei piccoli e delle impeccabili professioniste quali sono le maestre della 2G semplicemente per far notizia?<\/span><\/p>\n<p style=\"margin-bottom: 0.0001pt; text-align: justify;\"><span>Chiedo che quanto dichiarato venga reso noto a rettifica di quando scritto in questo articolo.<\/span><\/p>\n<p style=\"margin-bottom: 0.0001pt; text-align: justify;\"><span>Inoltre colgo l\u2019occasione per ringraziare l\u2019operato del preside Stea e delle maestre Angela Fiorente, Patrizia Riso e Annadora Cardetta, che con estrema tempestivit\u00e0, garbo e amore per i nostri piccoli, hanno gestito la situazione in maniera egregia\u201d.<\/span><\/p>\n<div style=\"margin-bottom: 0.0001pt; text-align: right;\" align=\"right\"><strong><span>Margaret Antonicelli<\/span><\/strong><\/div>\n<div style=\"margin-bottom: 0.0001pt; text-align: right;\" align=\"right\"><strong><span>Rappresentante di Classe 2G via Eva<\/span><\/strong><\/div>\n<p>&nbsp;<\/p>\n","protected":false},"excerpt":{"rendered":"","protected":false},"author":1,"featured_media":0,"comment_status":"open","ping_status":"closed","sticky":false,"template":"","format":"standard","meta":{"colormag_page_container_layout":"default_layout","colormag_page_sidebar_layout":"default_layout","footnotes":""},"categories":[8],"tags":[],"class_list":["post-65125","post","type-post","status-publish","format-standard","hentry","category-cronaca"],"_links":{"self":[{"href":"https:\/\/archiviogioia.lavocedelpaese.info\/index.php?rest_route=\/wp\/v2\/posts\/65125","targetHints":{"allow":["GET"]}}],"collection":[{"href":"https:\/\/archiviogioia.lavocedelpaese.info\/index.php?rest_route=\/wp\/v2\/posts"}],"about":[{"href":"https:\/\/archiviogioia.lavocedelpaese.info\/index.php?rest_route=\/wp\/v2\/types\/post"}],"author":[{"embeddable":true,"href":"https:\/\/archiviogioia.lavocedelpaese.info\/index.php?rest_route=\/wp\/v2\/users\/1"}],"replies":[{"embeddable":true,"href":"https:\/\/archiviogioia.lavocedelpaese.info\/index.php?rest_route=%2Fwp%2Fv2%2Fcomments&post=65125"}],"version-history":[{"count":0,"href":"https:\/\/archiviogioia.lavocedelpaese.info\/index.php?rest_route=\/wp\/v2\/posts\/65125\/revisions"}],"wp:attachment":[{"href":"https:\/\/archiviogioia.lavocedelpaese.info\/index.php?rest_route=%2Fwp%2Fv2%2Fmedia&parent=65125"}],"wp:term":[{"taxonomy":"category","embeddable":true,"href":"https:\/\/archiviogioia.lavocedelpaese.info\/index.php?rest_route=%2Fwp%2Fv2%2Fcategories&post=65125"},{"taxonomy":"post_tag","embeddable":true,"href":"https:\/\/archiviogioia.lavocedelpaese.info\/index.php?rest_route=%2Fwp%2Fv2%2Ftags&post=65125"}],"curies":[{"name":"wp","href":"https:\/\/api.w.org\/{rel}","templated":true}]}}