{"id":65179,"date":"2021-03-02T08:52:53","date_gmt":"2021-03-02T08:52:53","guid":{"rendered":"https:\/\/archiviogioia.lavocedelpaese.info\/?p=65179"},"modified":"2021-03-02T08:52:53","modified_gmt":"2021-03-02T08:52:53","slug":"covid-sui-vaccini-priorita-anche-alla-polizia-locale","status":"publish","type":"post","link":"https:\/\/archiviogioia.lavocedelpaese.info\/?p=65179","title":{"rendered":"COVID: SUI VACCINI PRIORIT\u00c0 ANCHE ALLA POLIZIA LOCALE"},"content":{"rendered":"<p><a href=\"https:\/\/ibb.co\/23jNVgL\"><img loading=\"lazy\" decoding=\"async\" style=\"display: block; margin-left: auto; margin-right: auto;\" src=\"https:\/\/i.ibb.co\/N2LSDZk\/vaccinazione-covid.jpg\" alt=\"vaccinazione-covid\" width=\"320\" height=\"240\" \/><\/a><\/p>\n<p><!--more--><\/p>\n<p style=\"text-align: justify;\"><a title=\"POLIZIA MUNICIPALE\" href=\"https:\/\/www.flickr.com\/photos\/91470992@N02\/28895117244\/in\/photolist-L2n2EC-GhkL6f-FpPgAP-FKgK9h-FTmHGz-DZu6aQ-EUTwcS-DZtXW1-FpPfQF-Gk5Qsp-FUYm4w-FpCKVh-GhMmGw-GhMEnm-GhMeEq-Gk5HLt-FUXwo1-Gee5V8-Gk5qmD-GeetjB-GbUQ2Q-GbVsxf-FUYdU1-GedVr8-FUXVKw-FpNsuV-GbVvoq-FpCaRW-GhM7fW-FUXRy5-FpNaFe-GhMT1N-Gk3R1n-FpMp4Z-FUX5u7-FUWoxy-GhLRZG-GbU9wY-GhLL93-FpMtM6-GbTTu3-GbTEdo-Gk4JjV-FpBDuJ-FpMUpc-FpBfdy-FpAGWL-FpB5kN-GedQjz-Gk4Gjn\" data-flickr-embed=\"true\"><img loading=\"lazy\" decoding=\"async\" style=\"margin: 5px; float: left;\" src=\"https:\/\/live.staticflickr.com\/8095\/28895117244_e6abf5ef62_z.jpg\" alt=\"POLIZIA MUNICIPALE\" width=\"400\" height=\"300\" \/><\/a> <span style=\"color: #050505;\">\u201cNel recepire il Piano strategico nazionale per la vaccinazione, <strong>la Puglia ha istituito una Cabina di regia regionale e Nuclei operativi aziendali<\/strong>, al fine di assicurare un supporto tecnico-scientifico, pianificare le azioni e monitorare l&#8217;andamento della campagna. Durante la prima fase, come ben noto, le vaccinazioni sono state riservate al personale che opera in ambito sanitario e sociosanitario di strutture pubbliche e private e agli ospiti delle Rsa. La seconda fase, avviatasi circa due settimane fa, vede diversamente coinvolti tra i soggetti destinatari volontari di vaccinazione gli over 80, gli operatori scolastici, le forze dell\u2019Ordine e le forze Armate, lasciando la gestione vaccinale in capo alle rispettive amministrazioni. Cos\u00ec, entro il 15 febbraio le Aziende Sanitarie Locali (ASL), acquisite le manifestazioni d\u2019interesse da parte dei soggetti interessati, hanno provveduto ad individuare le modalit\u00e0 di esecuzione della vaccinazione anti-COVID19, avviandone gi\u00e0 la realizzazione.<\/span><\/p>\n<p style=\"text-align: justify;\"><span style=\"color: #050505;\">\u201cAd oggi pare si stia rispettando il cronoprogramma del piano vaccinale che prevedeva la somministrazione dell&#8217;AstraZeneca gi\u00e0 a partire dal 22 febbraio scorso e di questo possiamo essere soddisfatti \u2013 dichiara la parlamentare pugliese Francesca Galizia (M5S) \u2013 <strong>Non possiamo, per\u00f2, esserlo altrettanto per l&#8217;esclusione della Polizia Locale dalla compagine delle Forze dell&#8217;Ordine<\/strong>. Non darle la stessa priorit\u00e0 prevista per gli agenti delle forze dell&#8217;ordine \u00e8 irriguardoso nei confronti di una categoria di prossimit\u00e0, che ogni giorno sui nostri territori garantisce sicurezza e ordine pubblico. Gli operatori della Polizia locale, soprattutto in questa fase di crisi sanitaria da COVID-19, si trovano ad avere un rischio di esposizione al virus maggiore rispetto ad altre attivit\u00e0 lavorative. <strong>\u00c8 ne<\/strong><\/span><a href=\"https:\/\/ibb.co\/V9GFbYY\"><img loading=\"lazy\" decoding=\"async\" style=\"margin: 5px; float: right;\" src=\"https:\/\/i.ibb.co\/543QChh\/Francesca-Galizia.jpg\" alt=\"Francesca-Galizia\" width=\"400\" height=\"300\" \/><\/a><span style=\"color: #050505;\"><strong>cessario, dunque \u2013 prosegue la deputata 5 Stelle \u2013 che ricevano un&#8217;attenzione e una tutela maggiore, nel rispetto dell&#8217;im<\/strong><\/span><span style=\"color: #050505;\"><strong>portante ruolo che rivestono nei nostri comuni<\/strong> e dell&#8217;impegno che mettono nell&#8217;occuparsi anche delle fasce pi\u00f9 vulnerabili della popolazione. Occorre, pertanto, provvederne un immediato inserimento tra le categorie di aventi prioritariamente diritto al siero anti Covid-19&#8243;.<\/span><\/p>\n<p style=\"text-align: justify;\"><span style=\"color: #050505;\">La questione rimanda all\u2019esigenza, divenuta a ancora pi\u00f9 urgente, di una <strong>riforma della Polizia Locale<\/strong> che possa riconoscerle, per diritto e norma, l&#8217;equiparazione alle Forze di Polizia di Stato, chiaramente nel contesto di s<\/span><span style=\"color: #050505;\">pecifiche competenze. Una questione che ha visto in prima linea la deputata Francesca Galizia (M5S).<\/span><\/p>\n<p style=\"text-align: justify;\"><span style=\"color: #050505;\">&#8220;Nei prossimi mesi accoglieremo in Aula la proposta di riforma della Polizia Locale, che non potr\u00e0 pi\u00f9 restare inascoltata \u2013 <strong>conclude<\/strong> \u2013 Insieme al collega Giuseppe Brescia abbiamo depositato una proposta di legge e, in ultimo, un emendamento alla Legge di Bilancio che prevede l\u2019istituzione di un Fondo, a fronte del quale il Parlamento dovr\u00e0 necessariamente impegnarsi ad approvare la riforma entro il 2021. <strong>Ora che sono state individuate le risorse, mi auguro che tutte le forze politiche appoggino questo percorso di riforma<\/strong>\u201d.<\/span><\/p>\n<p style=\"text-align: right;\" align=\"right\"><strong><span style=\"color: #050505;\">Ufficio Stampa On. Francesca <\/span><span style=\"color: #050505;\">Galizi<\/span><span style=\"color: #050505;\">a<\/span> <\/strong>(M5S)<\/p>\n<p>&nbsp;<\/p>\n","protected":false},"excerpt":{"rendered":"","protected":false},"author":1,"featured_media":0,"comment_status":"open","ping_status":"closed","sticky":false,"template":"","format":"standard","meta":{"colormag_page_container_layout":"default_layout","colormag_page_sidebar_layout":"default_layout","footnotes":""},"categories":[7],"tags":[],"class_list":["post-65179","post","type-post","status-publish","format-standard","hentry","category-attualita"],"_links":{"self":[{"href":"https:\/\/archiviogioia.lavocedelpaese.info\/index.php?rest_route=\/wp\/v2\/posts\/65179","targetHints":{"allow":["GET"]}}],"collection":[{"href":"https:\/\/archiviogioia.lavocedelpaese.info\/index.php?rest_route=\/wp\/v2\/posts"}],"about":[{"href":"https:\/\/archiviogioia.lavocedelpaese.info\/index.php?rest_route=\/wp\/v2\/types\/post"}],"author":[{"embeddable":true,"href":"https:\/\/archiviogioia.lavocedelpaese.info\/index.php?rest_route=\/wp\/v2\/users\/1"}],"replies":[{"embeddable":true,"href":"https:\/\/archiviogioia.lavocedelpaese.info\/index.php?rest_route=%2Fwp%2Fv2%2Fcomments&post=65179"}],"version-history":[{"count":0,"href":"https:\/\/archiviogioia.lavocedelpaese.info\/index.php?rest_route=\/wp\/v2\/posts\/65179\/revisions"}],"wp:attachment":[{"href":"https:\/\/archiviogioia.lavocedelpaese.info\/index.php?rest_route=%2Fwp%2Fv2%2Fmedia&parent=65179"}],"wp:term":[{"taxonomy":"category","embeddable":true,"href":"https:\/\/archiviogioia.lavocedelpaese.info\/index.php?rest_route=%2Fwp%2Fv2%2Fcategories&post=65179"},{"taxonomy":"post_tag","embeddable":true,"href":"https:\/\/archiviogioia.lavocedelpaese.info\/index.php?rest_route=%2Fwp%2Fv2%2Ftags&post=65179"}],"curies":[{"name":"wp","href":"https:\/\/api.w.org\/{rel}","templated":true}]}}