{"id":65190,"date":"2021-03-03T09:05:08","date_gmt":"2021-03-03T09:05:08","guid":{"rendered":"https:\/\/archiviogioia.lavocedelpaese.info\/?p=65190"},"modified":"2021-03-03T09:05:08","modified_gmt":"2021-03-03T09:05:08","slug":"cosa-cambia-e-cosa-resta-con-il-nuovo-dpcm-draghi-2","status":"publish","type":"post","link":"https:\/\/archiviogioia.lavocedelpaese.info\/?p=65190","title":{"rendered":"COSA CAMBIA E COSA RESTA CON IL NUOVO DPCM DRAGHI"},"content":{"rendered":"<p><a href=\"https:\/\/ibb.co\/pXNxwL8\"><img loading=\"lazy\" decoding=\"async\" style=\"display: block; margin-left: auto; margin-right: auto;\" src=\"https:\/\/i.ibb.co\/3hV7dCq\/Screenshot-1-3.jpg\" alt=\"Screenshot-1-3\" width=\"320\" height=\"240\" \/><\/a><\/p>\n<p><!--more--><\/p>\n<p style=\"text-align: justify;\"><a href=\"https:\/\/ibb.co\/PNvphHb\"><img loading=\"lazy\" decoding=\"async\" style=\"margin: 5px; float: left;\" src=\"https:\/\/i.ibb.co\/JKwL7Jb\/draghi-ha-firmato-il-nuovo-dpcm-sara-in-vigore-dal-6-marzo-al-6-aprile-524c05a8-7b96-11eb-8eb2-0b7ef.jpg\" alt=\"draghi-ha-firmato-il-nuovo-dpcm-sara-in-vigore-dal-6-marzo-al-6-aprile-524c05a8-7b96-11eb-8eb2-0b7ef\" width=\"400\" height=\"299\" \/><\/a>\u201cIl Presidente Mario Draghi ha firmato oggi il nuovo decreto del Presidente del Consiglio dei ministri (DPCM) che detta le misure di contrasto alla pandemia e di prevenzione del contagio da COVID-19.<\/p>\n<p style=\"text-align: justify;\">Il DPCM sar\u00e0 in vigore dal 6 marzo al 6 aprile 2021 e conferma, fino al 27 marzo, il divieto gi\u00e0 in vigore di spostarsi tra regioni o province autonome diverse, con l\u2019eccezione degli spostamenti dovuti a motivi di lavoro, salute o necessit\u00e0.<\/p>\n<p style=\"text-align: justify;\">Di seguito una sintesi delle principali novit\u00e0 e delle misure confermate.<\/p>\n<p style=\"text-align: justify;\"><strong>ZONE BIANCHE<\/strong><\/p>\n<p style=\"text-align: justify;\">Nelle zone bianche, si prevede la cessazione delle misure restrittive previste per la zona gialla, pur continuando ad applicarsi le misure anti-contagio generali (come, per esempio, l\u2019obbligo di indossare la mascherina e quello di mantenere le distanze interpersonali) e i protocolli di settore.<br \/> Restano sospesi gli eventi che comportano assembramenti (fiere, congressi, discoteche e pubblico negli stadi).<\/p>\n<p style=\"text-align: justify;\">Si istituisce un \u201ctavolo permanente\u201d presso il Ministero della salute, con i rappresentanti delle regioni interessate, del Comitato tecnico-scientifico e dell\u2019Istituto superiore di sanit\u00e0, per monitorare gli effetti dell\u2019allentamento delle misure e verificare la necessit\u00e0 di adottarne eventualmente ulteriori.<\/p>\n<p style=\"text-align: justify;\"><strong>SCUOLA<\/strong><\/p>\n<p style=\"text-align: justify;\"><strong>Zone rosse<\/strong> \u2013 Dal 6 marzo, si prevede nelle zone rosse la sospensione dell\u2019attivit\u00e0 in presenza delle scuole di ogni ordine e grado, comprese le scuole dell\u2019infanzia ed elementari. Resta garantita la possibilit\u00e0 di svolgere attivit\u00e0 in presenza per gli alunni con disabilit\u00e0 e con bisogni educativi speciali.<\/p>\n<p style=\"text-align: justify;\"><strong>Zone arancioni e gialle<\/strong> \u2013 I Presidenti delle regioni potranno disporre la sospensione dell\u2019attivit\u00e0 scolastica:<\/p>\n<div style=\"text-align: justify;\">&#8211; nelle aree in cui abbiano adottato misure pi\u00f9 stringenti per via della gravit\u00e0 delle varianti;<\/div>\n<div style=\"text-align: justify;\">&#8211; nelle zone in cui vi siano pi\u00f9 di 250 contagi ogni 100mila abitanti nell\u2019arco di 7 giorni;<\/div>\n<div style=\"text-align: justify;\">&#8211; nel caso di una eccezionale situazione di peggioramento del quadro epidemiologico.<\/div>\n<p style=\"text-align: justify;\"><strong>MUSEI, TEATRI, CINEMA E IMPIANTI SPORTIVI<\/strong><\/p>\n<p style=\"text-align: justify;\">Nelle zone gialle si conferma la possibilit\u00e0 per i musei di aprire nei giorni infrasettimanali, garantendo un afflusso controllato. Dal 27 marzo, sempre nelle zone gialle, \u00e8 prevista l\u2019apertura anche il sabato e nei giorni festivi.<\/p>\n<p style=\"text-align: justify;\">Dal 27 marzo, nelle zone gialle si prevede la possibilit\u00e0 di riaprire teatri e cinema, con posti a sedere preassegnati, nel rispetto delle norme di distanziamento. La capienza non potr\u00e0 superare il 25% di quella massima, fino a 400 spettatori all\u2019aperto e 200 al chiuso per ogni sala.<\/p>\n<p style=\"text-align: justify;\">Restano chiusi palestre, piscine e impianti sciistici.<\/p>\n<p style=\"text-align: justify;\"><strong>ATTIVIT\u00c0 COMMERCIALI<\/strong><\/p>\n<p style=\"text-align: justify;\">In tutte le zone \u00e8 stato eliminato il divieto di asporto dopo le ore 18 per gli esercizi di commercio al dettaglio di bevande da non consumarsi sul posto.<\/p>\n<p style=\"text-align: justify;\"><strong>SERVIZI ALLA PERSONA<\/strong><\/p>\n<p style=\"text-align: justify;\">Nelle zone rosse, saranno chiusi i servizi alla persona come parrucchieri, barbieri e centri estetici.<\/p>\n<p style=\"text-align: justify;\"><strong>SPOSTAMENTI DA E PER L\u2019ESTERO<\/strong><\/p>\n<p style=\"text-align: justify;\">Si amplia il novero dei Paesi interessati della sperimentazione dei voli cosiddetti \u201cCOVID tested\u201d.<\/p>\n<p style=\"text-align: justify;\">A chi \u00e8 stato in Brasile nei 14 giorni precedenti \u00e8 consentito l\u2019ingresso in Italia anche per raggiungere domicilio, abitazione o residenza dei figli minori.<\/p>\n<p style=\"text-align: justify;\"><strong>TAVOLO DI CONFRONTO CON LE REGIONI<\/strong><\/p>\n<p style=\"text-align: justify;\">\u00c8 istituito un tavolo di confronto presso il Ministero della salute, con componenti in rappresentanza dell\u2019Istituto superiore di sanit\u00e0, delle regioni e delle province autonome, del Ministro per gli affari regionali e le autonomie e del Comitato tecnico-scientifico, con il compito di procedere all\u2019eventuale revisione o aggiornamento dei parametri per la valutazione del rischio epidemiologico, in considerazione anche delle nuove varianti\u201d.<\/p>\n<p style=\"text-align: right;\" align=\"right\"><strong>Ufficio Stampa Governo<\/strong><\/p>\n<p><a href=\"https:\/\/www.governo.it\/sites\/governo.it\/files\/DPCM_20210302_0.pdf\">Dpcm 2 marzo 2021&nbsp;<\/a><\/p>\n<p><a href=\"https:\/\/ibb.co\/RBLwtZK\"><img decoding=\"async\" src=\"https:\/\/i.ibb.co\/4YBrC9L\/suddivisione-zone.jpg\" alt=\"suddivisione-zone\" border=\"0\" \/><\/a><\/p>\n","protected":false},"excerpt":{"rendered":"","protected":false},"author":1,"featured_media":0,"comment_status":"open","ping_status":"closed","sticky":false,"template":"","format":"standard","meta":{"colormag_page_container_layout":"default_layout","colormag_page_sidebar_layout":"default_layout","footnotes":""},"categories":[4],"tags":[],"class_list":["post-65190","post","type-post","status-publish","format-standard","hentry","category-politica"],"_links":{"self":[{"href":"https:\/\/archiviogioia.lavocedelpaese.info\/index.php?rest_route=\/wp\/v2\/posts\/65190","targetHints":{"allow":["GET"]}}],"collection":[{"href":"https:\/\/archiviogioia.lavocedelpaese.info\/index.php?rest_route=\/wp\/v2\/posts"}],"about":[{"href":"https:\/\/archiviogioia.lavocedelpaese.info\/index.php?rest_route=\/wp\/v2\/types\/post"}],"author":[{"embeddable":true,"href":"https:\/\/archiviogioia.lavocedelpaese.info\/index.php?rest_route=\/wp\/v2\/users\/1"}],"replies":[{"embeddable":true,"href":"https:\/\/archiviogioia.lavocedelpaese.info\/index.php?rest_route=%2Fwp%2Fv2%2Fcomments&post=65190"}],"version-history":[{"count":0,"href":"https:\/\/archiviogioia.lavocedelpaese.info\/index.php?rest_route=\/wp\/v2\/posts\/65190\/revisions"}],"wp:attachment":[{"href":"https:\/\/archiviogioia.lavocedelpaese.info\/index.php?rest_route=%2Fwp%2Fv2%2Fmedia&parent=65190"}],"wp:term":[{"taxonomy":"category","embeddable":true,"href":"https:\/\/archiviogioia.lavocedelpaese.info\/index.php?rest_route=%2Fwp%2Fv2%2Fcategories&post=65190"},{"taxonomy":"post_tag","embeddable":true,"href":"https:\/\/archiviogioia.lavocedelpaese.info\/index.php?rest_route=%2Fwp%2Fv2%2Ftags&post=65190"}],"curies":[{"name":"wp","href":"https:\/\/api.w.org\/{rel}","templated":true}]}}