{"id":65195,"date":"2021-03-03T09:35:20","date_gmt":"2021-03-03T09:35:20","guid":{"rendered":"https:\/\/archiviogioia.lavocedelpaese.info\/?p=65195"},"modified":"2021-03-03T09:35:20","modified_gmt":"2021-03-03T09:35:20","slug":"campagna-vaccinale-citta-metropolitanai-conferenza-dei-sindaci-2","status":"publish","type":"post","link":"https:\/\/archiviogioia.lavocedelpaese.info\/?p=65195","title":{"rendered":"Campagna vaccinale Citt\u00e0 Metropolitana. Conferenza dei sindaci"},"content":{"rendered":"<p><a href=\"https:\/\/ibb.co\/VNDG0nf\"><img loading=\"lazy\" decoding=\"async\" style=\"display: block; margin-left: auto; margin-right: auto;\" src=\"https:\/\/i.ibb.co\/thc6wjV\/4886657-3f66db-768x430.jpg\" alt=\"4886657-3f66db-768x430\" width=\"320\" height=\"240\" \/><\/a><\/p>\n<p><!--more--><\/p>\n<p style=\"text-align: justify;\"><a href=\"https:\/\/ibb.co\/QdGfY0p\"><img loading=\"lazy\" decoding=\"async\" style=\"margin: 5px; float: left;\" src=\"https:\/\/i.ibb.co\/q5wdm67\/156465255-2833845210222710-6018014126628558754-o.jpg\" alt=\"156465255-2833845210222710-6018014126628558754-o\" width=\"400\" height=\"266\" \/><\/a> \u201cNel corso della Conferenza dei Sindaci dell&#8217;area metropolitana celebratasi luned\u00ec, \u00e8 stata redatta una nota congiunta, destinata all&#8217;ASL Bari, nella quale, oltre a manifestare la disponibilit\u00e0 da parte delle Amministrazioni comunali a supportare la campagna vaccinale in corso, \u00e8 stato richiesto un coordinamento interistituzionale pi\u00f9 efficace nell&#8217;espletamento delle attivit\u00e0 previste.<\/p>\n<p style=\"text-align: justify;\">Ecco il contenuto integrale del documento trasmesso:<\/p>\n<p style=\"text-align: justify;\">&#8220;Questa mattina si \u00e8 tenuto un incontro tra i 41 Sindaci dell\u2019area metropolitana di Bari, in preparazione della Conferenza dei Sindaci ASL Bari che si svolger\u00e0 mercoled\u00ec 3 marzo, avente ad oggetto il supporto dei comuni alla campagna vaccinale sul territorio.<\/p>\n<p style=\"text-align: justify;\">Tutti i Sindaci hanno dato la disponibilit\u00e0 a sostenere la campagna di vaccinazione.<\/p>\n<p style=\"text-align: justify;\">Da quando la campagna vaccinale \u00e8 uscita dal settore specificamente sanitario sono andate via via emergendo alcune criticit\u00e0 sulle quali \u00e8 urgente attivare un coordinamento interistituzionale:<\/p>\n<p style=\"text-align: justify;\">1. le strutture sanitarie in senso stretto (strutture ospedaliere e presidi di continuit\u00e0 assistenziale), non sembrano del tutto idonee ad affrontare una campagna di vaccinazione estesa;<\/p>\n<p style=\"text-align: justify;\">2. anche laddove vi sono strutture sanitarie in numero sufficiente, potrebbe emergere una difficolt\u00e0 nella disponibilit\u00e0 di operatori sanitari quando la dotazione dei vaccini aumenter\u00e0;<\/p>\n<p style=\"text-align: justify;\">3. le comunit\u00e0 cittadine chiedono di essere informate circa la pianificazione delle attivit\u00e0 di vaccinazione, sulle modalit\u00e0 di prenotazione e sull&#8217;effettuazione delle prestazioni su alcune categorie di cittadini (over 80 a domicilio, soggetti fragili, operatori scolastici, polizie locali, operatori dell&#8217;assistenza domiciliare).<a href=\"https:\/\/ibb.co\/1TKN6Zf\"><img loading=\"lazy\" decoding=\"async\" style=\"margin: 5px; float: right;\" src=\"https:\/\/i.ibb.co\/0rZLtqj\/foto-vaccinazione.jpg\" alt=\"foto-vaccinazione\" width=\"400\" height=\"251\" \/><\/a><\/p>\n<p style=\"text-align: justify;\">I Sindaci rinnovano la totale disponibilit\u00e0 delle loro Amministrazioni a supportare la ASL nella implementazione della rete dei punti vaccinali con strutture comunali (palestre, impianti sportivi e altro).<\/p>\n<p style=\"text-align: justify;\">Chiedono per\u00f2 che tali attivit\u00e0 vengano coordinate dalla ASL sia sotto il profilo della individuazione della dotazione tecnica dei punti sia nella gestione diretta come presidi sanitari temporanei.<\/p>\n<p style=\"text-align: justify;\">I Sindaci sono disponibili anche ad anticipare i costi degli allestimenti, fermo restando che risulta indispensabile ed oltremodo urgente definire modi e tempi dei rimborsi di tali spese.<\/p>\n<p style=\"text-align: justify;\">In ogni caso, la pianificazione della campagna vaccinale dovr\u00e0 essere comunicata in modo chiaro e trasparente ai Sindaci, in modo che ciascuna Amministrazione comunale possa aiutare i cittadini a comprendere l\u2019iter di un percorso che si presenta di grande complessit\u00e0, proporzionale alla enorme platea dei cittadini interessati.<\/p>\n<p style=\"text-align: justify;\">I Sindaci chiedono inoltre di sapere quale sar\u00e0, nella campagna vaccinale, il ruolo dei medici di medicina generale, il cui apporto potrebbe essere strategico per assicurare, in sinergia al dipartimento di prevenzione, un efficace servizio territoriale.<\/p>\n<p style=\"text-align: justify;\" align=\"right\">In conclusione, i Sindaci richiamano l&#8217;importanza che siano inserite, nel pi\u00f9 breve tempo possibile, nelle fasce da sottoporre a vaccinazione gli addetti ai servizi pubblici essenziali, che in questa fase di recrudescenza del contagio appaiono sempre pi\u00f9 esposti ai rischi&#8221;.<\/p>\n<p style=\"text-align: right;\" align=\"right\"><strong>dal profilo Fb del Sindaco<\/strong><\/p>\n<p>&nbsp;<\/p>\n","protected":false},"excerpt":{"rendered":"","protected":false},"author":1,"featured_media":0,"comment_status":"open","ping_status":"closed","sticky":false,"template":"","format":"standard","meta":{"colormag_page_container_layout":"default_layout","colormag_page_sidebar_layout":"default_layout","footnotes":""},"categories":[4],"tags":[],"class_list":["post-65195","post","type-post","status-publish","format-standard","hentry","category-politica"],"_links":{"self":[{"href":"https:\/\/archiviogioia.lavocedelpaese.info\/index.php?rest_route=\/wp\/v2\/posts\/65195","targetHints":{"allow":["GET"]}}],"collection":[{"href":"https:\/\/archiviogioia.lavocedelpaese.info\/index.php?rest_route=\/wp\/v2\/posts"}],"about":[{"href":"https:\/\/archiviogioia.lavocedelpaese.info\/index.php?rest_route=\/wp\/v2\/types\/post"}],"author":[{"embeddable":true,"href":"https:\/\/archiviogioia.lavocedelpaese.info\/index.php?rest_route=\/wp\/v2\/users\/1"}],"replies":[{"embeddable":true,"href":"https:\/\/archiviogioia.lavocedelpaese.info\/index.php?rest_route=%2Fwp%2Fv2%2Fcomments&post=65195"}],"version-history":[{"count":0,"href":"https:\/\/archiviogioia.lavocedelpaese.info\/index.php?rest_route=\/wp\/v2\/posts\/65195\/revisions"}],"wp:attachment":[{"href":"https:\/\/archiviogioia.lavocedelpaese.info\/index.php?rest_route=%2Fwp%2Fv2%2Fmedia&parent=65195"}],"wp:term":[{"taxonomy":"category","embeddable":true,"href":"https:\/\/archiviogioia.lavocedelpaese.info\/index.php?rest_route=%2Fwp%2Fv2%2Fcategories&post=65195"},{"taxonomy":"post_tag","embeddable":true,"href":"https:\/\/archiviogioia.lavocedelpaese.info\/index.php?rest_route=%2Fwp%2Fv2%2Ftags&post=65195"}],"curies":[{"name":"wp","href":"https:\/\/api.w.org\/{rel}","templated":true}]}}