{"id":65364,"date":"2021-04-02T17:37:58","date_gmt":"2021-04-02T17:37:58","guid":{"rendered":"https:\/\/archiviogioia.lavocedelpaese.info\/?p=65364"},"modified":"2021-04-02T17:37:58","modified_gmt":"2021-04-02T17:37:58","slug":"hub-vaccini-ogni-comune-avra-il-suo-centro","status":"publish","type":"post","link":"https:\/\/archiviogioia.lavocedelpaese.info\/?p=65364","title":{"rendered":"HUB VACCINI: OGNI COMUNE AVR\u00c0 IL SUO CENTRO"},"content":{"rendered":"<p><a href=\"https:\/\/ibb.co\/c3d6kL6\"><img loading=\"lazy\" decoding=\"async\" style=\"display: block; margin-left: auto; margin-right: auto;\" src=\"https:\/\/i.ibb.co\/xLQ1XH1\/ta6.jpg\" alt=\"ta6\" width=\"320\" height=\"240\" \/><\/a><\/p>\n<p><!--more--><\/p>\n<p style=\"margin-bottom: 0.0001pt; text-align: justify;\"><a href=\"https:\/\/ibb.co\/0GmVhSL\"><img loading=\"lazy\" decoding=\"async\" style=\"margin: 5px; float: left;\" src=\"https:\/\/i.ibb.co\/9rc3sL0\/167638967-2856074871333077-4279209552440210485-n.jpg\" alt=\"167638967-2856074871333077-4279209552440210485-n\" width=\"400\" height=\"300\" \/><\/a><span><strong>E\u2019 arrivata poco prima di andare in stampa con &#8220;La voce del paese&#8221; la notizia, anticipata dal sindaco di Santeramo,<\/strong> che la Asl ha ufficializzato in queste ore l\u2019attivazione dei centri vaccinali in tutti i comuni che ne avevano fatto richiesta.&nbsp;&nbsp; <\/span><\/p>\n<p style=\"margin-bottom: 0.0001pt; text-align: justify;\"><span><strong>Dopo l\u2019annuncio dell\u2019apertura dell\u2019hub vaccinale a Sammichele, il caos si \u00e8 scatenato dentro e fuori dai social<\/strong>, motivo per cui il Sindaco Mastrangelo ha indetto una conferenza stampa il 1\u00b0 aprile con l\u2019intento di fare chiarezza assieme ai Sindaci di Casamassima, Santeramo e Turi. <\/span><\/p>\n<p style=\"margin-bottom: 0.0001pt; text-align: justify;\"><span><strong>Gli stessi Sindaci hanno appreso la notizia che i cittadini si sarebbero dovuti recare altrove per vaccinarsi dalla pagina del Comune di Sammichele<\/strong>, notizia che ha generato non poco malcontento tra i cittadini dei vari paesi poco disposti a spostarsi in maniera del tutto immotivata, viste le strutture presenti nei vari Comuni tra l\u2019altro gi\u00e0 messe a disposizione per le vaccinazioni di massa. <\/span><\/p>\n<p style=\"text-align: justify;\"><span><strong>Il tutto senza una motivazione logica<\/strong> da poter dare ai cittadini circa l\u2019esigenza di far spostare 28.000 cittadini, nel caso di Gioia, in un comune di 6000, soprattutto in un periodo in cui la mobilit\u00e0 tra Comuni \u00e8 di fatto interdetta; <strong>non meno grave, \u00e8 invece la mancanza di comunicazione rispetto alla decisione presa dalla Asl<\/strong>, un provvedimento praticamente calato dall\u2019alto per cui non c\u2019\u00e8 stata assolutamente una condivisione.<\/span><\/p>\n<p><a href=\"https:\/\/ibb.co\/1MBf6ZG\"><img loading=\"lazy\" decoding=\"async\" src=\"https:\/\/i.ibb.co\/2SR7Nq3\/168518341-2856732814600616-384462935631337794-n.jpg\" alt=\"168518341-2856732814600616-384462935631337794-n\" width=\"670\" height=\"947\" \/><\/a><\/p>\n","protected":false},"excerpt":{"rendered":"","protected":false},"author":1,"featured_media":0,"comment_status":"open","ping_status":"closed","sticky":false,"template":"","format":"standard","meta":{"colormag_page_container_layout":"default_layout","colormag_page_sidebar_layout":"default_layout","footnotes":""},"categories":[4],"tags":[],"class_list":["post-65364","post","type-post","status-publish","format-standard","hentry","category-politica"],"_links":{"self":[{"href":"https:\/\/archiviogioia.lavocedelpaese.info\/index.php?rest_route=\/wp\/v2\/posts\/65364","targetHints":{"allow":["GET"]}}],"collection":[{"href":"https:\/\/archiviogioia.lavocedelpaese.info\/index.php?rest_route=\/wp\/v2\/posts"}],"about":[{"href":"https:\/\/archiviogioia.lavocedelpaese.info\/index.php?rest_route=\/wp\/v2\/types\/post"}],"author":[{"embeddable":true,"href":"https:\/\/archiviogioia.lavocedelpaese.info\/index.php?rest_route=\/wp\/v2\/users\/1"}],"replies":[{"embeddable":true,"href":"https:\/\/archiviogioia.lavocedelpaese.info\/index.php?rest_route=%2Fwp%2Fv2%2Fcomments&post=65364"}],"version-history":[{"count":0,"href":"https:\/\/archiviogioia.lavocedelpaese.info\/index.php?rest_route=\/wp\/v2\/posts\/65364\/revisions"}],"wp:attachment":[{"href":"https:\/\/archiviogioia.lavocedelpaese.info\/index.php?rest_route=%2Fwp%2Fv2%2Fmedia&parent=65364"}],"wp:term":[{"taxonomy":"category","embeddable":true,"href":"https:\/\/archiviogioia.lavocedelpaese.info\/index.php?rest_route=%2Fwp%2Fv2%2Fcategories&post=65364"},{"taxonomy":"post_tag","embeddable":true,"href":"https:\/\/archiviogioia.lavocedelpaese.info\/index.php?rest_route=%2Fwp%2Fv2%2Ftags&post=65364"}],"curies":[{"name":"wp","href":"https:\/\/api.w.org\/{rel}","templated":true}]}}