{"id":65419,"date":"2021-04-12T15:18:03","date_gmt":"2021-04-12T15:18:03","guid":{"rendered":"https:\/\/archiviogioia.lavocedelpaese.info\/?p=65419"},"modified":"2021-04-12T15:18:03","modified_gmt":"2021-04-12T15:18:03","slug":"gioia-del-colle-diminuiscono-i-contagi-da-covid-19-ma-2","status":"publish","type":"post","link":"https:\/\/archiviogioia.lavocedelpaese.info\/?p=65419","title":{"rendered":"Gioia del Colle. Diminuiscono i contagi da covid-19\u2026 ma"},"content":{"rendered":"<p><a title=\"coronavirus\" href=\"https:\/\/www.flickr.com\/photos\/91470992@N02\/49781644452\/in\/photolist-2iR2WwG-2iQCaLB-2iQidZt-2iQ283V-2iQ29DF-2iPAFYd-2iPCmaC-2iPpuE4-2iPk4Np-2iPnv8T-2j2B89o-2iPc4SD-2iPgqXa-2iSxdGd-2iNQt2q-2iNNJKT-2iNL2BX-2iNyYjQ-2iNAHbv-2iNb6x5-2iN9bHe-2iMV5tE-2iMBVsH-2iMvjbz-2iMi8yf-2iMapj5-2iMapm4-2iMaqpM-2iMeT8C-2iLXAxq-2iLVVkP-2iLAWAt-2iLvRip-2iLqJXK-2iLqKFZ-2iLtx58-2iLhCfR-2iKRjKh-2iKMem8-2iKKBpz-2iKMekG-2iKGS8f-2iKMenv-2j3nxdb-2iKmkP8-2j3m1zD-2iJAVc7-2iJCyZv-2iJhxiV-2iJdbhW\" data-flickr-embed=\"true\"><img loading=\"lazy\" decoding=\"async\" style=\"display: block; margin-left: auto; margin-right: auto;\" src=\"https:\/\/live.staticflickr.com\/65535\/49781644452_c709f546ca_o.jpg\" alt=\"coronavirus\" width=\"320\" height=\"240\" \/><\/a><\/p>\n<p><!--more--><\/p>\n<p style=\"text-align: justify;\"><a title=\"coronavirus\" href=\"https:\/\/www.flickr.com\/photos\/91470992@N02\/49890911131\/in\/photolist-2j1FXGX-2j1mHWy-2iZY8Bc-2j13qaJ-2iZZDsv-2iZWQAR-2j128ft-2iZFcXe-2iYZ8yL-2iZ4rvJ-2iYSUcv-2iYzU17-2iYcpQv-2iYgKcY-2j5Subk-2iXvmZR-2iXc9nR-2iXc9s5-2iX7m5W-2iWGDwT-2iVhryJ-2iUYvgP-2iUeBrE-2iTzWdQ-2iSxiep-2iSwweu-2iSuWAU-2iS6Src-2iRkXzB-2iRnEXf-2iR2WwG-2iQCaLB-2iQidZt-2iQ283V-2iQ29DF-2iPAFYd-2iPCmaC-2iPpuE4-2iPk4Np-2iPnv8T-2j2B89o-2iPc4SD-2iPgqXa-2iSxdGd-2iNNJKT-2iNL2BX-2iNQt2q-2iNyYjQ-2iNAHbv-2iNb6x5\" data-flickr-embed=\"true\"><img loading=\"lazy\" decoding=\"async\" style=\"margin: 5px; float: left;\" src=\"https:\/\/live.staticflickr.com\/65535\/49890911131_58cf82aaba_w.jpg\" alt=\"coronavirus\" width=\"400\" height=\"300\" \/><\/a><span>\u201cIn base all&#8217;ultimo bollettino trasmesso dalla Prefettura di Bari, a Gioia del Colle sono <strong>110 i cittadini positivi al Covid-19 e 62 quelli in isolamento fiduciario<\/strong>.<\/span><\/p>\n<p style=\"text-align: justify;\"><span>I dati continuano ad evidenziare una progressiva discesa della curva dei contagi nella nostra citt\u00e0, dove <strong>le fasce di et\u00e0 pi\u00f9 colpite dal virus sono<\/strong> quelle dai 45 ai 60 anni (30 casi), dai 31 ai 45 anni (22 casi) e dai 16 ai 30 anni (21 casi).<\/span><\/p>\n<p style=\"text-align: justify;\"><span>Secondo quanto riportato dall&#8217;ultimo monitoraggio della Asl Bari, inoltre, Gioia \u00e8 il secondo comune della provincia di Bari per <strong>incidenza settimanale<\/strong> pi\u00f9 bassa, che si attesta a <strong>107 nuovi casi<\/strong> per 100.000 abitanti (ben al di sotto della media di 330,9 sul territorio provinciale di Bari).<\/span><\/p>\n<p style=\"text-align: justify;\"><span>Le buone notizie sopra esposte non devono indurre per\u00f2 ad abbassare il livello di guardia nell&#8217;azione di contrasto e contenimento della diffusione del virus.<\/span><\/p>\n<p style=\"text-align: justify;\"><span>Si raccomandano sempre massima prudenza, responsabilit\u00e0 e rigorosa osservanza delle norme anticontagio\u201d.<\/span><\/p>\n<p style=\"text-align: right;\" align=\"right\"><strong><span>dal profilo Fb del comune di Gioia del Colle<\/span><\/strong><\/p>\n<p style=\"text-align: justify;\"><strong><span>NOTA REDAZIONALE<\/span><\/strong><\/p>\n<p style=\"text-align: justify;\"><a href=\"https:\/\/ibb.co\/Hx8tKvv\"><img loading=\"lazy\" decoding=\"async\" style=\"margin: 5px; float: right;\" src=\"https:\/\/i.ibb.co\/vQn3c55\/172567474-1121154898297656-3325373237738926151-n.jpg\" alt=\"172567474-1121154898297656-3325373237738926151-n\" width=\"400\" height=\"335\" \/><\/a><span>Notiamo rispetto al passato un <strong>piccolo passo in avanti in merito alla compiutezza dei dati<\/strong>, ma non abbastanza per capire cosa sia accaduto e stia accadendo e in che modo questo virus abbia colpito la nostra citt\u00e0. <strong>In merito alle fasce di et\u00e0 pi\u00f9 colpite<\/strong>, cos\u00ec come esposto non si riesce a comprendere l\u2019utilit\u00e0 del dato stesso. <strong>Su quale dato \u00e8 stato determinato?<\/strong> Sui contagi totali, sui settimanali o su quelli attuali? In quest\u2019ultima ipotesi <strong>\u00e8 possibile capire a quale fascia appartengano i 37 positivi mancanti?<\/strong> [110-(30+22+21)].<\/span><\/p>\n<p style=\"text-align: justify;\"><span>Inoltre, <strong>se i nuovi casi fossero realmente 107<\/strong>, cos\u00ec come sopra riportato, <strong>la media per Gioia del Colle sarebbe di 394,6<\/strong>, ben pi\u00f9 alta della media provinciale.<\/span><\/p>\n<p style=\"text-align: justify;\"><strong><span>La speranza<\/span><\/strong><span> <strong>\u00e8 che i dati<\/strong> dei contagi locali <strong>siano pubblicati in modo preciso e nella loro interezza<\/strong>, cos\u00ec come avviene da tempo, per esempio, a Sammichele di Bari, <strong>in piena trasparenza e nel rispetto della privacy<\/strong>.<\/span><\/p>\n<p>&nbsp;<\/p>\n","protected":false},"excerpt":{"rendered":"","protected":false},"author":1,"featured_media":0,"comment_status":"open","ping_status":"closed","sticky":false,"template":"","format":"standard","meta":{"colormag_page_container_layout":"default_layout","colormag_page_sidebar_layout":"default_layout","footnotes":""},"categories":[8],"tags":[],"class_list":["post-65419","post","type-post","status-publish","format-standard","hentry","category-cronaca"],"_links":{"self":[{"href":"https:\/\/archiviogioia.lavocedelpaese.info\/index.php?rest_route=\/wp\/v2\/posts\/65419","targetHints":{"allow":["GET"]}}],"collection":[{"href":"https:\/\/archiviogioia.lavocedelpaese.info\/index.php?rest_route=\/wp\/v2\/posts"}],"about":[{"href":"https:\/\/archiviogioia.lavocedelpaese.info\/index.php?rest_route=\/wp\/v2\/types\/post"}],"author":[{"embeddable":true,"href":"https:\/\/archiviogioia.lavocedelpaese.info\/index.php?rest_route=\/wp\/v2\/users\/1"}],"replies":[{"embeddable":true,"href":"https:\/\/archiviogioia.lavocedelpaese.info\/index.php?rest_route=%2Fwp%2Fv2%2Fcomments&post=65419"}],"version-history":[{"count":0,"href":"https:\/\/archiviogioia.lavocedelpaese.info\/index.php?rest_route=\/wp\/v2\/posts\/65419\/revisions"}],"wp:attachment":[{"href":"https:\/\/archiviogioia.lavocedelpaese.info\/index.php?rest_route=%2Fwp%2Fv2%2Fmedia&parent=65419"}],"wp:term":[{"taxonomy":"category","embeddable":true,"href":"https:\/\/archiviogioia.lavocedelpaese.info\/index.php?rest_route=%2Fwp%2Fv2%2Fcategories&post=65419"},{"taxonomy":"post_tag","embeddable":true,"href":"https:\/\/archiviogioia.lavocedelpaese.info\/index.php?rest_route=%2Fwp%2Fv2%2Ftags&post=65419"}],"curies":[{"name":"wp","href":"https:\/\/api.w.org\/{rel}","templated":true}]}}