{"id":65432,"date":"2021-04-19T08:56:57","date_gmt":"2021-04-19T08:56:57","guid":{"rendered":"https:\/\/archiviogioia.lavocedelpaese.info\/?p=65432"},"modified":"2021-04-19T08:56:57","modified_gmt":"2021-04-19T08:56:57","slug":"fiori-dazzurro-ripartiamo-dallinfanzia-insieme-alla-cri","status":"publish","type":"post","link":"https:\/\/archiviogioia.lavocedelpaese.info\/?p=65432","title":{"rendered":"FIORI D\u2019AZZURRO, ripartiamo dall\u2019infanzia insieme alla CRI"},"content":{"rendered":"<p><a href=\"https:\/\/ibb.co\/X8RNkwP\"><img loading=\"lazy\" decoding=\"async\" style=\"display: block; margin-left: auto; margin-right: auto;\" src=\"https:\/\/i.ibb.co\/PQH3zSy\/Fiorid-Azzurro-Locandina-2021-1.jpg\" alt=\"Fiorid-Azzurro-Locandina-2021-1\" width=\"320\" height=\"240\" \/><\/a><\/p>\n<p><!--more--><\/p>\n<p style=\"margin-bottom: 0.0001pt; text-align: justify;\"><a href=\"https:\/\/ibb.co\/ZK15KxK\"><img decoding=\"async\" style=\"margin: 5px; float: left;\" src=\"https:\/\/i.ibb.co\/hH1bHVH\/Fiorid-Azzurro-Locandina-2021-2.jpg\" alt=\"Fiorid-Azzurro-Locandina-2021-2\" \/><\/a><span>\u201cIl Comitato di <strong>Croce Rossa Italiana di Gioia del Colle aderisce a \u201cFIORI D\u2019AZZURRO\u201d<\/strong>, il pi\u00f9 importante <strong>evento primaverile di Telefono Azzurro<\/strong>, nelle giornate di <strong>sabato 24<\/strong> dalle ore 17,00 alle ore 20,00 e <strong>domenica 25 aprile<\/strong> dalle ore 9,00 alle ore 13,00 in Piazza Plebiscito.<\/span><\/p>\n<p style=\"margin-bottom: 0.0001pt; text-align: justify;\"><strong><span>I fondi raccolti da un\u2019offerta minima di 13,00 euro<\/span><\/strong><span> con la distribuzione delle Calancole, <strong>saranno impiegati nel piano di sviluppo<\/strong>, di ascolto e di intervento <strong>organizzato dal Telefono Azzurro<\/strong>, in difesa dei diritti dei bambini e degli adolescenti per dare costantemente una risposta concreta ai loro bisogni e alle loro richieste di aiuto, tramite le linee telefoniche, le app e le chat attive 24 ore su 24, 7 giorni su 7.<\/span><\/p>\n<p style=\"margin-bottom: 0.0001pt; text-align: justify;\"><span>Tramite quest\u2019iniziativa si intende <strong>sensibilizzare la comunit\u00e0<\/strong> sulla nuova ottica che preveda, le nuove generazioni come fattori attivi del cambiamento, rispondendo ai loro bisogni senza reprimere le loro potenzialit\u00e0. <\/span><\/p>\n<p style=\"margin-bottom: 0.0001pt; text-align: justify;\"><span>\u00c8 importante ricordare che <strong>l\u2019emergenza sanitaria mondiale ha portato ad un incremento delle richieste di aiuto da parte dei giovani<\/strong>. Le sofferenze e le privazioni che hanno vissuto, e stanno continuando a vivere, a causa di questa pandemia, li hanno resi pi\u00f9 esposti e vulnerabili soprattutto dal punto di vista piscologico.<\/span><\/p>\n<p style=\"margin-bottom: 0.0001pt; text-align: justify;\"><strong><span>Con un fiore<\/span><\/strong><span>, <strong>chiunque vorr\u00e0, potr\u00e0 aiutare ad essere pi\u00f9 vicini ai bambini e agli adolescenti<\/strong> che soffrono ed a condividere un messaggio di speranza.<\/span><\/p>\n<p style=\"margin-bottom: 0.0001pt; text-align: justify;\"><strong><span>Coltiva il seme della speranza! Ripartiamo dall\u2019infanzia<\/span><\/strong><span>\u201d.<\/span><\/p>\n<p style=\"text-align: right;\" align=\"right\"><strong><span>Comitato Croce Rossa Italiana di Gioia del Colle<\/span><\/strong><\/p>\n<p>&nbsp;<\/p>\n","protected":false},"excerpt":{"rendered":"","protected":false},"author":1,"featured_media":0,"comment_status":"open","ping_status":"closed","sticky":false,"template":"","format":"standard","meta":{"colormag_page_container_layout":"default_layout","colormag_page_sidebar_layout":"default_layout","footnotes":""},"categories":[7],"tags":[],"class_list":["post-65432","post","type-post","status-publish","format-standard","hentry","category-attualita"],"_links":{"self":[{"href":"https:\/\/archiviogioia.lavocedelpaese.info\/index.php?rest_route=\/wp\/v2\/posts\/65432","targetHints":{"allow":["GET"]}}],"collection":[{"href":"https:\/\/archiviogioia.lavocedelpaese.info\/index.php?rest_route=\/wp\/v2\/posts"}],"about":[{"href":"https:\/\/archiviogioia.lavocedelpaese.info\/index.php?rest_route=\/wp\/v2\/types\/post"}],"author":[{"embeddable":true,"href":"https:\/\/archiviogioia.lavocedelpaese.info\/index.php?rest_route=\/wp\/v2\/users\/1"}],"replies":[{"embeddable":true,"href":"https:\/\/archiviogioia.lavocedelpaese.info\/index.php?rest_route=%2Fwp%2Fv2%2Fcomments&post=65432"}],"version-history":[{"count":0,"href":"https:\/\/archiviogioia.lavocedelpaese.info\/index.php?rest_route=\/wp\/v2\/posts\/65432\/revisions"}],"wp:attachment":[{"href":"https:\/\/archiviogioia.lavocedelpaese.info\/index.php?rest_route=%2Fwp%2Fv2%2Fmedia&parent=65432"}],"wp:term":[{"taxonomy":"category","embeddable":true,"href":"https:\/\/archiviogioia.lavocedelpaese.info\/index.php?rest_route=%2Fwp%2Fv2%2Fcategories&post=65432"},{"taxonomy":"post_tag","embeddable":true,"href":"https:\/\/archiviogioia.lavocedelpaese.info\/index.php?rest_route=%2Fwp%2Fv2%2Ftags&post=65432"}],"curies":[{"name":"wp","href":"https:\/\/api.w.org\/{rel}","templated":true}]}}