{"id":65449,"date":"2021-04-23T16:20:21","date_gmt":"2021-04-23T16:20:21","guid":{"rendered":"https:\/\/archiviogioia.lavocedelpaese.info\/?p=65449"},"modified":"2021-04-23T16:20:21","modified_gmt":"2021-04-23T16:20:21","slug":"zone-covid-19-come-e-cosa-cambia-da-lunedi-2","status":"publish","type":"post","link":"https:\/\/archiviogioia.lavocedelpaese.info\/?p=65449","title":{"rendered":"ZONE COVID-19. COME E COSA CAMBIA DA LUNED\u00cc"},"content":{"rendered":"<p><a href=\"https:\/\/ibb.co\/c8msRDY\"><img loading=\"lazy\" decoding=\"async\" style=\"display: block; margin-left: auto; margin-right: auto;\" src=\"https:\/\/i.ibb.co\/yk3xKW4\/speranza-draghi-ansa-2.jpg\" alt=\"speranza-draghi-ansa-2\" width=\"320\" height=\"240\" \/><\/a><\/p>\n<p><!--more--><\/p>\n<p style=\"text-align: justify;\"><a href=\"https:\/\/ibb.co\/FVMCcNj\"><img loading=\"lazy\" decoding=\"async\" style=\"margin: 5px; float: left;\" src=\"https:\/\/i.ibb.co\/RymdtZV\/ordinanze-speranza-zona-rossa-arancione-gialla-regioni-2-2.jpg\" alt=\"ordinanze-speranza-zona-rossa-arancione-gialla-regioni-2-2\" width=\"400\" height=\"225\" \/><\/a>\u201c<strong>Il ministro della Salute, Roberto Speranza<\/strong>, sulla base dei dati e delle indicazioni della Cabina di Regia\u201d Covid-19, \u201c<strong>firmer\u00e0 in giornata nuove ordinanze<\/strong> <strong>che andranno in vigore a partire dal 26 aprile<\/strong>. \u00c8 in area rossa la Regione Sardegna. Sono <strong>in area arancione<\/strong> le Regioni Basilicata, Calabria, <strong>Puglia<\/strong>, Sicilia e Valle d\u2019Aosta. Tutte le altre Regioni e Province autonome sono in area gialla.<\/p>\n<h5 style=\"text-align: justify;\"><strong>Cosa accade da luned\u00ec 26 aprile<\/strong><\/h5>\n<p style=\"text-align: justify;\">Da<strong>&nbsp;luned\u00ec 26 aprile<\/strong> alcune Regioni potranno contare su pi\u00f9 libert\u00e0 e meno restrizioni per cittadini ed esercizi commerciali. Aperture serali di bar e ristoranti con tavoli all\u2019aperto, ripartenza di cinema e teatri e possibilit\u00e0 di spostarsi liberamente tra regioni in fascia a basso rischio.<\/p>\n<p style=\"text-align: justify;\"><strong>GREEN PASS<\/strong> \u2013 Dal 26 aprile 2021 sono consentiti gli spostamenti tra le Regioni diverse nelle zone bianca e gialla. Inoltre, alle persone munite della \u2018certificazione verde\u2019, sono consentiti gli spostamenti anche tra le Regioni e le Province autonome in zona arancione o zona rossa.<a href=\"https:\/\/ibb.co\/PNtWwpJ\"><img loading=\"lazy\" decoding=\"async\" style=\"margin: 5px; float: right;\" src=\"https:\/\/i.ibb.co\/hyCdD5r\/Covid-19.jpg\" alt=\"Covid-19\" width=\"400\" height=\"223\" \/><\/a><\/p>\n<p style=\"text-align: justify;\"><strong>SPOSTAMENTI<\/strong> \u2013 Dal 26 aprile al 15 giugno 2021, nella zona gialla, \u00e8 consentito lo spostamento verso una sola abitazione privata abitata una volta al giorno, dalle 5 alle 22, a quattro persone oltre a quelle gi\u00e0 conviventi nell\u2019abitazione di destinazione. Le persone che si spostano potranno portare con s\u00e9 i minorenni sui quali esercitino la responsabilit\u00e0 genitoriale e le persone con disabilit\u00e0 o non autosufficienti conviventi. Lo stesso spostamento, con uguali limiti orari e nel numero di persone, \u00e8 consentito in zona arancione all\u2019interno dello stesso comune. Non sono invece consentiti spostamenti verso altre abitazioni private abitate nella zona rossa.<\/p>\n<p style=\"text-align: justify;\"><strong>SCUOLA<\/strong> \u2013 Dal 26 aprile e fino alla fine dell\u2019anno scolastico si torna in classe anche nelle scuole superiori (secondarie di secondo grado). La presenza \u00e8 garantita in zona rossa dal 50% al 75%. In zona gialla e arancione dal 70% al 100%. Per quanto riguarda l\u2019universit\u00e0, dal 26 aprile al 31 luglio nelle zone gialle e arancioni le attivit\u00e0 si svolgono prioritariamente in presenza. Nelle zone rosse si raccomanda di favorire in particolare la presenza degli studenti del primo anno.<\/p>\n<p style=\"text-align: justify;\"><strong>RISTORANTI E BAR<\/strong> \u2013 Dal 26 aprile in<a href=\"https:\/\/ibb.co\/hLSmwkF\"><img loading=\"lazy\" decoding=\"async\" style=\"margin: 5px; float: left;\" src=\"https:\/\/i.ibb.co\/XjqCM9x\/shutterstock-1669035367-1048x590.jpg\" alt=\"shutterstock-1669035367-1048x590\" width=\"400\" height=\"225\" \/><\/a> zona gialla riaprono i ristoranti a pranzo e a cena, purch\u00e9 all\u2019aperto.<\/p>\n<p style=\"text-align: justify;\"><strong>SPETTACOLI<\/strong> \u2013 Dal 26 aprile riaprono al pubblico in zona gialla cinema, teatri, sale concerto, live club. \u00c8 necessario che ci siano posti a sedere preassegnati e una distanza di un metro l\u2019uno dall\u2019altro. La capienza massima consentita \u00e8 del 50% di quella massima autorizzata e comunque non superiore a 500 spettatori al chiuso e 1000 all\u2019aperto. In relazione all\u2019andamento epidemiologico e alle caratteristiche dei siti, si potr\u00e0 autorizzare la presenza anche di un numero maggiore di spettatori all\u2019aperto, nel rispetto delle indicazioni del Cts e delle linee guida.<\/p>\n<p style=\"text-align: justify;\"><strong>SPORT<\/strong> \u2013 Dal 26 aprile 2021, in zona gialla, nel rispetto delle linee guida vigenti, \u00e8 consentito lo svolgimento all\u2019aperto di qualsiasi attivit\u00e0 sportiva anche di squadra e di contatto. Inoltre, dal 15 maggio 2021, sempre in zona gialla, sono consentite le attivit\u00e0 delle piscine all\u2019aperto e, dal 1\u00b0 giugno, quelle delle palestre\u201d.<\/p>\n<div style=\"text-align: justify;\"><a title=\"apre pdf\" href=\"http:\/\/www.salute.gov.it\/imgs\/C_17_notizie_5443_0_file.pdf\">Ordinanza ministeriale 23 aprile 2021 &#8211; Area rossa<\/a><\/div>\n<div style=\"text-align: justify;\"><a href=\"http:\/\/www.salute.gov.it\/imgs\/C_17_notizie_5443_3_file.pdf\">Ordinanza ministeriale 23 aprile 2021 &#8211; Area arancione<\/a><\/div>\n<div style=\"text-align: justify;\"><a href=\"http:\/\/www.salute.gov.it\/imgs\/C_17_notizie_5443_2_file.pdf\">Ordinanza ministeriale 23 aprile 2021 &#8211; Area gialla<\/a><\/div>\n<p>&nbsp;<\/p>\n","protected":false},"excerpt":{"rendered":"","protected":false},"author":1,"featured_media":0,"comment_status":"open","ping_status":"closed","sticky":false,"template":"","format":"standard","meta":{"colormag_page_container_layout":"default_layout","colormag_page_sidebar_layout":"default_layout","footnotes":""},"categories":[7],"tags":[],"class_list":["post-65449","post","type-post","status-publish","format-standard","hentry","category-attualita"],"_links":{"self":[{"href":"https:\/\/archiviogioia.lavocedelpaese.info\/index.php?rest_route=\/wp\/v2\/posts\/65449","targetHints":{"allow":["GET"]}}],"collection":[{"href":"https:\/\/archiviogioia.lavocedelpaese.info\/index.php?rest_route=\/wp\/v2\/posts"}],"about":[{"href":"https:\/\/archiviogioia.lavocedelpaese.info\/index.php?rest_route=\/wp\/v2\/types\/post"}],"author":[{"embeddable":true,"href":"https:\/\/archiviogioia.lavocedelpaese.info\/index.php?rest_route=\/wp\/v2\/users\/1"}],"replies":[{"embeddable":true,"href":"https:\/\/archiviogioia.lavocedelpaese.info\/index.php?rest_route=%2Fwp%2Fv2%2Fcomments&post=65449"}],"version-history":[{"count":0,"href":"https:\/\/archiviogioia.lavocedelpaese.info\/index.php?rest_route=\/wp\/v2\/posts\/65449\/revisions"}],"wp:attachment":[{"href":"https:\/\/archiviogioia.lavocedelpaese.info\/index.php?rest_route=%2Fwp%2Fv2%2Fmedia&parent=65449"}],"wp:term":[{"taxonomy":"category","embeddable":true,"href":"https:\/\/archiviogioia.lavocedelpaese.info\/index.php?rest_route=%2Fwp%2Fv2%2Fcategories&post=65449"},{"taxonomy":"post_tag","embeddable":true,"href":"https:\/\/archiviogioia.lavocedelpaese.info\/index.php?rest_route=%2Fwp%2Fv2%2Ftags&post=65449"}],"curies":[{"name":"wp","href":"https:\/\/api.w.org\/{rel}","templated":true}]}}