{"id":65470,"date":"2021-04-28T10:42:07","date_gmt":"2021-04-28T10:42:07","guid":{"rendered":"https:\/\/archiviogioia.lavocedelpaese.info\/?p=65470"},"modified":"2021-04-28T10:42:07","modified_gmt":"2021-04-28T10:42:07","slug":"pubblicato-concorso-per-50-posti-nel-ministero-affari-esteri-2","status":"publish","type":"post","link":"https:\/\/archiviogioia.lavocedelpaese.info\/?p=65470","title":{"rendered":"Pubblicato Concorso per 50 posti nel Ministero Affari Esteri"},"content":{"rendered":"<p><a href=\"https:\/\/ibb.co\/g3KbDbK\"><img loading=\"lazy\" decoding=\"async\" style=\"display: block; margin-left: auto; margin-right: auto;\" src=\"https:\/\/i.ibb.co\/pxF636F\/ministero-esteri-cooperazione-internazionale-768x510.jpg\" alt=\"ministero-esteri-cooperazione-internazionale-768x510\" width=\"320\" height=\"240\" \/><\/a><\/p>\n<p><!--more--><\/p>\n<p style=\"text-align: justify;\"><a href=\"https:\/\/ibb.co\/4sg1RJW\"><img loading=\"lazy\" decoding=\"async\" style=\"margin: 5px; float: left;\" src=\"https:\/\/i.ibb.co\/Rh4jT72\/ministero-esteri.jpg\" alt=\"ministero-esteri\" width=\"400\" height=\"195\" \/><\/a>\u201cCon pubblicazione sulla <i>Gazzetta Ufficiale<\/i>&nbsp;del 23 aprile 2021, sezione&nbsp;<i>Concorsi ed esami<\/i> n. 32, il <strong>MAECI<\/strong>&nbsp;&#8211;&nbsp;<strong>Ministero degli Affari Esteri e della Cooperazione Internazionale<\/strong> ha indetto un concorso, per titoli ed esami, per la copertura di <strong>50 posti<\/strong> di <strong>Segretario di Legazione in prova<\/strong>, di cui:<\/p>\n<p style=\"text-align: justify;\">&#8211;<strong>7 posti riservati ai dipendenti del Ministero<\/strong> degli Affari Esteri e della Cooperazione Internazionale inquadrati nella terza area, in possesso di una delle lauree richieste per partecipare al concorso e con almeno 5 anni di effettivo servizio nella predetta terza area.<\/p>\n<p style=\"text-align: justify;\">I <strong>requisiti<\/strong> richiesti per partecipare al concorso sono:<\/p>\n<p style=\"text-align: justify;\">*<strong>cittadinanza italiana<\/strong> (esclusa ogni equiparazione);<\/p>\n<p style=\"text-align: justify;\">*<strong>et\u00e0 non superiore<\/strong> ai 35 anni (tale limite di et\u00e0 pu\u00f2 essere innalzato per un massimo complessivo di 3 anni ed \u00e8 elevato:<\/p>\n<div style=\"text-align: justify;\">&#8211; di 1 anno per i candidati coniugati o uniti civilmente;<\/div>\n<div style=\"text-align: justify;\">&#8211; di 1 anno per ogni figlio vivente;<\/div>\n<div style=\"text-align: justify;\">&#8211; di 3 anni per coloro che sono compresi fra le categorie di cui alla L. 12 marzo 1999, n. 68, e per coloro ai quali \u00e8 esteso lo stesso beneficio;<\/div>\n<div style=\"text-align: justify;\">&#8211; di un periodo pari all\u2019effettivo servizio prestato, comunque non superiore a 3 anni, a favore di cittadini che hanno prestato servizio militare volontario, di leva e di leva prolungata, oppure in qualit\u00e0 di volontari in ferma prefissata per un anno o quadriennale, o servizio civile nazionale;<\/div>\n<div style=\"text-align: justify;\">&#8211; di 3 anni a favore dei candidati che siano dipendenti civili di ruolo delle PA, per gli ufficiali e sottufficiali dell\u2019Esercito, della Marina o dell\u2019Aeronautica cessati d\u2019autorit\u00e0 o a domanda, per gli Ufficiali, Ispettori, Sovrintendenti, Appuntati, Carabinieri E Finanzieri in servizio permanente dell\u2019Arma dei Carabinieri e del Corpo della Guardia di Finanza, nonch\u00e9 delle corrispondenti qualifiche degli altri Corpi di Polizia;<\/div>\n<div style=\"text-align: justify;\">&#8211; di un periodo pari all\u2019effettivo servizio prestato, comunque non superiore a 3 anni, per i candidati che prestano o hanno prestato servizio anche non continuativo, in qualit\u00e0 di Funzionari internazionali, per almeno 2 anni presso le organizzazioni internazionali;<\/div>\n<p style=\"text-align: justify;\"><strong>*possesso di<\/strong> una delle lauree magistrali afferenti alle seguenti classi: Finanza (LM-16), Relazioni internazionali (LM-52), Scienze dell&#8217;economia (LM-56), Scienze della politica (LM-62), Scienze delle pubbliche amministrazioni (LM-63), Scienze economiche per l\u2019ambiente e la cultura (LM-76), Scienze economico-aziendali (LM-77), Scienze per la cooperazione allo sviluppo (LM-81), Servizio sociale e politiche sociali (LM-87), Sociologia e ricerca sociale (LM-88), Studi europei (LM-90), Giurisprudenza (LMG\/01) o titolo di studio equiparato, oppure un diploma di laurea in&nbsp;Giurisprudenza, Scienze politiche, Scienze internazionali e diplomatiche, Economia e commercio o titolo equiparato ed equipollente;<\/p>\n<p style=\"text-align: justify;\">*<strong>idoneit\u00e0 psico-fisica<\/strong>;<\/p>\n<p style=\"text-align: justify;\">*<strong>godimento dei diritti politici<\/strong>.<\/p>\n<p style=\"text-align: justify;\"><strong>Il concorso si articoler\u00e0 nelle seguenti fasi:<\/strong><\/p>\n<div style=\"text-align: justify;\"><i>*prova attitudinale<\/i>;<\/div>\n<div style=\"text-align: justify;\"><i>*valutazione dei titoli<\/i>;<\/div>\n<div style=\"text-align: justify;\"><i>*prove d\u2019esame scritte e orali<\/i>, ed eventuali prove facoltative di lingua.<\/div>\n<p style=\"text-align: justify;\"><strong>La domanda<\/strong> di partecipazione deve essere inviata, nella modalit\u00e0 indicata nel bando, <strong>entro il giorno<\/strong> <strong>7 giugno 2021<\/strong>.<\/p>\n<p style=\"text-align: justify;\"><a href=\"https:\/\/www.wecanjob.it\/moduli\/output_immagine.php?id=12674\">Scarica qui il bando completo<\/a><\/p>\n<p style=\"text-align: justify;\"><strong>Per maggiori informazioni<\/strong> si invita a consultare la <a href=\"https:\/\/www.esteri.it\/mae\/it\/servizi\/italiani\/opportunita\/al_mae\/concorsi.html\">sezione Concorsi<\/a> sul sito del Ministero degli Affari Esteri e della Cooperazione Internazionale\u201d.<\/p>\n<p>&nbsp;<\/p>\n","protected":false},"excerpt":{"rendered":"","protected":false},"author":1,"featured_media":0,"comment_status":"open","ping_status":"closed","sticky":false,"template":"","format":"standard","meta":{"colormag_page_container_layout":"default_layout","colormag_page_sidebar_layout":"default_layout","footnotes":""},"categories":[9],"tags":[],"class_list":["post-65470","post","type-post","status-publish","format-standard","hentry","category-la-voce-del-paese"],"_links":{"self":[{"href":"https:\/\/archiviogioia.lavocedelpaese.info\/index.php?rest_route=\/wp\/v2\/posts\/65470","targetHints":{"allow":["GET"]}}],"collection":[{"href":"https:\/\/archiviogioia.lavocedelpaese.info\/index.php?rest_route=\/wp\/v2\/posts"}],"about":[{"href":"https:\/\/archiviogioia.lavocedelpaese.info\/index.php?rest_route=\/wp\/v2\/types\/post"}],"author":[{"embeddable":true,"href":"https:\/\/archiviogioia.lavocedelpaese.info\/index.php?rest_route=\/wp\/v2\/users\/1"}],"replies":[{"embeddable":true,"href":"https:\/\/archiviogioia.lavocedelpaese.info\/index.php?rest_route=%2Fwp%2Fv2%2Fcomments&post=65470"}],"version-history":[{"count":0,"href":"https:\/\/archiviogioia.lavocedelpaese.info\/index.php?rest_route=\/wp\/v2\/posts\/65470\/revisions"}],"wp:attachment":[{"href":"https:\/\/archiviogioia.lavocedelpaese.info\/index.php?rest_route=%2Fwp%2Fv2%2Fmedia&parent=65470"}],"wp:term":[{"taxonomy":"category","embeddable":true,"href":"https:\/\/archiviogioia.lavocedelpaese.info\/index.php?rest_route=%2Fwp%2Fv2%2Fcategories&post=65470"},{"taxonomy":"post_tag","embeddable":true,"href":"https:\/\/archiviogioia.lavocedelpaese.info\/index.php?rest_route=%2Fwp%2Fv2%2Ftags&post=65470"}],"curies":[{"name":"wp","href":"https:\/\/api.w.org\/{rel}","templated":true}]}}