{"id":65501,"date":"2021-05-03T10:18:44","date_gmt":"2021-05-03T10:18:44","guid":{"rendered":"https:\/\/archiviogioia.lavocedelpaese.info\/?p=65501"},"modified":"2021-05-03T10:18:44","modified_gmt":"2021-05-03T10:18:44","slug":"gioia-del-colle-aggiornamento-positivi-da-covid-19-2","status":"publish","type":"post","link":"https:\/\/archiviogioia.lavocedelpaese.info\/?p=65501","title":{"rendered":"GIOIA DEL COLLE. AGGIORNAMENTO POSITIVI DA COVID-19"},"content":{"rendered":"<p><a title=\"coronavirus\" href=\"https:\/\/www.flickr.com\/photos\/91470992@N02\/49943143032\/in\/photolist-2j6iEqY-2j6h6Sn-2j5cvdJ-2j5gK8i-2j5dtZN-2j4RbZK-2j4Vo6Z-2j4CAJs-2j4zVBL-2j4zVAU-2j2FkMv-2j2DRGt-2j2Ecvw-2j2B8e8-2j2FkNT-2j2FLWP-2j1FXGX-2j1mHWy-2iZY8Bc-2j13qaJ-2j2B8kq-2j2FkSk-2j2oESj-2j2oEBQ-2j2rjNi-2j23SYc-2j2Eaiq-2j2B8iB-2iZZDsv-2iZWQAR-2j128ft-2iZFcXe-2iYZ8yL-2iZ4rvJ-2iYSUcv-2iYzU17-2iYcpQv-2iYgKcY-2j5Subk-2iXvmZR-2iXy8f8-2iXc9nR-2iXc9s5-2iX7m5W-2iWGDwT-2iVhryJ-2iUYvgP-2iUeBrE-2iTzWdQ-2iSxiep\" data-flickr-embed=\"true\"><img loading=\"lazy\" decoding=\"async\" style=\"display: block; margin-left: auto; margin-right: auto;\" src=\"https:\/\/live.staticflickr.com\/65535\/49943143032_9f4896c75f_z.jpg\" alt=\"coronavirus\" width=\"320\" height=\"240\" \/><\/a><\/p>\n<p><!--more--><\/p>\n<p style=\"text-align: justify;\"><a href=\"https:\/\/ibb.co\/5F3c0qB\"><img loading=\"lazy\" decoding=\"async\" style=\"margin: 5px; float: left;\" src=\"https:\/\/i.ibb.co\/q581Sbk\/182098805-1133859087027237-4266821023471662740-n.jpg\" alt=\"182098805-1133859087027237-4266821023471662740-n\" width=\"400\" height=\"335\" \/><\/a>\u201cCome si evince dall&#8217;ultimo report fornito dalla Prefettura di Bari, a Gioia del Colle sono <strong>49<\/strong> i cittadini <strong>positivi<\/strong> al Covid-19 e <strong>21<\/strong> quelli <strong>in isolamento<\/strong> fiduciario.<\/p>\n<p style=\"text-align: justify;\">Dall&#8217;analisi del numero degli attualmente positivi nella nostra Citt\u00e0, emerge che le fasce di et\u00e0 pi\u00f9 colpite dal virus sono quelle che vanno dai 46 ai 60 anni (14 casi) e dai 20 ai 30 anni (8 casi). <strong><span>(*)<\/span><\/strong><\/p>\n<p style=\"text-align: justify;\">Alla luce dei dati in costante miglioramento nelle ultime settimane, si rinnova l&#8217;accorato appello a proseguire l&#8217;azione di contrasto e contenimento della diffusione del virus con prudenza, responsabilit\u00e0 ed attenta osservanza delle norme anticontagio\u201d.<\/p>\n<p style=\"text-align: right;\" align=\"right\"><strong>dal profilo fb comunale<\/strong><\/p>\n<p style=\"text-align: justify;\"><strong><span>(*) da 0 a 19 anni 11 casi (di cui 8 fino ai 14)<\/span><\/strong>, dai 76 anni in su 4 casi. Continuano a latitare gli ulteriori dati sui decessi, parziali e totali, sui totali positivi, sui guariti e sui tamponi effettuati.<\/p>\n<p>&nbsp;<\/p>\n","protected":false},"excerpt":{"rendered":"","protected":false},"author":1,"featured_media":0,"comment_status":"open","ping_status":"closed","sticky":false,"template":"","format":"standard","meta":{"colormag_page_container_layout":"default_layout","colormag_page_sidebar_layout":"default_layout","footnotes":""},"categories":[8],"tags":[],"class_list":["post-65501","post","type-post","status-publish","format-standard","hentry","category-cronaca"],"_links":{"self":[{"href":"https:\/\/archiviogioia.lavocedelpaese.info\/index.php?rest_route=\/wp\/v2\/posts\/65501","targetHints":{"allow":["GET"]}}],"collection":[{"href":"https:\/\/archiviogioia.lavocedelpaese.info\/index.php?rest_route=\/wp\/v2\/posts"}],"about":[{"href":"https:\/\/archiviogioia.lavocedelpaese.info\/index.php?rest_route=\/wp\/v2\/types\/post"}],"author":[{"embeddable":true,"href":"https:\/\/archiviogioia.lavocedelpaese.info\/index.php?rest_route=\/wp\/v2\/users\/1"}],"replies":[{"embeddable":true,"href":"https:\/\/archiviogioia.lavocedelpaese.info\/index.php?rest_route=%2Fwp%2Fv2%2Fcomments&post=65501"}],"version-history":[{"count":0,"href":"https:\/\/archiviogioia.lavocedelpaese.info\/index.php?rest_route=\/wp\/v2\/posts\/65501\/revisions"}],"wp:attachment":[{"href":"https:\/\/archiviogioia.lavocedelpaese.info\/index.php?rest_route=%2Fwp%2Fv2%2Fmedia&parent=65501"}],"wp:term":[{"taxonomy":"category","embeddable":true,"href":"https:\/\/archiviogioia.lavocedelpaese.info\/index.php?rest_route=%2Fwp%2Fv2%2Fcategories&post=65501"},{"taxonomy":"post_tag","embeddable":true,"href":"https:\/\/archiviogioia.lavocedelpaese.info\/index.php?rest_route=%2Fwp%2Fv2%2Ftags&post=65501"}],"curies":[{"name":"wp","href":"https:\/\/api.w.org\/{rel}","templated":true}]}}