{"id":65525,"date":"2021-05-12T09:01:15","date_gmt":"2021-05-12T09:01:15","guid":{"rendered":"https:\/\/archiviogioia.lavocedelpaese.info\/?p=65525"},"modified":"2021-05-12T09:01:15","modified_gmt":"2021-05-12T09:01:15","slug":"64enne-salvato-da-un-elicottero-dell84d-csar-di-gioiavideo","status":"publish","type":"post","link":"https:\/\/archiviogioia.lavocedelpaese.info\/?p=65525","title":{"rendered":"64enne salvato da un elicottero dell\u201984\u00b0 CSAR di Gioia\/video"},"content":{"rendered":"<p><a href=\"https:\/\/ibb.co\/3Thv121\"><img loading=\"lazy\" decoding=\"async\" style=\"display: block; margin-left: auto; margin-right: auto;\" src=\"https:\/\/i.ibb.co\/XWJDX1X\/ricerca-e-soccorso-taranto-recupero-con-verricello-2021.jpg\" alt=\"ricerca-e-soccorso-taranto-recupero-con-verricello-2021\" width=\"320\" height=\"240\" \/><\/a><\/p>\n<p><!--more--><\/p>\n<p style=\"text-align: justify;\"><a href=\"https:\/\/ibb.co\/vmj1hYd\"><img loading=\"lazy\" decoding=\"async\" style=\"margin: 5px; float: left;\" src=\"https:\/\/i.ibb.co\/ftxM9vN\/video-recupero-con-verricello1.jpg\" alt=\"video-recupero-con-verricello1\" width=\"400\" height=\"300\" \/><\/a>\u201cSi \u00e8 concluso nella serata di luned\u00ec 10 maggio il <strong>salvataggio di un&nbsp;64enne ad opera di un equipaggio<\/strong> <strong>dell&#8217;84\u00b0 <em><span style=\"font-style: normal;\">Centro Combat Search and Rescue<\/span><\/em> (CSAR) di Gioia del Colle<\/strong>. L&#8217;uomo, caduto&nbsp;all&#8217;interno in un burrone nel tarantino, \u00e8 stato recuperato da un <strong>elicottero HH139A<\/strong> del 15\u00b0 Stormo di Cervia, da cui l&#8217;84\u00b0 CSAR dipende, dopo essere stato stabilizzato dagli operatori del <strong>Corpo Nazionale Soccorso Alpino e Speleologico (CNSAS) Puglia<\/strong> e del <strong>118<\/strong>.<\/p>\n<p style=\"text-align: justify;\">La chiamata di soccorso per l&#8217;uomo gravemente ferito, precipitato in fase di scalata in localit\u00e0 Gravina di Leucaspide, a Statte (TA), \u00e8 giunta al CNSAS Puglia nel tardo pomeriggio. Il luogo, particolarmente impervio e non raggiungibile dai mezzi terrestri, ha reso necessario l&#8217;intervento di <a href=\"https:\/\/ibb.co\/VYKTNG9\"><img loading=\"lazy\" decoding=\"async\" style=\"margin: 5px; float: right;\" src=\"https:\/\/i.ibb.co\/gZnJ789\/ricerca-e-soccorso-taranto-recupero-con-verricello.jpg\" alt=\"ricerca-e-soccorso-taranto-recupero-con-verricello\" width=\"400\" height=\"300\" \/><\/a>un velivolo dell&#8217;<strong>Aeronautica Militare<\/strong>.<\/p>\n<p style=\"text-align: justify;\">L&#8217;elicottero dell&#8217;84\u00b0 CSAR di Gioia del Colle, attivato dalla sala operativa del <strong>Comando Operazioni Aerospaziali<\/strong> di Poggio Renatico (FE), si \u00e8 immediatamente alzato in volo poco prima delle 20. Giunti sul posto, gli aerosoccorritori si sono adoperati per calare il verricello tra le pareti del <em><span style=\"font-style: normal;\">canyon<\/span><\/em> profondo circa 40 metri. Una volta assicurata al verricello, la barella, su cui gli operatori del <strong>CNSAS<\/strong> e del 118 avevano precedentemente stabilizzato il ferito, \u00e8 stata lentamente sollevata fino a poter essere imbarcata a bordo dell&#8217;HH139A.<\/p>\n<p style=\"text-align: justify;\">L&#8217;aeromobile \u00e8 quindi atterrato dopo pochi minuti in un&#8217;area nei pressi della viabilit\u00e0 ordinaria dove il politraumatizzato \u00e8 stato consegnato all&#8217;<em><span style=\"font-style: normal;\">equipe<\/span><\/em> medica del 118. Terminata la missione, l&#8217;HH139A ha potuto quindi fare rientro alla base militare di Gioia del Colle\u201d.<\/p>\n<p style=\"text-align: right;\"><strong>Ministero della Difesa<\/strong><\/p>\n<p><iframe loading=\"lazy\" src=\"https:\/\/www.youtube.com\/embed\/yQXq8dzHPKc\" width=\"640\" height=\"360\" allowfullscreen=\"allowfullscreen\" title=\"YouTube video player\" allow=\"accelerometer; autoplay; clipboard-write; encrypted-media; gyroscope; picture-in-picture\"><\/iframe><\/p>\n","protected":false},"excerpt":{"rendered":"","protected":false},"author":1,"featured_media":0,"comment_status":"open","ping_status":"closed","sticky":false,"template":"","format":"standard","meta":{"colormag_page_container_layout":"default_layout","colormag_page_sidebar_layout":"default_layout","footnotes":""},"categories":[8],"tags":[],"class_list":["post-65525","post","type-post","status-publish","format-standard","hentry","category-cronaca"],"_links":{"self":[{"href":"https:\/\/archiviogioia.lavocedelpaese.info\/index.php?rest_route=\/wp\/v2\/posts\/65525","targetHints":{"allow":["GET"]}}],"collection":[{"href":"https:\/\/archiviogioia.lavocedelpaese.info\/index.php?rest_route=\/wp\/v2\/posts"}],"about":[{"href":"https:\/\/archiviogioia.lavocedelpaese.info\/index.php?rest_route=\/wp\/v2\/types\/post"}],"author":[{"embeddable":true,"href":"https:\/\/archiviogioia.lavocedelpaese.info\/index.php?rest_route=\/wp\/v2\/users\/1"}],"replies":[{"embeddable":true,"href":"https:\/\/archiviogioia.lavocedelpaese.info\/index.php?rest_route=%2Fwp%2Fv2%2Fcomments&post=65525"}],"version-history":[{"count":0,"href":"https:\/\/archiviogioia.lavocedelpaese.info\/index.php?rest_route=\/wp\/v2\/posts\/65525\/revisions"}],"wp:attachment":[{"href":"https:\/\/archiviogioia.lavocedelpaese.info\/index.php?rest_route=%2Fwp%2Fv2%2Fmedia&parent=65525"}],"wp:term":[{"taxonomy":"category","embeddable":true,"href":"https:\/\/archiviogioia.lavocedelpaese.info\/index.php?rest_route=%2Fwp%2Fv2%2Fcategories&post=65525"},{"taxonomy":"post_tag","embeddable":true,"href":"https:\/\/archiviogioia.lavocedelpaese.info\/index.php?rest_route=%2Fwp%2Fv2%2Ftags&post=65525"}],"curies":[{"name":"wp","href":"https:\/\/api.w.org\/{rel}","templated":true}]}}