{"id":65530,"date":"2021-05-13T07:06:16","date_gmt":"2021-05-13T07:06:16","guid":{"rendered":"https:\/\/archiviogioia.lavocedelpaese.info\/?p=65530"},"modified":"2021-05-13T07:06:16","modified_gmt":"2021-05-13T07:06:16","slug":"plogging-sport-e-difesa-ambiente-nella-qgiornata-della-luceq","status":"publish","type":"post","link":"https:\/\/archiviogioia.lavocedelpaese.info\/?p=65530","title":{"rendered":"Plogging, sport e difesa ambiente, nella &#8220;Giornata della Luce&#8221;"},"content":{"rendered":"<p><a href=\"https:\/\/ibb.co\/WzXSn7n\"><img loading=\"lazy\" decoding=\"async\" style=\"display: block; margin-left: auto; margin-right: auto;\" src=\"https:\/\/i.ibb.co\/X5PmX6X\/ploggingcorsaambiente-giocopulito.jpg\" alt=\"ploggingcorsaambiente-giocopulito\" width=\"320\" height=\"240\" \/><\/a><\/p>\n<p><!--more--><\/p>\n<p style=\"margin-bottom: 0.0001pt; text-align: justify;\"><a href=\"https:\/\/ibb.co\/D47VVMj\"><img loading=\"lazy\" decoding=\"async\" style=\"margin: 5px; float: left;\" src=\"https:\/\/i.ibb.co\/4WjmmS0\/plogging.jpg\" alt=\"plogging\" width=\"400\" height=\"267\" \/><\/a><span>In occasione della <strong>Giornata internazionale della Luce<\/strong>, la Pro Loco &#8220;Antonio Donvito&#8221; di Gioia del Colle aderir\u00e0 alla <strong>campagna di plogging<\/strong> che avr\u00e0 luogo sul territorio <strong>domenica 16 maggio<\/strong>. Un&#8217;idea, quella di portare <strong>anche a Gioia la raccolta dei rifiuti mentre si corre<\/strong>, nata da un gruppo di cittadini volontari e gi\u00e0 sperimentata con successo nel nostro comune, <\/span><span>una iniziativa che si propone di restituire bellezza e decoro all\u2019ambiente<\/span><span>.<\/span><\/p>\n<p style=\"margin-bottom: 0.0001pt; text-align: justify;\"><span>\u201cQuale giornata migliore per donare nuovo splendore al nostro territorio? <strong>Per chi voglia partecipare<\/strong>, nel pieno rispetto delle norme covid per le attivit\u00e0 all\u2019aperto \u2013 <strong>precisa<\/strong> il vicepresidente <strong>Filippo Speranza<\/strong> -, <strong>baster\u00e0 mandare una mail di conferma<\/strong>. Ci sono percorsi adatti a tutti ed a tutte le et\u00e0. Raccoglieremo e differenzieremo nel desiderio che questo possa essere di stimolo per una cultura della sostenibilit\u00e0 ambientale ormai imprescindibile per il pianeta.\u201d<\/span><\/p>\n<p style=\"margin-bottom: 0.0001pt; text-align: justify;\"><strong><span>La partenza della campagna di plogging \u00e8 prevista per le ore 9.30 da Piazza Plebiscito<\/span><\/strong><span>. L&#8217;evento prevede percorsi adatti ad ogni et\u00e0, in modo da coniugare i benefici dell&#8217;attivit\u00e0 fisica all&#8217;aria aperta con l&#8217;educazione al rispetto dell&#8217;ambiente e alla raccolta differenziata. <\/span><\/p>\n<p style=\"margin-bottom: 0.0001pt; text-align: justify;\"><strong><span>Per aderire all&#8217;iniziativa<\/span><\/strong><span> \u00e8 sufficiente inviare una mail con i propri dati anagrafici all&#8217;indirizzo <strong><a href=\"mailto:green.gioia@gmail.com\">green.gioia@gmail.com<\/a><\/strong>. Non si tratta di una competizione: per tutti, <strong>il premio sar\u00e0 una citt\u00e0 pi\u00f9 verde e pi\u00f9 pulita<\/strong>.<\/span><\/p>\n<p><a href=\"https:\/\/ibb.co\/RgyCRZ6\"><img loading=\"lazy\" decoding=\"async\" src=\"https:\/\/i.ibb.co\/zmJSqj2\/Loc-plogging.jpg\" alt=\"Loc-plogging\" width=\"670\" height=\"958\" \/><\/a><\/p>\n","protected":false},"excerpt":{"rendered":"","protected":false},"author":1,"featured_media":0,"comment_status":"open","ping_status":"closed","sticky":false,"template":"","format":"standard","meta":{"colormag_page_container_layout":"default_layout","colormag_page_sidebar_layout":"default_layout","footnotes":""},"categories":[7],"tags":[],"class_list":["post-65530","post","type-post","status-publish","format-standard","hentry","category-attualita"],"_links":{"self":[{"href":"https:\/\/archiviogioia.lavocedelpaese.info\/index.php?rest_route=\/wp\/v2\/posts\/65530","targetHints":{"allow":["GET"]}}],"collection":[{"href":"https:\/\/archiviogioia.lavocedelpaese.info\/index.php?rest_route=\/wp\/v2\/posts"}],"about":[{"href":"https:\/\/archiviogioia.lavocedelpaese.info\/index.php?rest_route=\/wp\/v2\/types\/post"}],"author":[{"embeddable":true,"href":"https:\/\/archiviogioia.lavocedelpaese.info\/index.php?rest_route=\/wp\/v2\/users\/1"}],"replies":[{"embeddable":true,"href":"https:\/\/archiviogioia.lavocedelpaese.info\/index.php?rest_route=%2Fwp%2Fv2%2Fcomments&post=65530"}],"version-history":[{"count":0,"href":"https:\/\/archiviogioia.lavocedelpaese.info\/index.php?rest_route=\/wp\/v2\/posts\/65530\/revisions"}],"wp:attachment":[{"href":"https:\/\/archiviogioia.lavocedelpaese.info\/index.php?rest_route=%2Fwp%2Fv2%2Fmedia&parent=65530"}],"wp:term":[{"taxonomy":"category","embeddable":true,"href":"https:\/\/archiviogioia.lavocedelpaese.info\/index.php?rest_route=%2Fwp%2Fv2%2Fcategories&post=65530"},{"taxonomy":"post_tag","embeddable":true,"href":"https:\/\/archiviogioia.lavocedelpaese.info\/index.php?rest_route=%2Fwp%2Fv2%2Ftags&post=65530"}],"curies":[{"name":"wp","href":"https:\/\/api.w.org\/{rel}","templated":true}]}}