{"id":6554,"date":"2010-12-14T06:33:26","date_gmt":"2010-12-14T06:33:26","guid":{"rendered":"https:\/\/archiviogioia.lavocedelpaese.info\/?p=6554"},"modified":"2010-12-14T06:33:26","modified_gmt":"2010-12-14T06:33:26","slug":"officine-fotografiche-un-anno-fantastico-3","status":"publish","type":"post","link":"https:\/\/archiviogioia.lavocedelpaese.info\/?p=6554","title":{"rendered":"\u201cOFFICINE FOTOGRAFICHE: UN ANNO FANTASTICO\u201d"},"content":{"rendered":"<p><img loading=\"lazy\" decoding=\"async\" class=\" size-full wp-image-6538\" alt=\"officine-foto-gruppo-pp\" src=\"https:\/\/archiviogioia.lavocedelpaese.info\/wp-content\/uploads\/2010\/12\/officine-foto-gruppo-pp.jpg\" width=\"320\" height=\"150\" srcset=\"https:\/\/archiviogioia.lavocedelpaese.info\/wp-content\/uploads\/2010\/12\/officine-foto-gruppo-pp.jpg 320w, https:\/\/archiviogioia.lavocedelpaese.info\/wp-content\/uploads\/2010\/12\/officine-foto-gruppo-pp-300x141.jpg 300w\" sizes=\"auto, (max-width: 320px) 100vw, 320px\" \/> <\/p>\n<p><!--more--><\/p>\n<p style=\"text-align: justify;\"><strong><img loading=\"lazy\" decoding=\"async\" class=\" alignleft size-full wp-image-6539\" style=\"margin: 4px; float: left;\" alt=\"officine-mostra-fotografie\" src=\"https:\/\/archiviogioia.lavocedelpaese.info\/wp-content\/uploads\/2010\/12\/officine-mostra-fotografie.jpg\" width=\"250\" height=\"187\" srcset=\"https:\/\/archiviogioia.lavocedelpaese.info\/wp-content\/uploads\/2010\/12\/officine-mostra-fotografie.jpg 394w, https:\/\/archiviogioia.lavocedelpaese.info\/wp-content\/uploads\/2010\/12\/officine-mostra-fotografie-300x225.jpg 300w\" sizes=\"auto, (max-width: 250px) 100vw, 250px\" \/>\u201cE fu la notte, la notte per noi, buio e silenzio son scesi su noi\u201d cantava De Andr\u00e8<\/strong> invocando un inesauribile sorgente che ha ispirato le menti di artisti di ogni tempo e di ogni orientamento. <strong>Musica, parole, poesia, teatro, cinema, pittura, ogni luogo \u00e8 stato soggiogato dal fascino della notte<\/strong>, e nel nostro caso <strong>la fotografia ha dato luce agli elementi che la notte oscura<\/strong>, attraverso scatti volti a congelare l\u2019idea di ogni singolo individuo dietro l\u2019obiettivo.<\/p>\n<div style=\"text-align: justify;\"><\/div>\n<p style=\"text-align: justify;\"><strong>\u201cLa Notte\u201d, questo \u00e8 stato il tema scelto per l\u2019esposizione<\/strong> accolta dalla sensibilit\u00e0 artistica di Mario Pugliese, <strong>presso Spazio Unotre <\/strong>domenica 12 Dicembre. Con questo evento si <strong>conclude il primo anno di vita dell\u2019Associazione Culturale \u201cOfficine fotografiche\u201d<\/strong> di Gioia del Colle, nata dalla passione comune di coloro che vogliono approfondire il rapporto con il mondo della fotografia alimentando u<strong><img loading=\"lazy\" decoding=\"async\" class=\" alignright size-full wp-image-6541\" style=\"margin: 4px; float: right;\" alt=\"officine-mostra-fotografie2\" src=\"https:\/\/archiviogioia.lavocedelpaese.info\/wp-content\/uploads\/2010\/12\/officine-mostra-fotografie2.jpg\" width=\"250\" height=\"187\" srcset=\"https:\/\/archiviogioia.lavocedelpaese.info\/wp-content\/uploads\/2010\/12\/officine-mostra-fotografie2.jpg 394w, https:\/\/archiviogioia.lavocedelpaese.info\/wp-content\/uploads\/2010\/12\/officine-mostra-fotografie2-300x225.jpg 300w\" sizes=\"auto, (max-width: 250px) 100vw, 250px\" \/><\/strong>n focolaio gi\u00e0 acceso.<\/p>\n<div style=\"text-align: justify;\"><\/div>\n<p style=\"text-align: justify;\"><strong>Nel corso di questo esordio fortunato sono state svolte numerose<\/strong><strong> <\/strong><strong>a<\/strong><strong>ttivit\u00e0<\/strong> <strong>costituite<\/strong>, non solo dall\u2019incontro e dal confronto dei membri stessi dell\u2019associazione, ma anche <strong>da appuntamenti formativi tenuti da chi possiede competenze professionali qualificate<\/strong>, con l\u2019intento di intensificarli il prossimo anno. Inoltre sono state <strong>organizzate uscite<\/strong> che proponevano di volta in volta ambientazioni e soggetti differenti <strong>che potessero stimolare la creativit\u00e0 del fotografo<\/strong>.<\/p>\n<div style=\"text-align: justify;\"><\/div>\n<p style=\"text-align: justify;\"><strong>Il \u201cPhotoparty\u201d si avvaleva di un rinfresco preparato dagli organizzatori<\/strong> e protagonisti della mostra e di un set fotografico allestito per quanti non riuscissero a tenere a freno l\u2019istinto. Il <strong>dinamismo di questa serata si muoveva sulle note inconfondibili di musicisti<\/strong> ben noti sul nostro panorama musicale che hanno riproposto<strong> <\/strong>quanto di meglio un repertorio possa offrire attraverso monumenti come i Beatles e i Doors: <strong>K<\/strong><strong><img loading=\"lazy\" decoding=\"async\" class=\" alignleft size-full wp-image-6543\" style=\"margin: 4px; float: left;\" alt=\"officne-e-musica\" src=\"https:\/\/archiviogioia.lavocedelpaese.info\/wp-content\/uploads\/2010\/12\/officne-e-musica.jpg\" width=\"250\" height=\"187\" srcset=\"https:\/\/archiviogioia.lavocedelpaese.info\/wp-content\/uploads\/2010\/12\/officne-e-musica.jpg 394w, https:\/\/archiviogioia.lavocedelpaese.info\/wp-content\/uploads\/2010\/12\/officne-e-musica-300x225.jpg 300w\" sizes=\"auto, (max-width: 250px) 100vw, 250px\" \/><\/strong><strong>ecco Recchia<\/strong> (chitarra ,tastiera e voce), <strong>Stefano Montuoso<\/strong> (basso), <strong>Napoleone Pavone<\/strong> (percussioni), <strong>Lello Patruno<\/strong> (batteria).<\/p>\n<div style=\"text-align: justify;\"><\/div>\n<p style=\"text-align: justify;\">Per concludere, il fondatore di \u201cOfficine Fotografiche\u201d, <strong>Graziano Milano, ringrazia quanti hanno reso possibile la nascita, la crescita e il futuro di questa Associazione<\/strong>:<\/p>\n<div style=\"text-align: justify;\"><\/div>\n<p style=\"text-align: justify;\">\u201cIn questo primo anno di vita dell&#8217;associazione, \u00e8 il caso di <strong>tirare le somme <\/strong>per capire cosa \u00e8 successo e come \u00e8 andata. Nel farlo si capisce subito che <strong>\u00e8 andata bene, anzi benissimo<\/strong>. ma il merito di tutto questo \u00e8 di chi ha vissuto il progetto e lo ha portato avanti con me.<\/p>\n<div style=\"text-align: justify;\"><\/div>\n<p style=\"text-align: justify;\"><strong>Per questo voglio fare i complimenti agli associati<\/strong>, i ragazzi, <strong>quelli che hanno collaborato per gli eventi, che hanno profuso impegno e dedizione<\/strong> anche e sopratutt<img loading=\"lazy\" decoding=\"async\" class=\" alignright size-full wp-image-6544\" style=\"margin: 4px; float: right;\" alt=\"officine-a-spazio-unotre\" src=\"https:\/\/archiviogioia.lavocedelpaese.info\/wp-content\/uploads\/2010\/12\/officine-a-spazio-unotre.jpg\" width=\"250\" height=\"187\" srcset=\"https:\/\/archiviogioia.lavocedelpaese.info\/wp-content\/uploads\/2010\/12\/officine-a-spazio-unotre.jpg 394w, https:\/\/archiviogioia.lavocedelpaese.info\/wp-content\/uploads\/2010\/12\/officine-a-spazio-unotre-300x225.jpg 300w\" sizes=\"auto, (max-width: 250px) 100vw, 250px\" \/>o materialmente, che hanno partecipato alle attivit\u00e0 con costanza. Mi piace citare, ma senza sminuire coloro che non rientrano in questa lista: <strong>Mimmo<\/strong>, <strong>Grazia<\/strong>, <strong>Fabrizio<\/strong>, <strong>Claudia<\/strong>, <strong>Flaviano<\/strong>, <strong>Giovanna<\/strong>, <strong>Luciana<\/strong> e <strong>Angela<\/strong>, instancabili operatori materiali, esecutori e realizzatori dei progetti, abili consulenti di tutte le attivit\u00e0.<\/p>\n<div style=\"text-align: justify;\"><\/div>\n<p style=\"text-align: justify;\">Successivamente il mio pensiero va <strong>a Mario Pugliese<\/strong>, artista, incredibile appassionato di tutto quello che \u00e8 espressione umana, che pi\u00f9 o meno sia riconducibile a vere e proprie manifestazione artistica. <strong>Il progetto di sodalizio tra Officine Fotografiche e Spazio Uno tre \u00e8 stato un successo<\/strong>, si \u00e8 instradato ed ora \u00e8 un opportunit\u00e0 di crescita da ambo le parti. Spazio Uno Tre non \u00e8 solo una buona idea, \u00e8 <strong>una reale opportunit\u00e0 per le iniziative culturali per esprimersi<\/strong> e attuare la propria progettualit\u00e0.<\/p>\n<div style=\"text-align: justify;\"><\/div>\n<p style=\"text-align: justify;\">Infine non posso dim<img loading=\"lazy\" decoding=\"async\" class=\" alignleft size-full wp-image-6545\" style=\"margin: 4px; float: left;\" alt=\"officine-rinfresco\" src=\"https:\/\/archiviogioia.lavocedelpaese.info\/wp-content\/uploads\/2010\/12\/officine-rinfresco.jpg\" width=\"250\" height=\"187\" srcset=\"https:\/\/archiviogioia.lavocedelpaese.info\/wp-content\/uploads\/2010\/12\/officine-rinfresco.jpg 394w, https:\/\/archiviogioia.lavocedelpaese.info\/wp-content\/uploads\/2010\/12\/officine-rinfresco-300x225.jpg 300w\" sizes=\"auto, (max-width: 250px) 100vw, 250px\" \/>enticare il mio amico <strong>Emanuele<\/strong>, socio e <strong>abile alter ego nei compiti e negli oneri dell&#8217;associazione<\/strong>.<\/p>\n<div style=\"text-align: justify;\"><\/div>\n<p style=\"text-align: justify;\"><strong>Un ringraziamento partic<\/strong><strong>olare<\/strong> va <strong>ad<\/strong> un altro grande amico, <strong>Ivano Losito<\/strong>, fotografo professionista, <strong>che \u00e8 stato un alleato importante nel fornire mezzi e nozioni per realizzare alcune ultime attivit\u00e0<\/strong>. Un vero appassionato, a cui basta vedere la gente usare macchine fotografiche per vedergli brillare gli occhi, che non si tira indietro a donare sapienza ed esperienza. Un monito eccezionale a tanti boriosi e saccenti che purtroppo abbiamo incrociato in questo primo anno.<\/p>\n<div style=\"text-align: justify;\"><\/div>\n<p style=\"text-align: justify;\"><strong>L&#8217;associazione fotografica \u00e8 composta da svariati membri che si prefiggono un obiettivo<\/strong>: <strong>crescere ed imparare insieme<\/strong>. Quindi tutti coloro che pensano di poter dare qualcosa del proprio bagaglio di conoscenze sono i traghettatori di questa iniziativa.<strong> Grazie ancora a tutti<\/strong>\u201d.<\/p>\n","protected":false},"excerpt":{"rendered":"","protected":false},"author":1,"featured_media":6538,"comment_status":"open","ping_status":"closed","sticky":false,"template":"","format":"standard","meta":{"colormag_page_container_layout":"default_layout","colormag_page_sidebar_layout":"default_layout","footnotes":""},"categories":[7],"tags":[],"class_list":["post-6554","post","type-post","status-publish","format-standard","has-post-thumbnail","hentry","category-attualita"],"_links":{"self":[{"href":"https:\/\/archiviogioia.lavocedelpaese.info\/index.php?rest_route=\/wp\/v2\/posts\/6554","targetHints":{"allow":["GET"]}}],"collection":[{"href":"https:\/\/archiviogioia.lavocedelpaese.info\/index.php?rest_route=\/wp\/v2\/posts"}],"about":[{"href":"https:\/\/archiviogioia.lavocedelpaese.info\/index.php?rest_route=\/wp\/v2\/types\/post"}],"author":[{"embeddable":true,"href":"https:\/\/archiviogioia.lavocedelpaese.info\/index.php?rest_route=\/wp\/v2\/users\/1"}],"replies":[{"embeddable":true,"href":"https:\/\/archiviogioia.lavocedelpaese.info\/index.php?rest_route=%2Fwp%2Fv2%2Fcomments&post=6554"}],"version-history":[{"count":0,"href":"https:\/\/archiviogioia.lavocedelpaese.info\/index.php?rest_route=\/wp\/v2\/posts\/6554\/revisions"}],"wp:featuredmedia":[{"embeddable":true,"href":"https:\/\/archiviogioia.lavocedelpaese.info\/index.php?rest_route=\/wp\/v2\/media\/6538"}],"wp:attachment":[{"href":"https:\/\/archiviogioia.lavocedelpaese.info\/index.php?rest_route=%2Fwp%2Fv2%2Fmedia&parent=6554"}],"wp:term":[{"taxonomy":"category","embeddable":true,"href":"https:\/\/archiviogioia.lavocedelpaese.info\/index.php?rest_route=%2Fwp%2Fv2%2Fcategories&post=6554"},{"taxonomy":"post_tag","embeddable":true,"href":"https:\/\/archiviogioia.lavocedelpaese.info\/index.php?rest_route=%2Fwp%2Fv2%2Ftags&post=6554"}],"curies":[{"name":"wp","href":"https:\/\/api.w.org\/{rel}","templated":true}]}}