{"id":65551,"date":"2021-05-16T07:55:53","date_gmt":"2021-05-16T07:55:53","guid":{"rendered":"https:\/\/archiviogioia.lavocedelpaese.info\/?p=65551"},"modified":"2021-05-16T07:55:53","modified_gmt":"2021-05-16T07:55:53","slug":"il-comitato-tutela-salute-e-ambiente-incontra-il-sindaco-2","status":"publish","type":"post","link":"https:\/\/archiviogioia.lavocedelpaese.info\/?p=65551","title":{"rendered":"Il Comitato Tutela Salute e Ambiente incontra il Sindaco"},"content":{"rendered":"<p><a title=\"municipio gioia del colle\" href=\"https:\/\/www.flickr.com\/photos\/91470992@N02\/49715946811\/in\/photolist-2iKedUK-2hPpsmk-2hPs4Hr-2hPt3e3-2hDrKy1-2hik3uL-2gWWtQ4-2hNhoti-2gHCxnZ-2gBLqeA-2gaudfo-2frsqe4-2ejPfj3-2cadwxi-2bQ7Nrs-2h9pKE6-29sv1JU-29stHVW-2b84z2y-2b84yZ9-2ce5Xt8-29stHXE-29ZcqNu-2dZcGtM-28EnwcV-255Doju-25nasBE-24yep3u-21xqjhN-266n7rL-UaGJv4-QH3SCm-Lf4McY-Fcc8Zk-CXB8fs-CBJtur-wXJBQq-tzoP8W-uTukoJ-vb5nJM-uTuZ9G-MQLmKe-HcTPmk-saFEu4-yhw3iN-rM9ZWz-rZ4GCg-rLLziJ-rJgSwS-ro1jet\" data-flickr-embed=\"true\"><img loading=\"lazy\" decoding=\"async\" style=\"display: block; margin-left: auto; margin-right: auto;\" src=\"https:\/\/live.staticflickr.com\/65535\/49715946811_b10e1fb245_o.jpg\" alt=\"municipio gioia del colle\" width=\"320\" height=\"240\" \/><\/a><\/p>\n<p><!--more--><\/p>\n<p style=\"text-align: justify;\"><a title=\"sperimentazione sulla fiamma Ansaldo\" href=\"https:\/\/www.flickr.com\/photos\/91470992@N02\/16628816197\/in\/photolist-rcPG9E-qg7zuK-rmLJdp-rjtTho-rJAqrs-rpRoNg-r5coSq-r5Vfba-r5Vf3e-qNkibW-r5QsKA-q98dhz-r3vLrz-r3oJg5-qoaGgn-rhD7MJ-r3pJoE-fC29qN-rhD5Eh-qMakWo-rmLJMv-q2hwuS-q1LggW-qFj44T-qXFNmj-qWoiCh-qGY6Cc-qV8zQT-qCHWyh-qnXoWC-rDE3jn-pXYWQZ-nFkYqa-nF46vT-nFkYi6-x8Bb7s-rkr2Hx-wQgUUD-fBLLct-fC24JY-fC244d-fC23U1-fC23qh-fC23J9-fBLNke-fBLMAR-fBLHNF-fC28th-fBLLRH-qD3U7p\" data-flickr-embed=\"true\"><img loading=\"lazy\" decoding=\"async\" style=\"margin: 5px; float: left;\" src=\"https:\/\/live.staticflickr.com\/7617\/16628816197_daf24ffb5a_o.jpg\" alt=\"sperimentazione sulla fiamma Ansaldo\" width=\"400\" height=\"300\" \/><\/a>\u201cL\u2019incontro <strong>tra i rappresentanti del Comitato Ambiente, il Sindaco, l\u2019Assessore Capurso e dir. Area Ambiente e Sviluppo Santoiemma<\/strong>, \u00e8 avvenuto marted\u00ec 11 maggio, avente lo scopo di <strong>fare il punto della situazione rispetto agli impegni presi<\/strong> sia nell\u2019incontro precedente tra le parti, che in Consiglio Comunale a marzo. Tutto ci\u00f2 avviene soprattutto a ridosso dell\u2019avvio delle nuove sperimentazioni, annunciato da Itea su materie plastiche eterogenee (plasmix: buste, bicchieri, posate in plastica, ecc..), con una fase a freddo di selezione e sminuzzamento prevista dal 3 giugno al 17 luglio, propedeutica ad una successiva fase a caldo. Per tali plastiche basterebbe che il governo ne bloccasse la produzione o incentivasse il riciclo (costo 20% in pi\u00f9 rispetto alle altre plastiche), invece di incentivare combustioni.<\/p>\n<p style=\"text-align: justify;\"><strong>I MONITORAGGI <\/strong><\/p>\n<p style=\"text-align: justify;\">Importante \u00e8 l\u2019avvio dei monitoraggi dell\u2019aria a titolo gratuito, gi\u00e0 in corso da 15 giorni da parte dell\u2019ARPA con la loro postazione collocata nell\u2019area della Distilleria Cassano, scelta sia per la sicurezza della strumentazione che in quanto punto pi\u00f9 vicino alla canna del CCA.<\/p>\n<p style=\"text-align: justify;\">I monitoraggi andranno avanti durante il periodo della sperimentazione e poi verranno anche effettuati nella zona dell\u2019Aeroporto, altro punto critico della nostra citt\u00e0.<\/p>\n<p style=\"text-align: justify;\">Una nota di disaccordo \u00e8 riscontrabile sui possibili rilievi che ARPA sta effettuando: il Comitato, cos\u00ec come la 3^ e 4^ Commissione consiliare, aveva predisposto un elenco dettagliato di rilievi da effettuare sul territorio gioiese, che comprendessero fattori inquinanti quali benzene, toluene, diossine, PCB, PCT, PM 2,5, radioattivit\u00e0 e via discorrendo, fortemente collegabili alla grande incidenza di alcune patologie tumorali a Gioia. Il Sindaco ha specificato di aver fatto pressione su ARPA per ottenere il monitoraggio su tutte le sostanze citate, ma che l\u2019ente non ha accettato suggerimenti su quali di esse prendere in considerazione.<\/p>\n<p style=\"text-align: justify;\">Con molte perplessit\u00e0 su tale atteggiamento, si spera che non si tratti di una ripetizione dei generici precedenti monitoraggi.<\/p>\n<p style=\"text-align: justify;\">Come promesso in Consiglio, l\u2019Amministrazione ha provveduto a effettuare anche il monitoraggio delle falde acquifere in tre pozzi artesiani di propriet\u00e0 del comune, e riferisce che i dati ottenuti, hanno dato buoni risultati, anche se non ancora disponibili alla consultazione, ma verranno resi noti dopo la messa a conoscenza del consiglio comunale.<\/p>\n<p style=\"text-align: justify;\">Altro tratto, non su richiesta del comitato, \u00e8 l\u2019analisi sul fogliame che avverr\u00e0 in collaborazione con un laboratorio analisi specializzato di Locorotondo e l\u2019Universit\u00e0 di Bari.<\/p>\n<p style=\"text-align: justify;\"><strong>REVISIONE DELLA CONFORMIT\u00c0 URBANISTICA NELLA ZONA INDUSTRIALE IN VIA ACQUAVIVA, ZONA ANSALDO<\/strong>.<\/p>\n<p style=\"text-align: justify;\">Questa iniziativa, approvata dal Consiglio Comunale, rappresenta ad oggi un&#8217;importante occasione, per tutelare i possibili rischi ambientali legati, anche, alla prossimit\u00e0 di tale Z.I. col centro abitato.<\/p>\n<p style=\"text-align: justify;\">Il Sindaco ha dichiarato di essersi gi\u00e0 attivato per tale revisione, con contatti diretti al fine di abbreviare le lungaggini burocratiche che ne rallenterebbero la realizzazione.<\/p>\n<p style=\"text-align: justify;\"><strong>CONSULTA, REGISTRO EPIDEMIOLOGICO E DATI PRECEDENTI <\/strong><\/p>\n<p style=\"text-align: justify;\">Seguendo le precedenti lettere protocollate dal Comitato, \u00e8 stato possibile chiedere con precisione lo stato dell\u2019arte su alcune richieste che erano state avanzate.<\/p>\n<p style=\"text-align: justify;\">Partendo dalla Consulta Comunale sull\u2019ambiente, della quale si era gi\u00e0 parlato durante il Consiglio Comunale del 18 marzo, il problema circa la sua istituzione \u00e8 riscontrabile nel Regolamento del nostro Comune e nella sua denominazione, perch\u00e9 si andrebbe sostanzialmente a creare un organo non previsto dal nostro Statuto. Non \u00e8 mutata la situazione per il registro epidemiologico, ma il Sindaco ha dato la sua disponibilit\u00e0 ad impegnarsi nell\u2019ottenimento di tali dati, ferma restando la questione privacy di cui si era parlato in Consiglio.<\/p>\n<p style=\"text-align: justify;\">Al termine dell\u2019incontro, il Sindaco ha ribadito il suo impegno nel trasmettere al Comitato i dati:<\/p>\n<p style=\"text-align: justify;\">\u2022 Sulle precedenti campagne di monitoraggio inerenti le accensioni degli impianti Ansaldo.<\/p>\n<p style=\"text-align: justify;\">\u2022 Sugli appena effettuati monitoraggi dei pozzi.<\/p>\n<p style=\"text-align: justify;\">\u2022 Sui rilievi di Radon eseguiti nelle scuole critiche, con strumentazione approvvigionata dalla stessa Amministrazione.<\/p>\n<p style=\"text-align: justify;\">In riferimento al Radon negli istituti scolastici critici, il comitato ha suggerito di realizzare fori arieggianti appena sopra il livello del pavimento, in quanto trattandosi di un gas pesante, non \u00e8 sufficiente aprire le finestre per ridurne i valori, in considerazione che l\u2019altezza dei bimbi, a volte, non raggiunge le finestre\u201d.<\/p>\n<p style=\"text-align: right;\"><strong>Comitato Ambiente Gioia del Colle<\/strong><\/p>\n<p>&nbsp;<\/p>\n","protected":false},"excerpt":{"rendered":"","protected":false},"author":1,"featured_media":0,"comment_status":"open","ping_status":"closed","sticky":false,"template":"","format":"standard","meta":{"colormag_page_container_layout":"default_layout","colormag_page_sidebar_layout":"default_layout","footnotes":""},"categories":[7],"tags":[],"class_list":["post-65551","post","type-post","status-publish","format-standard","hentry","category-attualita"],"_links":{"self":[{"href":"https:\/\/archiviogioia.lavocedelpaese.info\/index.php?rest_route=\/wp\/v2\/posts\/65551","targetHints":{"allow":["GET"]}}],"collection":[{"href":"https:\/\/archiviogioia.lavocedelpaese.info\/index.php?rest_route=\/wp\/v2\/posts"}],"about":[{"href":"https:\/\/archiviogioia.lavocedelpaese.info\/index.php?rest_route=\/wp\/v2\/types\/post"}],"author":[{"embeddable":true,"href":"https:\/\/archiviogioia.lavocedelpaese.info\/index.php?rest_route=\/wp\/v2\/users\/1"}],"replies":[{"embeddable":true,"href":"https:\/\/archiviogioia.lavocedelpaese.info\/index.php?rest_route=%2Fwp%2Fv2%2Fcomments&post=65551"}],"version-history":[{"count":0,"href":"https:\/\/archiviogioia.lavocedelpaese.info\/index.php?rest_route=\/wp\/v2\/posts\/65551\/revisions"}],"wp:attachment":[{"href":"https:\/\/archiviogioia.lavocedelpaese.info\/index.php?rest_route=%2Fwp%2Fv2%2Fmedia&parent=65551"}],"wp:term":[{"taxonomy":"category","embeddable":true,"href":"https:\/\/archiviogioia.lavocedelpaese.info\/index.php?rest_route=%2Fwp%2Fv2%2Fcategories&post=65551"},{"taxonomy":"post_tag","embeddable":true,"href":"https:\/\/archiviogioia.lavocedelpaese.info\/index.php?rest_route=%2Fwp%2Fv2%2Ftags&post=65551"}],"curies":[{"name":"wp","href":"https:\/\/api.w.org\/{rel}","templated":true}]}}