{"id":65675,"date":"2021-06-17T11:18:56","date_gmt":"2021-06-17T11:18:56","guid":{"rendered":"https:\/\/archiviogioia.lavocedelpaese.info\/?p=65675"},"modified":"2021-06-17T11:18:56","modified_gmt":"2021-06-17T11:18:56","slug":"la-bottega-nonostante-tutto-ci-siamo-non-abbassiamo-la-guardia","status":"publish","type":"post","link":"https:\/\/archiviogioia.lavocedelpaese.info\/?p=65675","title":{"rendered":"La Bottega: \u201cNonostante tutto ci siamo, non abbassiamo la guardia\u201d"},"content":{"rendered":"<p><a href=\"https:\/\/ibb.co\/k5h7BsV\"><img loading=\"lazy\" decoding=\"async\" style=\"display: block; margin-left: auto; margin-right: auto;\" src=\"https:\/\/i.ibb.co\/vVJFq6C\/dehors-a-go-go.jpg\" alt=\"dehors-a-go-go\" width=\"320\" height=\"240\" \/><\/a><\/p>\n<p><!--more--><\/p>\n<p style=\"margin-bottom: 0.0001pt; text-align: justify;\"><a href=\"https:\/\/ibb.co\/CK3fXLF\"><img loading=\"lazy\" decoding=\"async\" style=\"margin: 5px; float: left;\" src=\"https:\/\/i.ibb.co\/nMNFVpS\/200982336-861744897767310-3248415123777776164-n.jpg\" alt=\"200982336-861744897767310-3248415123777776164-n\" width=\"400\" height=\"300\" \/><\/a><span>\u201c<strong>Il sindaco di Gioia giustifica le privazioni cui sono sottoposti tanti cittadini<\/strong> e le numerose violazioni al diritto di libera circolazione per molte strade cittadine dovute alle recenti installazioni di dehors (o tavoli e sedie qua e l\u00e0, vicini e lontani a bar e ristoranti) <strong>con la necessit\u00e0 di agevolare la ripresa economica dei gestori<\/strong> di queste attivit\u00e0.<\/span><\/p>\n<p style=\"margin-bottom: 0.0001pt; text-align: justify;\"><strong><span>Giustifica e chiede ai propri cittadini di avere pazienza e di subire<\/span><\/strong><span> con tanta buona volont\u00e0 le privazioni e i disagi imposti che vanno vissuti nella loro logica temporaneit\u00e0. Bene, finalmente un sindaco che riconosce di aver assunto <strong>decisioni che non agevolano la vita dei cittadini che amministra per privilegiare gli interessi di pochi privati a scapito di quelli pubblici<\/strong>, di chi cio\u00e8 paga tasse e tributi regolarmente per ottenere diritti e servizi. Abbiamo riconosciuto da subito che andavano attuati provvedimenti a sostegno di categorie che a causa del Covid e delle restrizioni tese a limitare la pandemia sono state duramente colpite negli ultimi 18 mesi, ma <strong>abbiamo anche chiesto che tutto avvenisse nel rispetto di leggi e regolamenti. Invece ci siamo sentiti dire di avere pazienza<\/strong>.<\/span><\/p>\n<p style=\"margin-bottom: 0.0001pt; text-align: justify;\"><strong><span>Nonostante tutto noi ci siamo e non abbassiamo la guardia<\/span><\/strong><span>. E chiediamo al sindaco di rivolgere lo stesso invito ai numerosi cittadini che non trovano pi\u00f9 parcheggi per le loro auto, a chi non riesce pi\u00f9 a portar<\/span><a href=\"https:\/\/ibb.co\/KD3SPYz\"><img loading=\"lazy\" decoding=\"async\" style=\"margin: 5px; float: right;\" src=\"https:\/\/i.ibb.co\/7Q6LfHN\/201919962-156816093168662-5321833251001639351-n.jpg\" alt=\"201919962-156816093168662-5321833251001639351-n\" width=\"400\" height=\"300\" \/><\/a><span>e serenamente e in sicurezza i passeggini con i propri bambini, a chi \u00e8 costretto a muoversi in carrozzella. Per questi ultimi poi \u00e8 stato perpetrato un vero e proprio delitto. <strong>Ma come si pu\u00f2 chiedere di avere pazienza a chi, gi\u00e0 limitato sfortunatamente nei movimenti, deve rinunciare a percorrere gli itinerari cittadini se non tra notevoli difficolt\u00e0<\/strong>.<\/span><\/p>\n<p style=\"margin-bottom: 0.0001pt; text-align: justify;\"><span>D&#8217;accordo, non \u00e8 il sindaco che ha voluto questo, ma il sindaco ha il potere di dare indicazioni e linee guida ai vigili urbani e al comandante del corpo. Ha il dovere di pretendere che, sebbene pochi, devono far rispettare le leggi e il buon senso. <strong>Possibile che nessuno<\/strong> di loro <strong>si sia accorto che ormai si parcheggia senza ritegno in ogni dove<\/strong> e che si occupa senza alcun senso civico gli scivoli che pure sono stati messi l\u00ec proprio da questa amministrazione? <strong>Possibile che sindaco e assessori<\/strong>, con vari consiglieri di maggioranza al seguito, si spendono non poco per partecipare a saggi di fine anno scolastico con tanti bei discorsi sull&#8217;importanza dell&#8217;e<\/span><span>ducazione e poi <strong>lasciano in giro esempi diseducativi?<\/strong><\/span><\/p>\n<p style=\"margin-bottom: 0.0001pt; text-align: justify;\"><strong><span>Si, \u00e8 possibile, ma noi nonostante tutto ci siamo e vigiliamo, e osserviamo<\/span><\/strong><span>.<\/span><\/p>\n<p style=\"margin-bottom: 0.0001pt; text-align: justify;\"><strong><span>Assistiamo increduli a presentazioni di fant<\/span><\/strong><a href=\"https:\/\/ibb.co\/H2pdFLD\"><img loading=\"lazy\" decoding=\"async\" style=\"margin: 5px; float: left;\" src=\"https:\/\/i.ibb.co\/j5ZR69v\/202166126-548502189660298-1396753328739738602-n.jpg\" alt=\"202166126-548502189660298-1396753328739738602-n\" width=\"400\" height=\"300\" \/><\/a><strong><span>omatici programmi di estate gioiese in sicurezza per assicurare sicurezza al nulla se non al proprio tornaconto di consensi<\/span><\/strong><span>. Ma il privato va aiutato, questo il dogma da cui non si discosta di un millimetro questa amministrazione, e a questo dogma si son<\/span><span>o avvicinati i responsabili di tante associazioni sportive e culturali in cui questa amministrazione si \u00e8 infiltrata concedendo quel che chiedono in cambio del silenzio. Un silenzio a dire il vero assordante.<\/span><\/p>\n<p style=\"margin-bottom: 0.0001pt; text-align: justify;\"><strong><span>Ma noi ci siamo e denunciamo<\/span><\/strong><span>.<\/span><\/p>\n<p style=\"margin-bottom: 0.0001pt; text-align: justify;\"><strong><span>Denunciamo la sciatteria di questa amministrazione, il suo basso profilo culturale<\/span><\/strong><span> e l&#8217;ipocrisia che mostra in termini di solidariet\u00e0. <strong>Ci chiede di avere pazienza, il sindaco<\/strong>. Ci chiede di attendere tempi migliori e <strong>di sopportare i sacrifici imposti perch\u00e9 gli amici vanno aiutati<\/strong>.<\/span><\/p>\n<p style=\"margin-bottom: 0.0001pt; text-align: justify;\"><strong><span>Gli amici, non i cittadini<\/span><\/strong><span>. Aspettate e vedrete. Chiss\u00e0 cosa sta pensando di fare, insieme al suo assessore prediletto, per il prossimo Natale gioiese.<\/span><\/p>\n<p style=\"margin-bottom: 0.0001pt; text-align: justify;\"><strong><span>Noi, nonostante tutto ci siamo e ci saremo<\/span><\/strong><span>, perch\u00e9 il ruolo che ricopriamo di opposizione a un potere duro e illiberale ce lo impone\u201d.<\/span><\/p>\n<div style=\"margin-bottom: 0.0001pt; text-align: right;\" align=\"right\"><strong><span>Uff. Comunicazione <\/span><\/strong><\/div>\n<div style=\"margin-bottom: 0.0001pt; text-align: right;\" align=\"right\"><strong><span>\u201cCitt\u00e0 di tutti \u2013 La Bottega\u201d <\/span><\/strong><\/div>\n<p>&nbsp;<\/p>\n","protected":false},"excerpt":{"rendered":"","protected":false},"author":1,"featured_media":0,"comment_status":"open","ping_status":"closed","sticky":false,"template":"","format":"standard","meta":{"colormag_page_container_layout":"default_layout","colormag_page_sidebar_layout":"default_layout","footnotes":""},"categories":[4],"tags":[],"class_list":["post-65675","post","type-post","status-publish","format-standard","hentry","category-politica"],"_links":{"self":[{"href":"https:\/\/archiviogioia.lavocedelpaese.info\/index.php?rest_route=\/wp\/v2\/posts\/65675","targetHints":{"allow":["GET"]}}],"collection":[{"href":"https:\/\/archiviogioia.lavocedelpaese.info\/index.php?rest_route=\/wp\/v2\/posts"}],"about":[{"href":"https:\/\/archiviogioia.lavocedelpaese.info\/index.php?rest_route=\/wp\/v2\/types\/post"}],"author":[{"embeddable":true,"href":"https:\/\/archiviogioia.lavocedelpaese.info\/index.php?rest_route=\/wp\/v2\/users\/1"}],"replies":[{"embeddable":true,"href":"https:\/\/archiviogioia.lavocedelpaese.info\/index.php?rest_route=%2Fwp%2Fv2%2Fcomments&post=65675"}],"version-history":[{"count":0,"href":"https:\/\/archiviogioia.lavocedelpaese.info\/index.php?rest_route=\/wp\/v2\/posts\/65675\/revisions"}],"wp:attachment":[{"href":"https:\/\/archiviogioia.lavocedelpaese.info\/index.php?rest_route=%2Fwp%2Fv2%2Fmedia&parent=65675"}],"wp:term":[{"taxonomy":"category","embeddable":true,"href":"https:\/\/archiviogioia.lavocedelpaese.info\/index.php?rest_route=%2Fwp%2Fv2%2Fcategories&post=65675"},{"taxonomy":"post_tag","embeddable":true,"href":"https:\/\/archiviogioia.lavocedelpaese.info\/index.php?rest_route=%2Fwp%2Fv2%2Ftags&post=65675"}],"curies":[{"name":"wp","href":"https:\/\/api.w.org\/{rel}","templated":true}]}}