{"id":65809,"date":"2021-07-20T14:48:41","date_gmt":"2021-07-20T14:48:41","guid":{"rendered":"https:\/\/archiviogioia.lavocedelpaese.info\/?p=65809"},"modified":"2021-07-20T14:48:41","modified_gmt":"2021-07-20T14:48:41","slug":"cultura-e-promozione-del-territorio-la-confusione-e-totale","status":"publish","type":"post","link":"https:\/\/archiviogioia.lavocedelpaese.info\/?p=65809","title":{"rendered":"Cultura e promozione del territorio. La confusione \u00e8 totale"},"content":{"rendered":"<p><a title=\"panoramica gioia del colle\" href=\"https:\/\/www.flickr.com\/photos\/91470992@N02\/47114709872\/in\/photolist-rH4jfy-r3QAgF-rFjZcH-rH5cYy-rFkDhR-rZzho4-r3Qcut-rH3YBA-rZx4pJ-r3RWTv-rH5ZXQ-r3R5SD-r3CWE1-rHbgYg-rZwpUy-rH4YnY-rHbntp-rH3tus-rXkJ9N-rXkFHL-r3RH5Z-rH6eKj-rHcPBe-rHcA4T-rH3Dww-rZwe6Q-q4yRa9-qkWtMR-q8EP6G-jrqWpL-jcPKcv-iZsDYP-j4Y3xp-gBkb9x-guu8oE-jq7S4w-iM81kq-grK7U8-fMtnP2-fERQYR-eyqtFA-eynjNi-edoidk-edoj8D-gtvoVW-grJKGb-2eMn7w9-2eMncN1-vQ2xVH-vQ2cMX\" data-flickr-embed=\"true\"><img loading=\"lazy\" decoding=\"async\" style=\"display: block; margin-left: auto; margin-right: auto;\" src=\"https:\/\/live.staticflickr.com\/7914\/47114709872_667ece81cf_z.jpg\" alt=\"panoramica gioia del colle\" width=\"320\" height=\"240\" \/><\/a><\/p>\n<p><!--more--><\/p>\n<p style=\"margin-bottom: 0.0001pt; text-align: justify;\"><a title=\"panoramica-gioia-del-colle\" href=\"https:\/\/www.flickr.com\/photos\/91470992@N02\/10245170143\/in\/photolist-rH4jfy-r3QAgF-rFjZcH-rH5cYy-rFkDhR-rZzho4-r3Qcut-rH3YBA-rZx4pJ-r3RWTv-rH5ZXQ-r3R5SD-r3CWE1-rHbgYg-rZwpUy-rH4YnY-rHbntp-rH3tus-rXkJ9N-rXkFHL-r3RH5Z-rH6eKj-rHcPBe-rHcA4T-rH3Dww-rZwe6Q-q4yRa9-qkWtMR-q8EP6G-jrqWpL-jcPKcv-iZsDYP-j4Y3xp-gBkb9x-guu8oE-jq7S4w-iM81kq-grK7U8-fMtnP2-fERQYR-eyqtFA-eynjNi-edoidk-edoj8D-gtvoVW-grJKGb-2eMn7w9-2eMncN1-vQ2xVH-vQ2cMX\" data-flickr-embed=\"true\"><img loading=\"lazy\" decoding=\"async\" style=\"margin: 5px; float: left;\" src=\"https:\/\/live.staticflickr.com\/3734\/10245170143_b853c8fb73_z.jpg\" alt=\"panoramica-gioia-del-colle\" width=\"400\" height=\"300\" \/><\/a> <strong>Il termine \u201cpromozione\u201d<\/strong>, letteralmente muovere l\u2019altrui animo, non sempre indica una azione \u201cculturale\u201d, <strong>pi\u00f9 spesso \u00e8 sinonimo di pubblicit\u00e0<\/strong> che ben altro ed altri interessi \u201cpromuove\u201d.<\/p>\n<p style=\"margin-bottom: 0.0001pt; text-align: justify;\"><strong>A Gioia la confusione \u00e8 totale<\/strong>. <strong>La cultura \u00e8 diventata marketing<\/strong> territoriale, il turismo una vera e propria \u201ctratta\u201d commerciale, con il suo vocabolario di neologismi che ben la rappresentano &#8211; human factor, digital media manager ed altro ancora -, <strong>il senso della misura si \u00e8 totalmente perso<\/strong>, <strong>cos\u00ec come nell\u2019investimento in cultura<\/strong>, anch\u2019esso in misura della celebrit\u00e0 vera o presunta di <strong>ospiti<\/strong>, a differenza dello scorso anno, <strong>sconosciuti ai pi\u00f9<\/strong>.<\/p>\n<p style=\"margin-bottom: 0.0001pt; text-align: justify;\">Portarli <strong>nel salotto buono della citt\u00e0, con posti prenotati<\/strong>, circondati da coloro che non riusciranno a sedersi, \u00e8 una scelta intelligente? Non <strong>potrebbe alimentare ancor pi\u00f9 polemiche<\/strong> di quante ne siano state gi\u00e0 innescate dalle ospitate dello scorso anno nella Distilleria Cassano, lontana dagli occhi, dal cuore e da inopportuni assembramenti, ma comunque a portat<a href=\"https:\/\/imgbb.com\/\"><img loading=\"lazy\" decoding=\"async\" style=\"margin: 5px; float: right;\" src=\"https:\/\/i.ibb.co\/m8RzVcr\/20161117152555.jpg\" alt=\"20161117152555\" width=\"400\" height=\"390\" \/><\/a>a di bocca?<\/p>\n<p style=\"margin-bottom: 0.0001pt; text-align: justify;\"><strong>Magna Grecia Awards s\u00ec, Palio delle botti no<\/strong>, <strong>appuntamenti senza orari<\/strong> che saranno indicati settimanalmente sul profilo social del Comune, non frequentato dalla maggior parte dei cittadini, compresenze\u2026<\/p>\n<p style=\"margin-bottom: 0.0001pt; text-align: justify;\">Ad esser sinceri<strong> il compito dell\u2019assessore alla Cultura \u00e8 tutt\u2019altro che semplice<\/strong>, <strong>specie se si deve concorrere con le spettacolari proposte di Sammichele<\/strong> a un tiro di schioppo.<\/p>\n<p style=\"margin-bottom: 0.0001pt; text-align: justify;\">Tener tutti contenti, coprire le defaillance anche non proprie, attirare come una calamita gli strali degli scontenti e degli esclusi, veder criticare ogni giorno qualunque \u201cprodotto\u201d venga proposto, stressa non poco\u2026<\/p>\n<p style=\"margin-bottom: 0.0001pt; text-align: justify;\">Il problema \u00e8 che umanamente star dietro a tutti e tutto \u00e8 impossibile, ergo <strong>delle scelte di qualit\u00e0 vanno fatte, ma non per amicizia, ma per oggettivo merito e valore<\/strong>.<\/p>\n<p style=\"margin-bottom: 0.0001pt; text-align: justify;\">Se il video, ad oggi a disposizione e reso noto, di due minuti e mezzo, \u201csalta\u201d realt\u00e0 importanti perch\u00e9 gli \u201cattori\u201d ed i registi, e persino le comparse non conoscono il territorio e due minuti sono davvero pochi per raccontarlo per intero, nonostante la<a href=\"https:\/\/ibb.co\/QpQ74Xs\"><img loading=\"lazy\" decoding=\"async\" style=\"margin: 5px; float: left;\" src=\"https:\/\/i.ibb.co\/k5BVtMY\/2015-03-15-11-51-41.jpg\" alt=\"2015-03-15-11-51-41\" width=\"400\" height=\"300\" \/><\/a> tanta buona volont\u00e0 e persino i droni, chi ne risponde? L\u2019Amministrazione che lo ha realizzato con denaro pubblico, scegliendosi forse i partner sbagliati.<\/p>\n<p style=\"margin-bottom: 0.0001pt; text-align: justify;\"><strong>La saggezza vorrebbe che ad esser interpellati fossero per primi coloro che Gioia l\u2019hanno studiata<\/strong>, sono loro che dovrebbero essere \u201cpromossi\u201d, <strong>bocciando gli affaristi dell\u2019ultima ora<\/strong> che negli ultimi anni erano in altro affaccendati, e questo non pu\u00f2 farlo chiunque. E\u2019 un ingrato compito che spetta alla amministrazione ed all\u2019assessore alla Cultura che d\u00e0 un indirizzo prima culturale, poi politico alla sua azione.<\/p>\n<p style=\"margin-bottom: 0.0001pt; text-align: justify;\"><strong>Certo, ci vuole coraggio, gli amici del buon tempo potrebbero diventare nemici<\/strong>, riconquistare la fiducia di quelli veri, che delusi han preso le distanze, non sar\u00e0 facile. Comunque si verr\u00e0 tacciati di una visione soggettiva della cultura, a prescindere.<\/p>\n<p style=\"margin-bottom: 0.0001pt; text-align: justify;\">A questo punto, dovendo comunque \u201cprenderle\u201d, <strong>non sarebbe meglio compiere scelte<\/strong><a href=\"https:\/\/ibb.co\/3cXzmf8\"><img loading=\"lazy\" decoding=\"async\" style=\"margin: 5px; float: right;\" src=\"https:\/\/i.ibb.co\/0rNtyBW\/Museo.jpg\" alt=\"Museo\" width=\"400\" height=\"268\" \/><\/a><strong> oculate e consapevoli<\/strong>, difendendo a spada tratta le proprie decisioni, magari <strong>con meno \u201cpromozione\u201d<\/strong><strong> con il 6 politico e pi\u00f9 studio, meno esaltazione e pi\u00f9 umilt\u00e0, meno lustrini e pi\u00f9 concretezza?<\/strong><\/p>\n<p style=\"margin-bottom: 0.0001pt; text-align: justify;\">Un esempio\u2026 <strong>Il museo dell\u2019arte contadina, il pi\u00f9 grande e ricco del sud Italia, perch\u00e9 non viene valorizzato<\/strong>, non compare in nessun percorso culturale o turistico, in nessun video? <strong>Eppure il dottor Vito Santoiemma<\/strong> che vi ha investito l\u2019intera vita, <strong>pi\u00f9 volte ha chiesto<\/strong> <strong>di poter \u201cdonare\u201d<\/strong> a condizioni di sicurezza e di gestione oculata <strong>l\u2019immenso patrimonio custodito<\/strong>, chiedendo unicamente uno spazio istituzionale e delle garanzie sul futuro. <strong>E\u2019 un privato?<\/strong> Non si \u00e8 \u201cinventato\u201d una associazione per poter interloquire? <strong>E allora? Altrove questo non \u00e8 un problema<\/strong>\u2026<\/p>\n<p style=\"margin-bottom: 0.0001pt; text-align: justify;\">Ci sono paesi che hanno poco o nulla e lo promuovono quasi fosse oro, <strong>Gioia ha tesori ignorati proprio da chi dovrebbe \u201cpromuoverli\u201d!<\/strong><\/p>\n<p style=\"margin-bottom: 0.0001pt; text-align: justify;\"><strong>Il problema non \u00e8 di lana caprina, ma di \u2026 ignoranza, <\/strong>ovvero \u201cmancanza di conoscenza\u201d <strong>che troppo spesso fa rima con arroganza! <\/strong>[Foto del museo Dumest di Carlo Criacci]<\/p>\n<p><a href=\"https:\/\/ibb.co\/pKZDSV0\"><img loading=\"lazy\" decoding=\"async\" src=\"https:\/\/i.ibb.co\/Sm0TzYs\/Porta-del-Imperatore-di-Mario-Pugliese.jpg\" alt=\"Porta-del-Imperatore-di-Mario-Pugliese\" width=\"670\" height=\"875\" \/><\/a><\/p>\n","protected":false},"excerpt":{"rendered":"","protected":false},"author":1,"featured_media":0,"comment_status":"open","ping_status":"closed","sticky":false,"template":"","format":"standard","meta":{"colormag_page_container_layout":"default_layout","colormag_page_sidebar_layout":"default_layout","footnotes":""},"categories":[7],"tags":[],"class_list":["post-65809","post","type-post","status-publish","format-standard","hentry","category-attualita"],"_links":{"self":[{"href":"https:\/\/archiviogioia.lavocedelpaese.info\/index.php?rest_route=\/wp\/v2\/posts\/65809","targetHints":{"allow":["GET"]}}],"collection":[{"href":"https:\/\/archiviogioia.lavocedelpaese.info\/index.php?rest_route=\/wp\/v2\/posts"}],"about":[{"href":"https:\/\/archiviogioia.lavocedelpaese.info\/index.php?rest_route=\/wp\/v2\/types\/post"}],"author":[{"embeddable":true,"href":"https:\/\/archiviogioia.lavocedelpaese.info\/index.php?rest_route=\/wp\/v2\/users\/1"}],"replies":[{"embeddable":true,"href":"https:\/\/archiviogioia.lavocedelpaese.info\/index.php?rest_route=%2Fwp%2Fv2%2Fcomments&post=65809"}],"version-history":[{"count":0,"href":"https:\/\/archiviogioia.lavocedelpaese.info\/index.php?rest_route=\/wp\/v2\/posts\/65809\/revisions"}],"wp:attachment":[{"href":"https:\/\/archiviogioia.lavocedelpaese.info\/index.php?rest_route=%2Fwp%2Fv2%2Fmedia&parent=65809"}],"wp:term":[{"taxonomy":"category","embeddable":true,"href":"https:\/\/archiviogioia.lavocedelpaese.info\/index.php?rest_route=%2Fwp%2Fv2%2Fcategories&post=65809"},{"taxonomy":"post_tag","embeddable":true,"href":"https:\/\/archiviogioia.lavocedelpaese.info\/index.php?rest_route=%2Fwp%2Fv2%2Ftags&post=65809"}],"curies":[{"name":"wp","href":"https:\/\/api.w.org\/{rel}","templated":true}]}}