{"id":65814,"date":"2021-07-20T16:49:08","date_gmt":"2021-07-20T16:49:08","guid":{"rendered":"https:\/\/archiviogioia.lavocedelpaese.info\/?p=65814"},"modified":"2021-07-20T16:49:08","modified_gmt":"2021-07-20T16:49:08","slug":"magna-grecia-awards-a-fest-2021-programma-aggiornato","status":"publish","type":"post","link":"https:\/\/archiviogioia.lavocedelpaese.info\/?p=65814","title":{"rendered":"Magna Grecia Awards &#038; Fest 2021 \u2013 PROGRAMMA AGGIORNATO"},"content":{"rendered":"<p><a href=\"https:\/\/ibb.co\/nwd7Jpf\"><img loading=\"lazy\" decoding=\"async\" style=\"display: block; margin-left: auto; margin-right: auto;\" src=\"https:\/\/i.ibb.co\/x291TZG\/foto-conferenza-stampa-2.jpg\" alt=\"foto-conferenza-stampa-2\" width=\"320\" height=\"240\" \/><\/a><\/p>\n<p><!--more--><\/p>\n<p style=\"margin-bottom: 0.0001pt; text-align: justify;\"><a href=\"https:\/\/ibb.co\/cwhYbYG\"><img loading=\"lazy\" decoding=\"async\" style=\"margin: 5px; float: left;\" src=\"https:\/\/i.ibb.co\/hcFYXYP\/fabio-salvatore.jpg\" alt=\"fabio-salvatore\" width=\"400\" height=\"268\" \/><\/a> Il Magna Grecia Awards &amp; Fest 2021, festival itinerante, ideato e diretto dallo scrittore e regista Fabio Salvatore, \u00e8 in corso di svolgimento dal 16 luglio al 1\u00b0 agosto in varie localit\u00e0 di interesse storico-artistico della regione: tante serate e tanti ospiti illustri in un susseguirsi di incontri culturali, letterari, dialoghi e racconti. Un prosieguo della serata di premiazione tenutasi lo scorso 25 giugno a Bari, sempre all&#8217;insegna della celebrazione del ritorno alla vita.<\/p>\n<p style=\"margin-bottom: 0.0001pt; text-align: justify;\">Castellaneta, Ginosa, Gioia del Colle e Palagiano sono le localit\u00e0 deputate ad ospitare l&#8217;edizione di quest&#8217;anno: situate nel cuore delle Murge, culla artistica ed estetica dell&#8217;antica Magna Grecia, con la loro grande eredit\u00e0 storico-archeologica faranno da cornice alle varie serate, offrendo scenari di struggente e poetica bellezza.<\/p>\n<p style=\"margin-bottom: 0.0001pt; text-align: justify;\">\u00abDopo l&#8217;emozione immensa e inaspettata vissuta a Bari lo scorso 25 giugno &#8211; commenta Fabio Salvatore &#8211; non vedo l&#8217;ora di ripartire con il Magna Grecia Awards &amp; Fest, scoprendo quei luoghi magici e quelle persone meravigliose che rendono la Puglia una terra cos\u00ec unica e generosa. Il Festival sar\u00e0 non solo una grande manifestazione che celebra la bellezza e la ricchezza dell&#8217;umanit\u00e0, ma soprattutto un inno alla vita e alla cultura della vita, grazie ai tanti ospiti, che offriranno il loro contributo, personale o professionale, condivideranno la loro esperienza e regaleranno qualcosa di s\u00e9, lasciando un ricordo indelebile fatto di parole ed emozioni\u00bb.<a href=\"https:\/\/ibb.co\/RTtHgBJ\"><img loading=\"lazy\" decoding=\"async\" style=\"margin: 5px; float: right;\" src=\"https:\/\/i.ibb.co\/GQGPdtr\/foto-conferenza-stampa.jpg\" alt=\"foto-conferenza-stampa\" width=\"400\" height=\"300\" \/><\/a><\/p>\n<p style=\"margin-bottom: 0.0001pt; text-align: justify;\">Il festival presenta un palinsesto ricco di contenuti e di ospiti sempre diversi, affiancando momenti di intrattenimento e svago a occasioni di confronto e approfondimento. Ogni serata tratter\u00e0 infatti tematiche di grande interesse e attualit\u00e0, dal lavoro alla giustizia, dalla sanit\u00e0 all&#8217;economia, fino al digitale e allo sviluppo economico, e vedr\u00e0 la presenza di esponenti illustri del mondo del giornalismo, della cultura, dell\u2019imprenditoria, della politica e dello spettacolo, accanto ai quali non mancheranno le istituzioni locali.<\/p>\n<p style=\"margin-bottom: 0.0001pt; text-align: justify;\">Tra le rubriche fisse: Pagine, un contenitore dedicato ai libri, in cui gli autori presenteranno le loro creazioni letterarie; Mi ti racconto, uno spazio riservato alla narrazione di storie ed esperienze di vita di tanti personaggi illustri; Focus, una finestra sui temi caldi dell&#8217;attualit\u00e0; Agor\u00e0, un talk su temi di interesse civile, sociale e politico con esponenti del mondo delle istituzioni.<\/p>\n<p style=\"margin-bottom: 0.0001pt; text-align: justify;\">Il Magna Grecia Awards &amp; Fest 2021 prosegue inoltre la sua partnership solidale con il progetto 30 Ore per la Vita e si svolge sotto il patrocinio di importanti partner istituzionali: Ministero per i Beni e le Attivit\u00e0 Culturali, Regione Puglia, Comune di Bari, Citt\u00e0 Metropolitana di Bari, Provincia di Taranto, Comune di Castellaneta, Comune di Ginosa, Comune di Gioia del Colle, Comune di Palagiano, Teatro Pubblico Pugliese.<\/p>\n<p style=\"margin-bottom: 0.0001pt; text-align: justify;\">Ispirato ai valori e agli ideali della cultura greca, il Magna Grecia Awards &amp; Fest \u00e8 un progetto culturale nato dal premio istituito nel 1996 dallo scrittore e regista pugliese Fabio Salvatore per &#8220;celebrare il cuore, il pensiero, l&#8217;azione&#8221; e valorizzare l\u2019operato di uomini e donne che hanno saputo dare un contributo significativo alla societ\u00e0 attraverso la propria arte.<\/p>\n<p style=\"margin-bottom: 0.0001pt; text-align: justify;\">\u201cSiamo al terzo anno con il Magna Grecia Awards, oggi &#8211; dichiara il sindaco Mastrangelo &#8211; posso confermare che \u00e8 stato un investimento che ci d\u00e0 un riscontro oggettivo nella nostra comunit\u00e0. Citt\u00e0 come quella di Gioia del Colle, nell\u2019entroterra, sono lontane dai grandi flussi turistici, ma eventi come questo diventano occasioni di crescita per il nostro territorio. Un esempio su tutti: Carla Fracci che era stata a Gioia nella passata edizione voleva creare un progetto per la nostra Gioia del Colle.\u201d<\/p>\n<p style=\"margin-bottom: 0.0001pt; text-align: center;\" align=\"center\"><strong><span>PROGRAMMA GIOIA \u2013 SAGRATO CHIESA S. LUCIA (IN CASO DI MALTEMPO NEL CHIOSTRO COMUNALE) &#8211; ORE 20.30<\/span><\/strong><\/p>\n<div>&nbsp;<\/div>\n<div><span><strong><span style=\"color: black; letter-spacing: 0.5pt;\">23 luglio &#8211; <\/span><\/strong><\/span><span><strong><span style=\"color: black; letter-spacing: 0.5pt;\">Gioia del Colle<\/span><\/strong><\/span><\/div>\n<div style=\"margin-bottom: 0.0001pt;\"><span><span style=\"text-decoration: underline;\"><span style=\"color: black; letter-spacing: 0.5pt;\">Mi ti racconto<\/span><\/span><\/span><span><span style=\"color: black; letter-spacing: 0.5pt;\">: <\/span><\/span><span>Michele Mirabella con <\/span><span>Nunzia De Girolamo<\/span><\/div>\n<div style=\"margin-bottom: 0.0001pt;\"><span>\u201cLady<\/span><span>, <span>ma non troppo\u201d &#8211; Dario Salvatori, Lavinia Orefici, Paola Calvetti, Laura Pranzetti Lombardini, Raffaello Tonon <\/span><\/span><\/div>\n<div style=\"margin-bottom: 0.0001pt;\"><span><span style=\"text-decoration: underline;\"><span style=\"color: black; letter-spacing: 0.5pt;\">Mi ti racconto:<\/span><\/span><\/span><span><\/span><span>Alessia Lautone con <\/span><span>Nunzia De Girolamo<\/span><\/div>\n<div style=\"margin-bottom: 0.0001pt;\"><span style=\"text-decoration: underline;\"><span style=\"color: black;\">Pagine:<\/span><\/span><span>Daniel Lumera \u201c<\/span><i><span style=\"color: black;\">La lezione della farfalla<\/span><\/i><i><span> \u201c<\/span><\/i><\/div>\n<p style=\"margin-bottom: 0.0001pt;\"><span><strong><span style=\"color: black; letter-spacing: 0.5pt;\">28 luglio &#8211; <\/span><\/strong><\/span><span><strong><span style=\"color: black; letter-spacing: 0.5pt;\">Gioia del Colle<\/span><\/strong><\/span><\/p>\n<div style=\"margin-bottom: 0.0001pt;\"><span><span style=\"text-decoration: underline;\"><span style=\"color: black; letter-spacing: 0.5pt;\">Mi ti racconto:<\/span><\/span><\/span><span><\/span><span>Francesco Giorgino <\/span><\/div>\n<div style=\"margin-bottom: 0.0001pt;\"><span style=\"text-decoration: underline;\"><span style=\"color: black;\">Pagine:<\/span><\/span><span>Matteo Maffucci \u201c<\/span><i><span>Prometto a me stesso la felicit\u00e0\u201d<\/span><\/i><\/div>\n<div style=\"margin-bottom: 0.0001pt;\"><span>\u201cUn peu de fashion\u201d &#8211; <\/span><span>Mariella Milani, <\/span><span>Alessandro Egger, Mattia Narducci, Ema Kovac, <span>Carlo Pignatelli<\/span><\/span><\/div>\n<div style=\"margin-bottom: 0.0001pt;\"><span style=\"text-decoration: underline;\"><span style=\"color: black;\">Pagine:<\/span><\/span><span>Valeria Vedovatti \u201c<\/span><i><span>Per rinascere\u201d<\/span><\/i><\/div>\n<p style=\"margin-bottom: 0.0001pt;\"><span><strong><span style=\"color: black; letter-spacing: 0.5pt;\">31 luglio &#8211;<\/span><\/strong><\/span><span><strong><span style=\"color: black; letter-spacing: 0.5pt;\"> Gioia del Colle<\/span><\/strong><\/span><\/p>\n<div style=\"margin-bottom: 0.0001pt;\"><span style=\"text-decoration: underline;\"><span style=\"color: black;\">Pagine:<\/span><\/span><span style=\"color: black;\">Lucilla Agosti \u201c<\/span><i><span style=\"color: black;\">Se esplodi fallo piano\u201d<\/span><\/i><\/div>\n<div style=\"margin-bottom: 0.0001pt;\"><span style=\"text-decoration: underline;\"><span style=\"color: black;\">Agor\u00e0:<\/span><\/span><span style=\"color: black;\">Giustizia: la riforma e i \u201cprocessi\u201d in Parlamento &#8211; <\/span><span style=\"color: black;\">On. Stefano Dambruoso, <\/span><span>Peter Gomez, Giancarlo Loquenzi<\/span><span>, <\/span><span>Pietro Senaldi, con la partecipazione dell\u2019<span style=\"color: black;\">On. Francesco Paolo Sisto, Sottosegretario di Stato alla Giustizia<\/span><\/span><\/div>\n<div style=\"margin-bottom: 0.0001pt;\"><span style=\"color: black;\">\u201cMusica e Parole\u201d <\/span><span style=\"color: black;\">Eredi e protagonisti di una storia &#8211; <\/span><span style=\"color: black;\">Ain\u00e9 e Angelina Mango<\/span><\/div>\n<p style=\"margin-bottom: 0.0001pt;\"><strong><span style=\"color: black;\">PROGRAMMI ALTRE CITT\u00c0<\/span><\/strong><\/p>\n<p style=\"margin-bottom: 0.0001pt;\"><span><strong><span style=\"color: black; letter-spacing: 0.5pt;\">21 luglio \u2013 Castellaneta<\/span><\/strong><\/span><\/p>\n<div style=\"margin-bottom: 0.0001pt;\"><span style=\"text-decoration: underline;\"><span style=\"color: black;\">Pagine:<\/span><\/span><span>Erri De Luca \u201c<\/span><i><span>A grandezza naturale\u201d<\/span><\/i><\/div>\n<div style=\"margin-bottom: 0.0001pt;\"><span style=\"text-decoration: underline;\"><span style=\"color: black;\">Pagine:<\/span><\/span><span>Sara Melotti \u201c<\/span><i><span>La felicit\u00e0 \u00e8 una scelta\u201d<\/span><\/i><\/div>\n<div style=\"margin-bottom: 0.0001pt;\"><span style=\"text-decoration: underline;\"><span style=\"color: black;\">Pagine:<\/span><\/span><span>Gianluca Gazzoli \u201c<\/span><i><span>Scosse. La mia vita a cuore libero\u201d<\/span><\/i><\/div>\n<div style=\"margin-bottom: 0.0001pt;\"><span style=\"text-decoration: underline;\"><span style=\"color: black;\">Pagine:<\/span><\/span><span>Iconize: Marco Ferrero \u201c<\/span><i><span>Pensavo fosse amore, invece era il gin tonic\u201d<\/span><\/i><\/div>\n<div style=\"margin-bottom: 0.0001pt;\"><span style=\"text-decoration: underline;\"><span style=\"color: black;\">Pagine:<\/span><\/span><span>Vittorio Emanuele Parsi \u201c<\/span><i><span>Vulnerabili\u201d<\/span><\/i><\/div>\n<p style=\"margin-bottom: 0.0001pt;\"><span><strong><span style=\"color: black; letter-spacing: 0.5pt;\">25 luglio &#8211; Castellaneta<\/span><\/strong><\/span><\/p>\n<div style=\"margin-bottom: 0.0001pt;\"><span style=\"text-decoration: underline;\"><span style=\"color: black;\">Agor\u00e0:<\/span><\/span><span>On. Francesco Boccia<\/span><\/div>\n<div style=\"margin-bottom: 0.0001pt;\"><span style=\"text-decoration: underline;\"><span style=\"color: black;\">Focus:<\/span><\/span><span>La sanit\u00e0 che vorrei<span style=\"color: black;\"> &#8211; <\/span><\/span><span style=\"color: black;\">Filippo Anelli, On. Andrea Costa <\/span><span style=\"color: black;\">Sottosegretario di Stato al Ministero della Salute,<\/span><span style=\"color: black;\"> Massimo Scaccabarozzi, <\/span><span style=\"color: black;\">Gianmarco Surico, <\/span><span style=\"color: black;\">Andrea Vianello, <\/span><span style=\"color: black;\">Leonardo Vincenti <span>con <\/span><\/span><span>Nunzia De Girolamo<\/span><\/div>\n<div style=\"margin-bottom: 0.0001pt;\"><span><span style=\"text-decoration: underline;\"><span style=\"color: black; letter-spacing: 0.5pt;\">Mi ti racconto:<\/span><\/span><\/span><span><\/span><span>Gabriele Gravina con <\/span><span>Nunzia De Girolamo<\/span><\/div>\n<p style=\"margin-bottom: 0.0001pt;\"><span><strong><span style=\"color: black; letter-spacing: 0.5pt;\">30 luglio \u2013 Castellaneta<\/span><\/strong><\/span><\/p>\n<div style=\"margin-bottom: 0.0001pt;\"><span style=\"text-decoration: underline;\"><span style=\"color: black;\">Agor\u00e0:<\/span><\/span><span style=\"color: black;\">Sviluppo, innovazione, lavoro: una \u201cRivoluzione Copernicana\u201d: On. Assuntela Messina &#8211; Sottosegretario Ministero innovazione tecnologica e transizione digitale, Ing. Alessandro Delli Noci &#8211; Assessore Sviluppo Economico Regione Puglia, Avv. Gianna Elisa Berlingerio Direttore Dipartimento Sviluppo Economico Regione Puglia, Prof. Gianluigi de Gennaro Presidente Centro Innovazione e Creativit\u00e0 Universit\u00e0 di Bari, Dott.ssa Annalisa Turi &#8211; Knowledge Transfer Manager Universit\u00e0 di Bari <\/span><\/div>\n<div style=\"margin-bottom: 0.0001pt;\"><span style=\"text-decoration: underline;\"><span style=\"color: black;\">Pagine:<\/span><\/span><span style=\"color: black;\"> Chiara Lalli <\/span><span style=\"color: black;\">e <span>Cecilia Sala <\/span><\/span><i><span style=\"color: black;\">\u201cPolvere\u201d<\/span><\/i><\/div>\n<p style=\"margin-bottom: 0.0001pt;\"><span><strong><span style=\"color: black; letter-spacing: 0.5pt;\">24 luglio &#8211; Palagiano<\/span><\/strong><\/span><\/p>\n<div style=\"margin-bottom: 0.0001pt;\"><span style=\"text-decoration: underline;\"><span style=\"color: black;\">Pagine:<\/span><\/span><span>Cinzia Tani \u201c<\/span><i><span style=\"color: black;\">Angeli e carnefici\u201d<\/span><\/i><\/div>\n<div style=\"margin-bottom: 0.0001pt;\"><span style=\"text-decoration: underline;\"><span style=\"color: black;\">Focus:<\/span><\/span><span style=\"background: white none repeat scroll 0% 0%;\">Il cibo e la terra &#8211;<\/span><span style=\"color: black; background: white none repeat scroll 0% 0%;\">Veronica Barbati, <\/span><span style=\"color: black; background: white none repeat scroll 0% 0%;\">Angelo Mellone, <\/span><span style=\"color: black; background: white none repeat scroll 0% 0%;\">Ingrid Muccitelli, Savino Muraglia, Federico Quaranta, Luigi Scordamaglia, Sen.<\/span><span style=\"color: black; background: white none repeat scroll 0% 0%;\"> Dario Stefano Presidente Commissione Affari Europei del Senato della Repubblica Italiana con<\/span><span style=\"background: white none repeat scroll 0% 0%;\">Nunzia De Girolamo<\/span><\/div>\n<div style=\"margin-bottom: 0.0001pt;\"><span style=\"text-decoration: underline;\"><span style=\"color: black;\">Pagine:<\/span><\/span><span>Angelo Mellone \u201c<\/span><i><span style=\"color: black;\">Nelle migliori famiglie\u201d<\/span><\/i><\/div>\n<p style=\"margin-bottom: 0.0001pt;\"><span><strong><span style=\"color: black; letter-spacing: 0.5pt;\">27 luglio &#8211; Palagiano<\/span><\/strong><\/span><\/p>\n<div style=\"margin-bottom: 0.0001pt;\"><span style=\"text-decoration: underline;\"><span style=\"color: black;\">Agor\u00e0:<\/span><\/span><span>Antonio Parenti <\/span><span>Direttore della Rappresentanza in Italia della Commissione Europea<\/span><\/div>\n<div style=\"margin-bottom: 0.0001pt;\"><span>\u201cIo sto bene!\u201d &#8211;<\/span><span>Gianluca Mech, <\/span><span>Manila Nazzaro, <span>Alessandro Egger<\/span><\/span><\/div>\n<div style=\"margin-bottom: 0.0001pt;\"><span style=\"text-decoration: underline;\"><span style=\"color: black;\">Pagine:<\/span><\/span><span>Marco Frittella \u201c<\/span><i><span>Italia green\u201d<\/span><\/i><\/div>\n<div style=\"margin-bottom: 0.0001pt;\"><span style=\"text-decoration: underline;\"><span style=\"color: black;\">Pagine:<\/span><\/span><span style=\"color: black; background: white none repeat scroll 0% 0%;\">Gordon \u201c<\/span><i><span style=\"color: black; background: white none repeat scroll 0% 0%;\">Lezioni d\u2019amore<\/span><\/i><\/div>\n<p style=\"margin-bottom: 0.0001pt;\"><span><strong><span style=\"color: black; letter-spacing: 0.5pt;\">1 agosto &#8211; Palagiano<\/span><\/strong><\/span><\/p>\n<div style=\"margin-bottom: 0.0001pt;\"><span style=\"text-decoration: underline;\"><span style=\"color: black;\">Pagine:<\/span><\/span><span style=\"color: black;\">Claudio Brachino \u201c<\/span><i><span style=\"color: #202124; background: white none repeat scroll 0% 0%;\">Avere o non avere. Il miraggio dell&#8217;uguaglianza\u201d<\/span><\/i><\/div>\n<div style=\"margin-bottom: 0.0001pt;\"><span style=\"text-decoration: underline;\"><span style=\"color: black;\">Focus:<\/span><\/span><span style=\"color: black;\">Economia Sud Nord &#8211;<\/span><span style=\"color: black;\"> Claudio Brachino, Sen. Teresa Bellanova <\/span><span style=\"color: black;\">Viceministro delle infrastrutture e della mobilit\u00e0 sostenibili<span style=\"background: white none repeat scroll 0% 0%;\">,<\/span><\/span><span style=\"color: black;\">Guido Crosetto, Roberto Sommella <\/span><\/div>\n<div style=\"margin-bottom: 0.0001pt;\"><span style=\"text-decoration: underline;\"><span style=\"color: black;\">Pagine:<\/span><\/span><span style=\"color: black;\">Antonio Caprarica \u201c<\/span><i><span style=\"color: #202124; background: white none repeat scroll 0% 0%;\">Intramontabile Elisabetta\u201d<\/span><\/i><\/div>\n<p style=\"margin-bottom: 0.0001pt;\"><span><strong><span style=\"color: black; letter-spacing: 0.5pt;\">22 luglio &#8211; Ginosa<\/span><\/strong><\/span><\/p>\n<div style=\"margin-bottom: 0.0001pt;\"><span><span style=\"text-decoration: underline;\"><span style=\"color: black; letter-spacing: 0.5pt;\">Mi ti racconto:<\/span><\/span><\/span><span><\/span><span>Piera Aiello<\/span><\/div>\n<div style=\"margin-bottom: 0.0001pt;\"><span style=\"text-decoration: underline;\"><span style=\"color: black;\">Focus:<\/span><\/span><span>Sotto Scorta &#8211;<\/span><span style=\"color: black;\"> On. Piera Aiello, Giuseppe Antoci, Don Antonio Coluccia, Alessio Ribaudo, Gaetano Saffioti, Luca Vigilante<\/span><\/div>\n<div style=\"margin-bottom: 0.0001pt;\"><span><span style=\"text-decoration: underline;\"><span style=\"color: black; letter-spacing: 0.5pt;\">Mi ti racconto:<\/span><\/span><\/span><span><\/span><span>Giuseppe Antoci<\/span><\/div>\n<div style=\"margin-bottom: 0.0001pt;\"><span style=\"text-decoration: underline;\"><span style=\"color: black;\">Pagine:<\/span><\/span><span style=\"color: black;\"> Rocco Anelli <i>\u201cBagnanti\u201d<\/i><\/span><\/div>\n<p style=\"margin-bottom: 0.0001pt;\"><span><strong><span style=\"color: black; letter-spacing: 0.5pt;\">26 luglio &#8211; Ginosa<\/span><\/strong><\/span><\/p>\n<div style=\"margin-bottom: 0.0001pt;\"><span style=\"text-decoration: underline;\"><span style=\"color: black;\">Pagine:<\/span><\/span><span style=\"color: black;\"> Jacopo Veneziani \u201c<\/span><i><span style=\"color: black;\">#divulgo\u201d, \u201cSimmetrie\u201d<\/span><\/i><\/div>\n<div style=\"margin-bottom: 0.0001pt;\"><span><span style=\"text-decoration: underline;\"><span style=\"color: black; letter-spacing: 0.5pt;\">Mi ti racconto:<\/span><\/span><\/span><span><\/span><span style=\"color: black;\">Alessandro Cecchi Paone con <\/span><span>Nunzia De Girolamo<\/span><\/div>\n<div style=\"margin-bottom: 0.0001pt;\"><span style=\"text-decoration: underline;\"><span style=\"color: black;\">Pagine:<\/span><\/span><span style=\"color: black;\"> Natalia Paragoni \u201c<\/span><i><span style=\"color: black;\">La vita secondo Naty\u201d<\/span><\/i><\/div>\n<div style=\"margin-bottom: 0.0001pt;\"><span>\u201cInseguendo il sogno\u201d &#8211; <span>Mario Ermito, Ariadna Romero, Andrea Preti, Stefano Sala, <i>Alex Pacifico <\/i><\/span><\/span><\/div>\n<div style=\"margin-bottom: 0.0001pt;\"><span style=\"text-decoration: underline;\"><span style=\"color: black;\">Pagine:<\/span><\/span><span style=\"color: black;\"> Denis Dosio \u201c<\/span><i><span style=\"color: black;\">Visualizza ma non risponde\u201d<\/span><\/i><\/div>\n<p style=\"margin-bottom: 0.0001pt;\"><span><strong><span style=\"color: black; letter-spacing: 0.5pt;\">29 luglio \u2013 Ginosa<\/span><\/strong><\/span><\/p>\n<div style=\"margin-bottom: 0.0001pt;\"><span style=\"text-decoration: underline;\"><span style=\"color: black;\">Pagine:<\/span><\/span><span>Don Dino Pirri \u201c<\/span><i><span>Lo strano caso del buon samaritano\u201d <\/span><\/i><span>con la partecipazione di Don Cosimo Schena<\/span><\/div>\n<div style=\"margin-bottom: 0.0001pt;\"><span style=\"text-decoration: underline;\"><span style=\"color: black;\">Pagine:<\/span><\/span><span>Natasha Korsakova \u201c<\/span><i><span>L\u2019ultima nota di violino\u201d<\/span><\/i><\/div>\n<div style=\"margin-bottom: 0.0001pt;\"><span style=\"text-decoration: underline;\"><span style=\"color: black;\">Pagine:<\/span><\/span><span>Alessio Viola \u201c<\/span><i><span>Sar\u00f2 bre\u201d e after con Lercio<\/span><\/i><\/div>\n<p style=\"margin-bottom: 0.0001pt;\"><strong><span>CONTATTI<\/span><\/strong><\/p>\n<p style=\"margin-bottom: 0.0001pt;\"><span>Accesso consentito, in rispetto dei protocolli Covid, solo su prenotazione al sito: www.magnagreciaawards.com\/eventi.<\/span><\/p>\n<p style=\"margin-bottom: 0.0001pt;\"><strong><span>UFFICIO STAMPA MATCH PICTURE ITALIA<\/span><\/strong><\/p>\n<p style=\"margin-bottom: 0.0001pt;\"><span>Nicole Persico \u2013 <\/span><a href=\"mailto:nicole.matchpicture@gmail.com\"><span style=\"color: windowtext; text-decoration: none;\">nicole.matchpicture@gmail.com<\/span><\/a><span> \u2013 392 1737034 &#8211; Francesca Montesano &#8211; <\/span><a href=\"mailto:francescam.matchpicture@gmail.com\"><span style=\"color: windowtext; text-decoration: none;\">francescam.matchpicture@gmail.com<\/span><\/a><span> &#8211; 349 3701661.<\/span><\/p>\n<p style=\"margin-bottom: 0.0001pt;\"><strong><span>UFFICIO STAMPA TERRITORIALE: MILA UFFICI STAMPA<\/span><\/strong><\/p>\n<p style=\"margin-bottom: 0.0001pt;\"><strong><span style=\"color: black;\">Michela Ventrella &#8211; <\/span><\/strong><a href=\"mailto:info@milaufficistampa.it\"><strong><span style=\"color: black; text-decoration: none;\">info@milaufficistampa.it<\/span><\/strong><\/a><strong><span style=\"color: black;\"> &#8211; 349 526 0370. <\/span><\/strong><\/p>\n<p>&nbsp;<\/p>\n<p>&nbsp;<\/p>\n","protected":false},"excerpt":{"rendered":"","protected":false},"author":1,"featured_media":0,"comment_status":"open","ping_status":"closed","sticky":false,"template":"","format":"standard","meta":{"colormag_page_container_layout":"default_layout","colormag_page_sidebar_layout":"default_layout","footnotes":""},"categories":[7],"tags":[],"class_list":["post-65814","post","type-post","status-publish","format-standard","hentry","category-attualita"],"_links":{"self":[{"href":"https:\/\/archiviogioia.lavocedelpaese.info\/index.php?rest_route=\/wp\/v2\/posts\/65814","targetHints":{"allow":["GET"]}}],"collection":[{"href":"https:\/\/archiviogioia.lavocedelpaese.info\/index.php?rest_route=\/wp\/v2\/posts"}],"about":[{"href":"https:\/\/archiviogioia.lavocedelpaese.info\/index.php?rest_route=\/wp\/v2\/types\/post"}],"author":[{"embeddable":true,"href":"https:\/\/archiviogioia.lavocedelpaese.info\/index.php?rest_route=\/wp\/v2\/users\/1"}],"replies":[{"embeddable":true,"href":"https:\/\/archiviogioia.lavocedelpaese.info\/index.php?rest_route=%2Fwp%2Fv2%2Fcomments&post=65814"}],"version-history":[{"count":0,"href":"https:\/\/archiviogioia.lavocedelpaese.info\/index.php?rest_route=\/wp\/v2\/posts\/65814\/revisions"}],"wp:attachment":[{"href":"https:\/\/archiviogioia.lavocedelpaese.info\/index.php?rest_route=%2Fwp%2Fv2%2Fmedia&parent=65814"}],"wp:term":[{"taxonomy":"category","embeddable":true,"href":"https:\/\/archiviogioia.lavocedelpaese.info\/index.php?rest_route=%2Fwp%2Fv2%2Fcategories&post=65814"},{"taxonomy":"post_tag","embeddable":true,"href":"https:\/\/archiviogioia.lavocedelpaese.info\/index.php?rest_route=%2Fwp%2Fv2%2Ftags&post=65814"}],"curies":[{"name":"wp","href":"https:\/\/api.w.org\/{rel}","templated":true}]}}