{"id":65871,"date":"2021-07-31T07:34:53","date_gmt":"2021-07-31T07:34:53","guid":{"rendered":"https:\/\/archiviogioia.lavocedelpaese.info\/?p=65871"},"modified":"2021-07-31T07:34:53","modified_gmt":"2021-07-31T07:34:53","slug":"anche-a-gioia-la-raccolta-firme-per-labolizione-della-caccia-2","status":"publish","type":"post","link":"https:\/\/archiviogioia.lavocedelpaese.info\/?p=65871","title":{"rendered":"Anche a Gioia la raccolta firme per l\u2019abolizione della caccia"},"content":{"rendered":"<p style=\"text-align: justify;\"><a href=\"https:\/\/ibb.co\/pnTTT34\"><img loading=\"lazy\" decoding=\"async\" style=\"display: block; margin-left: auto; margin-right: auto;\" src=\"https:\/\/i.ibb.co\/rvhhhZ5\/abolizione-caccia.jpg\" alt=\"abolizione-caccia\" width=\"320\" height=\"240\" \/><\/a><\/p>\n<p><!--more--><\/p>\n<p style=\"text-align: justify;\"><a href=\"https:\/\/ibb.co\/Gd1J4t7\"><img loading=\"lazy\" decoding=\"async\" style=\"margin: 5px; float: left;\" src=\"https:\/\/i.ibb.co\/mRYBVXJ\/cropped-LOGOBUONO-1-1.png\" alt=\"cropped-LOGOBUONO-1-1\" width=\"250\" height=\"251\" \/><\/a> &#8220;Il 1\u00b0 luglio 2021 \u00e8 partita la raccolta firme a sostegno della proposta di referendum avanzata dal \u201c<strong>Comitato Si Aboliamo la Caccia<\/strong>\u201d.<\/p>\n<p style=\"text-align: justify;\">L\u2019obiettivo \u00e8 quello di <strong>raggiungere 500.000 firme entro il 27 Settembre 2021<\/strong>, al fine di poter richiedere un referendum che abroghi la caccia su tutto il territorio nazionale, attraverso una modifica alla legge 157\/92.<\/p>\n<p style=\"text-align: justify;\">\u00c8 possibile <strong>firmare presso l\u2019ufficio elettorale del proprio Comune<\/strong> di residenza e <strong>presso uno qualunque dei moltissimi banchetti organizzati, in tutta Italia<\/strong>, dalle migliaia di attivisti e volontari impegnati per la causa.<\/p>\n<p style=\"text-align: justify;\"><strong>RACCOLTA FIRME ANCHE A <\/strong><a href=\"https:\/\/ibb.co\/v3HLwzG\"><img loading=\"lazy\" decoding=\"async\" style=\"margin: 5px; float: right;\" src=\"https:\/\/i.ibb.co\/pfx40X8\/228086011-4398069263585131-6546833118723758073-n-2.jpg\" alt=\"228086011-4398069263585131-6546833118723758073-n-2\" width=\"400\" height=\"396\" \/><\/a><strong>GIOIA<\/strong><\/p>\n<p style=\"text-align: justify;\">La raccolta firme \u00e8 attiva anche presso l\u2019ufficio elettorale del Comune di Gioia del Colle.&nbsp;A partire <strong>da sabato 31 luglio<\/strong> sar\u00e0 possibile firmare, inoltre, presso i banchetti organizzati <strong>in Piazza Plebiscito<\/strong>, ogni sabato e domenica fino al 26 Settembre, <strong>dalle ore 18.00 alle ore 21.00<\/strong>.<\/p>\n<p style=\"text-align: justify;\"><strong>La caccia<\/strong> non \u00e8 solo la causa dell\u2019uccisione di milioni di animali innocenti, ma <strong>determina<\/strong>, ogni anno, <strong>incidenti gravi con morti e feriti<\/strong> anche tra chi non ha nulla a che fare con le doppiette.<\/p>\n<p style=\"text-align: justify;\">Sebbene la caccia sia praticata da meno del 2% della popolazione nazionale, decine di milioni di euro di sussidi pubblici sono destinati, ogni anno, da Regioni e Comuni alle Associazioni di cacciatori e a vantaggio dell\u2019attivit\u00e0 venatoria.<\/p>\n<p style=\"text-align: justify;\">La caccia determina, inoltre, <strong>l\u2019inevitabile dispersione nell\u2019ambiente di milioni di pallini di piombo e di cartucce di plastica e metallo <\/strong>abbandonate nei boschi e nelle campagne.<\/p>\n<p style=\"text-align: justify;\">La legge dell&#8217;11 febbraio del 1992, n.157, preposta alla tutela della fauna selvatica omeoterma, definisce quest\u2019ultima \u201cpatrimonio indisponibile dello Stato\u201d<a href=\"https:\/\/ibb.co\/WfM2KTm\"><img loading=\"lazy\" decoding=\"async\" style=\"margin: 5px; float: left;\" src=\"https:\/\/i.ibb.co\/pdMLXmY\/1627732753310-me.jpg\" alt=\"1627732753310-me\" width=\"350\" height=\"350\" \/><\/a> \u2026 \u201ctutelata nell\u2019interesse della Comunit\u00e0 nazionale ed internazionale\u201d.<\/p>\n<p style=\"text-align: justify;\">La fauna selvatica, dunque, non costituisce soltanto un tesoro inestimabile di bellezza da preservare e tramandare alla futura generazione, ma \u00e8, anche e soprattutto, una ricchezza collettiva sulla cui salute, biodiversit\u00e0 ed equilibrio si fonda anche la salubrit\u00e0 degli ecosistemi; un tassello fondamentale di quel puzzle complesso che \u00e8 l\u2019ambiente, nel quale e grazie al quale viviamo. Sottrarre tale patrimonio comune alla distruzione perpetrata a fini ludici da un gruppo ristretto di persone \u00e8, oggi, un passo avanti necessario lungo il cammino della civilt\u00e0 e della sicurezza di tutti. Tantissimi big della cultura e dello spettacolo hanno gi\u00e0 firmato.<\/p>\n<p style=\"text-align: justify;\"><strong>Che aspetti?<\/strong> Per la tutela dell\u2019ambiente, per rispetto di tutti gli esseri viventi e per la salvaguardia della sicurezza pubblica, <strong>passa all\u2019azione e firma anche tu<\/strong> a favore della proposta di referendum del \u201cComitato Si Aboliamo la caccia\u201d.&#8221;<\/p>\n<p style=\"text-align: right;\" align=\"right\"><strong>Comitato S\u00ec Aboliamo la Caccia<\/strong><\/p>\n<p style=\"text-align: justify;\"><strong>Sito Web<\/strong> &#8211; <a href=\"http:\/\/www.referendumsiaboliamolacaccia.it\" target=\"_blank\" rel=\"noopener\">www.referendumsiaboliamolacaccia.it<\/a> &#8211; <strong>Facebook<\/strong> &#8211; <a href=\"https:\/\/www.facebook.com\/ComitatoSiAboliamolaCaccia\" target=\"_blank\" rel=\"noopener\">https:\/\/www.facebook.com\/ComitatoSiAboliamolaCaccia<\/a> &#8211; <strong>Sede<\/strong>: via Al lavatoio 4\/c &#8211; Varallo (Vc)<\/p>\n<p style=\"text-align: justify;\"><strong>tel<\/strong>.: 3452616174 &#8211; 3664656275 &#8211; <strong>mail<\/strong>: <a href=\"mailto:comitato@referendumsiaboliamolacaccia.it\" target=\"_blank\" rel=\"noopener\">comitato@referendumsiaboliamolacaccia.it<\/a><\/p>\n<p>&nbsp;<\/p>\n","protected":false},"excerpt":{"rendered":"","protected":false},"author":1,"featured_media":0,"comment_status":"open","ping_status":"closed","sticky":false,"template":"","format":"standard","meta":{"colormag_page_container_layout":"default_layout","colormag_page_sidebar_layout":"default_layout","footnotes":""},"categories":[7],"tags":[],"class_list":["post-65871","post","type-post","status-publish","format-standard","hentry","category-attualita"],"_links":{"self":[{"href":"https:\/\/archiviogioia.lavocedelpaese.info\/index.php?rest_route=\/wp\/v2\/posts\/65871","targetHints":{"allow":["GET"]}}],"collection":[{"href":"https:\/\/archiviogioia.lavocedelpaese.info\/index.php?rest_route=\/wp\/v2\/posts"}],"about":[{"href":"https:\/\/archiviogioia.lavocedelpaese.info\/index.php?rest_route=\/wp\/v2\/types\/post"}],"author":[{"embeddable":true,"href":"https:\/\/archiviogioia.lavocedelpaese.info\/index.php?rest_route=\/wp\/v2\/users\/1"}],"replies":[{"embeddable":true,"href":"https:\/\/archiviogioia.lavocedelpaese.info\/index.php?rest_route=%2Fwp%2Fv2%2Fcomments&post=65871"}],"version-history":[{"count":0,"href":"https:\/\/archiviogioia.lavocedelpaese.info\/index.php?rest_route=\/wp\/v2\/posts\/65871\/revisions"}],"wp:attachment":[{"href":"https:\/\/archiviogioia.lavocedelpaese.info\/index.php?rest_route=%2Fwp%2Fv2%2Fmedia&parent=65871"}],"wp:term":[{"taxonomy":"category","embeddable":true,"href":"https:\/\/archiviogioia.lavocedelpaese.info\/index.php?rest_route=%2Fwp%2Fv2%2Fcategories&post=65871"},{"taxonomy":"post_tag","embeddable":true,"href":"https:\/\/archiviogioia.lavocedelpaese.info\/index.php?rest_route=%2Fwp%2Fv2%2Ftags&post=65871"}],"curies":[{"name":"wp","href":"https:\/\/api.w.org\/{rel}","templated":true}]}}