{"id":65875,"date":"2021-08-02T09:04:37","date_gmt":"2021-08-02T09:04:37","guid":{"rendered":"https:\/\/archiviogioia.lavocedelpaese.info\/?p=65875"},"modified":"2021-08-02T09:04:37","modified_gmt":"2021-08-02T09:04:37","slug":"incendi-36d-stormo-in-prima-linea-a-supporto-della-protezione-civile-2","status":"publish","type":"post","link":"https:\/\/archiviogioia.lavocedelpaese.info\/?p=65875","title":{"rendered":"Incendi. 36\u00b0 Stormo in prima linea a supporto della Protezione civile"},"content":{"rendered":"<p><a href=\"https:\/\/ibb.co\/rp78Nt1\"><img loading=\"lazy\" decoding=\"async\" style=\"display: block; margin-left: auto; margin-right: auto;\" src=\"https:\/\/i.ibb.co\/t2mjFhW\/gioia6.jpg\" alt=\"gioia6\" width=\"320\" height=\"240\" \/><\/a><\/p>\n<p><!--more--><\/p>\n<p style=\"text-align: justify;\"><span>\u201c<strong>Continua senza<\/strong><\/span><a href=\"https:\/\/ibb.co\/wyS323C\"><img loading=\"lazy\" decoding=\"async\" style=\"margin: 5px; float: left;\" src=\"https:\/\/i.ibb.co\/tBqk1kc\/gioia1.jpg\" alt=\"gioia1\" width=\"400\" height=\"225\" \/><\/a><span><strong> sosta l&#8217;impegno dell&#8217;Aeronautica Militare&nbsp;a fornire il proprio contributo per le operazioni antincendio<\/strong> resesi necessarie a contrastare i diversi incendi divampati nelle scorse ore nel nord della Puglia, nell\u2019area di Gravina, nei comuni di Trecchina e Rotondella in Basilicata ed a Catanzaro in Calabria. <strong>Il 36\u00b0 Stormo Caccia<\/strong>, in coordinamento con il Dipartimento della Protezione Civile, <strong>ha prontamente garantito supporto operativo e logistico<\/strong> alle operazioni di soccorso poste in essere dalla <strong>flotta aerea Canadair che si \u00e8 rischierata sulla base aerea di Gioia del Colle<\/strong>.&nbsp;Gli equipaggi hanno profuso lodevole impegno nelle operazioni di spegnimento di numerosi incendi, per i quali si \u00e8 reso indispensabile anche il supporto delle squadre di emergenza a terra.&nbsp;La disponibilit\u00e0 e la professionalit\u00e0 del personale e dei mezzi dell\u2019Aeronautica Militare, i servizi aeroportuali assicurati e la vicinanza alla zona delle operazioni hanno <strong>garantito lo svolgimento delle attivit\u00e0 in modo tempestivo e senza interruzioni<\/strong> nonch\u00e9 il supporto alla popolazione civile ed alle agenzie di soccorso.&nbsp;Nel dettaglio, lo Stormo ha garantito assistenza tecnica, supporto <strong>in linea volo e rifornimento carburante per i 4 velivoli Canadair rischieratisi sull\u2019aeroporto pugliese<\/strong>.<\/span><\/p>\n<p style=\"text-align: justify;\"><span>Il 36\u00b0 Stormo Caccia, che dipende dal Comando Squadra Aerea per il tramite del Com<\/span><span>ando Forze da Combattimento, \u00e8 uno degli Stormi della difesa aerea dell&#8217;Aeronautica Militare che assicura la sorveglianza dello spazio aereo nazionale 365 giorni all&#8217;anno, 24 ore su 24, con un sistema di difesa integrato, fin dal <\/span><a href=\"https:\/\/ibb.co\/Ss3XWrR\"><img loading=\"lazy\" decoding=\"async\" style=\"margin: 5px; float: right;\" src=\"https:\/\/i.ibb.co\/X2CZN8S\/Whats-App-Image-2021-07-31-at-20-58.jpg\" alt=\"Whats-App-Image-2021-07-31-at-20-58\" width=\"400\" height=\"300\" \/><\/a><span>tempo di pace, con quello degli altri paesi appartenenti alla NATO. Il servizio \u00e8 garantito \u2013 per la parte sorveglianza, identificazione e controllo \u2013 dall&#8217;11\u00b0 Gruppo D.A.M.I. di Poggio Renatico (FE) e dal 22\u00b0 Gruppo Radar di Licola (NA), relativamente all&#8217;intervento in volo, dal 4\u00b0 Stormo (GR), dal 36\u00b0 Stormo (BA) e dal 37\u00b0 Stormo (TP), tutti equipaggiati con velivoli caccia Eurofighter. A partire dal gennaio 2017, l&#8217;Aeronautica Militare ha attivato inoltre una cellula di Eurofighter F-2000 presso il 51\u00b0 Stormo di Istrana al fine di ottimizzare la copertura dello spazio aereo nazionale, in ottica di generale riduzione dei tempi di intervento e di tempestivo contrasto di eventuali minacce. Da marzo 2018, inoltre, nel sistema di difesa aerea sono stati integrati anche i velivoli F-35 del 32\u00b0 Stormo di Amendola, che contribuiscono con specifiche capacit\u00e0 operative e tecnologia di ultima generazione alla difesa dei cieli italiani. La bandiera del 36\u00b0 Stormo Caccia \u00e8 ancora oggi quella con pi\u00f9 decorazioni di guerra di tutta l&#8217;Aeronautica Militare: una Medaglia d&#8217;Argento al Valor Militare al 36\u00b0 Stormo Bombardamento Terrestre, una Medaglia d&#8217;Oro al Valor Militare al 36\u00b0 Stormo Aerosiluranti, una Medaglia d&#8217;Argento al Valor Militare al 36\u00b0 Stormo Notturno, una Croce di Cavaliere dell&#8217;Ordine Militare d&#8217;Italia al 36\u00b0 Stormo Caccia mentre al personale sono state concesse ben 8 Medaglie d&#8217;Oro al Valor Militare alla memoria, 43 Medaglie d&#8217;Argento, 123 Medaglie di Bronzo e 27 Croci di Guerra\u201d.<\/span><\/p>\n<div style=\"text-align: right;\" align=\"right\"><strong>TEN. Fulvio MALLARDI<\/strong><\/div>\n<div style=\"text-align: right;\" align=\"right\"><strong>36\u00b0 Stormo Caccia<\/strong><\/div>\n<p><a href=\"https:\/\/ibb.co\/QNCWh6g\"><img loading=\"lazy\" decoding=\"async\" src=\"https:\/\/i.ibb.co\/9TVxBqD\/228161436-4113408025404098-7606263518041441311-n.jpg\" alt=\"228161436-4113408025404098-7606263518041441311-n\" width=\"670\" height=\"893\" \/><\/a><\/p>\n","protected":false},"excerpt":{"rendered":"","protected":false},"author":1,"featured_media":0,"comment_status":"open","ping_status":"closed","sticky":false,"template":"","format":"standard","meta":{"colormag_page_container_layout":"default_layout","colormag_page_sidebar_layout":"default_layout","footnotes":""},"categories":[8],"tags":[],"class_list":["post-65875","post","type-post","status-publish","format-standard","hentry","category-cronaca"],"_links":{"self":[{"href":"https:\/\/archiviogioia.lavocedelpaese.info\/index.php?rest_route=\/wp\/v2\/posts\/65875","targetHints":{"allow":["GET"]}}],"collection":[{"href":"https:\/\/archiviogioia.lavocedelpaese.info\/index.php?rest_route=\/wp\/v2\/posts"}],"about":[{"href":"https:\/\/archiviogioia.lavocedelpaese.info\/index.php?rest_route=\/wp\/v2\/types\/post"}],"author":[{"embeddable":true,"href":"https:\/\/archiviogioia.lavocedelpaese.info\/index.php?rest_route=\/wp\/v2\/users\/1"}],"replies":[{"embeddable":true,"href":"https:\/\/archiviogioia.lavocedelpaese.info\/index.php?rest_route=%2Fwp%2Fv2%2Fcomments&post=65875"}],"version-history":[{"count":0,"href":"https:\/\/archiviogioia.lavocedelpaese.info\/index.php?rest_route=\/wp\/v2\/posts\/65875\/revisions"}],"wp:attachment":[{"href":"https:\/\/archiviogioia.lavocedelpaese.info\/index.php?rest_route=%2Fwp%2Fv2%2Fmedia&parent=65875"}],"wp:term":[{"taxonomy":"category","embeddable":true,"href":"https:\/\/archiviogioia.lavocedelpaese.info\/index.php?rest_route=%2Fwp%2Fv2%2Fcategories&post=65875"},{"taxonomy":"post_tag","embeddable":true,"href":"https:\/\/archiviogioia.lavocedelpaese.info\/index.php?rest_route=%2Fwp%2Fv2%2Ftags&post=65875"}],"curies":[{"name":"wp","href":"https:\/\/api.w.org\/{rel}","templated":true}]}}