{"id":65892,"date":"2021-08-05T16:10:54","date_gmt":"2021-08-05T16:10:54","guid":{"rendered":"https:\/\/archiviogioia.lavocedelpaese.info\/?p=65892"},"modified":"2021-08-05T16:10:54","modified_gmt":"2021-08-05T16:10:54","slug":"buon-successo-per-i-film-di-francois-truffaut-dellass-melina-procino","status":"publish","type":"post","link":"https:\/\/archiviogioia.lavocedelpaese.info\/?p=65892","title":{"rendered":"Buon successo per i film di Francois Truffaut dell\u2019Ass. Melina Procino"},"content":{"rendered":"<p><a href=\"https:\/\/ibb.co\/Zzm6N0M\"><img loading=\"lazy\" decoding=\"async\" style=\"display: block; margin-left: auto; margin-right: auto;\" src=\"https:\/\/i.ibb.co\/yFSnVrQ\/231971982-3135005573399729-7483221756990099395-n.jpg\" alt=\"231971982-3135005573399729-7483221756990099395-n\" width=\"320\" height=\"240\" \/><\/a><\/p>\n<p><!--more--><\/p>\n<p style=\"text-align: justify;\"><a href=\"https:\/\/ibb.co\/2h5RhqX\"><img loading=\"lazy\" decoding=\"async\" style=\"margin: 5px; float: left;\" src=\"https:\/\/i.ibb.co\/1QbBQZH\/231520618-562473411780583-1766982024838039674-n.jpg\" alt=\"231520618-562473411780583-1766982024838039674-n\" width=\"400\" height=\"300\" \/><\/a>\u201c<strong>I quattrocento colpi<\/strong>\u201d, \u201c<strong>L&#8217;ultimo metr\u00f2<\/strong>\u201d, \u201c<strong>Effetto notte<\/strong>\u201d: con una mini rassegna cinematografica dedicata al regista francese Francois Truffaut, con i <strong>tre film proiettati<\/strong> <strong>in tre serate<\/strong> di luglio ad Arco Cimone di Gioia del Colle, ha fatto il suo esordio sulla scena gioiese l&#8217;associazione culturale \u201cMelina Procino\u201d.<\/p>\n<p style=\"text-align: justify;\"><strong>Una media di settanta persone ha assistito ad ogni proiezione dei film<\/strong>, che sono stati <strong>introdotti da Giuseppe Procino<\/strong>, esperto di cinema. Alcuni momenti, soprattutto nella serata finale, quella del 30 luglio, sono stati dedicati al ricordo di Melina Procino, scomparsa tragicamente nel novembre 2014.<\/p>\n<p style=\"text-align: justify;\">\u00abNon \u00e8 una commemorazione\u00bb, ha detto <strong>Mimmo Szost<\/strong>, tra i soci fondatori dell&#8217;associazione culturale, \u00abperch\u00e9 Melina non amava le commemorazioni e le celebrazioni, ma un atto da noi dovuto nei suoi confronti per quello che ha dato come assessore comunale alla cultura e per l&#8217;impegno profuso nelle attivit\u00e0 culturali del paese\u00bb. \u00abMelina non amava la cultura dei selfie\u00bb, ha proseguito Szoszt, \u00abe ad ogni inizio di stagione teatrale (Szozst \u00e8 stato direttore artistico del teatro comunale \u201cRossini\u201d, ndr) veniva a trovarmi per ricordarmi che bisognava fare in modo che la cultura non diventasse un danno ambientale, intendendo la necessit\u00e0 di favorire con gli eventi una crescita collettiva e non un cartellone che fungesse solo da richiamo e \u201cinquinasse\u201d &#8211; anche in senso non metaforico \u2013 la citt\u00e0\u00bb.<\/p>\n<p style=\"text-align: justify;\">La figura di Melina Procino, docente di francese negli istituti superiori, attivista sindacale e politica, assessore comunale alla cultura e in seguito assessore provinciale all&#8217;agricoltura, \u00e8 stata \u201craccontata\u201d nella prima serata del ciclo di tre film dalla professoressa <strong>Anna Martoscia<\/strong> e da <strong>Maria Pavone<\/strong>, presidente dell&#8217;associazione culturale a lei intitolata.<a href=\"https:\/\/ibb.co\/9gj8bdy\"><img loading=\"lazy\" decoding=\"async\" style=\"margin: 5px; float: right;\" src=\"https:\/\/i.ibb.co\/W51xkRB\/229672122-557054568768926-1764670746583118835-n.jpg\" alt=\"229672122-557054568768926-1764670746583118835-n\" width=\"400\" height=\"300\" \/><\/a><\/p>\n<p style=\"text-align: justify;\">L&#8217;associazione culturale \u201cMelina Procino\u201d \u00e8 stata costituita nel gennaio 2020: lo scoppio della pandemia aveva inibito l&#8217;avvio di qualsiasi attivit\u00e0 e la rassegna dedicata a Francois Truffaut \u00e8 stato il primo evento pubblico (che ha ottenuto il patrocinio dell&#8217;assessorato alla Cultura del Comune di Gioia del Colle, che ha messo a disposizione le attrezzature e il personale di proiezione, inserendo la trilogia nel cartellone dell&#8217;estate gioiese.<\/p>\n<p style=\"text-align: justify;\"><strong>Altri appuntamenti sono allo studio<\/strong>, ma non riguarderanno solo il cinema, che era una delle grandi passioni di Melina Procino: l&#8217;associazione intende organizzare spettacoli teatrali e di danza, ma anche promuovere iniziative come borse di studio per ragazzi meritevoli, corsi, presentazioni di libri e altre attivit\u00e0 che potranno nascere anche dai suggerimenti che arriveranno all&#8217;associazione.<\/p>\n<p style=\"text-align: justify;\"><strong>Associazione che ha avviato la campagna di tesseramento<\/strong>, prevedendo due tipologie di soci (ordinario e sostenitore) per consentire a tutti con un contributo di 10 o di 20 euro di dare forza a un progetto nato per volont\u00e0 degli amici di Melina Procino, ma che vuole essere patrimonio di tutta la citt\u00e0, alla quale, con il suo impegno, Melina ha dedicato l&#8217;intera esistenza.<\/p>\n<p style=\"text-align: justify;\"><strong>Per chi volesse dare il proprio sostegno<\/strong> e il proprio contributo, anche di idee, la mail dell&#8217;associazione \u00e8<span> <a href=\"mailto:associazionemelinaprocino@gmail.com\">associazionemelinaprocino@gmail.com<\/a>\u201d.<\/span><\/p>\n<p style=\"text-align: right;\"><strong>Associazione culturale &#8220;Melina Procino&#8221;<\/strong><\/p>\n<p>&nbsp;<\/p>\n","protected":false},"excerpt":{"rendered":"","protected":false},"author":1,"featured_media":0,"comment_status":"open","ping_status":"closed","sticky":false,"template":"","format":"standard","meta":{"colormag_page_container_layout":"default_layout","colormag_page_sidebar_layout":"default_layout","footnotes":""},"categories":[7],"tags":[],"class_list":["post-65892","post","type-post","status-publish","format-standard","hentry","category-attualita"],"_links":{"self":[{"href":"https:\/\/archiviogioia.lavocedelpaese.info\/index.php?rest_route=\/wp\/v2\/posts\/65892","targetHints":{"allow":["GET"]}}],"collection":[{"href":"https:\/\/archiviogioia.lavocedelpaese.info\/index.php?rest_route=\/wp\/v2\/posts"}],"about":[{"href":"https:\/\/archiviogioia.lavocedelpaese.info\/index.php?rest_route=\/wp\/v2\/types\/post"}],"author":[{"embeddable":true,"href":"https:\/\/archiviogioia.lavocedelpaese.info\/index.php?rest_route=\/wp\/v2\/users\/1"}],"replies":[{"embeddable":true,"href":"https:\/\/archiviogioia.lavocedelpaese.info\/index.php?rest_route=%2Fwp%2Fv2%2Fcomments&post=65892"}],"version-history":[{"count":0,"href":"https:\/\/archiviogioia.lavocedelpaese.info\/index.php?rest_route=\/wp\/v2\/posts\/65892\/revisions"}],"wp:attachment":[{"href":"https:\/\/archiviogioia.lavocedelpaese.info\/index.php?rest_route=%2Fwp%2Fv2%2Fmedia&parent=65892"}],"wp:term":[{"taxonomy":"category","embeddable":true,"href":"https:\/\/archiviogioia.lavocedelpaese.info\/index.php?rest_route=%2Fwp%2Fv2%2Fcategories&post=65892"},{"taxonomy":"post_tag","embeddable":true,"href":"https:\/\/archiviogioia.lavocedelpaese.info\/index.php?rest_route=%2Fwp%2Fv2%2Ftags&post=65892"}],"curies":[{"name":"wp","href":"https:\/\/api.w.org\/{rel}","templated":true}]}}