{"id":65934,"date":"2021-08-13T07:44:09","date_gmt":"2021-08-13T07:44:09","guid":{"rendered":"https:\/\/archiviogioia.lavocedelpaese.info\/?p=65934"},"modified":"2021-08-13T07:44:09","modified_gmt":"2021-08-13T07:44:09","slug":"ricordando-la-maestra-annunziata-rinaldi-gialloreto-2","status":"publish","type":"post","link":"https:\/\/archiviogioia.lavocedelpaese.info\/?p=65934","title":{"rendered":"Ricordando la maestra Annunziata Rinaldi Gialloreto"},"content":{"rendered":"<p><a href=\"https:\/\/ibb.co\/cN54tYj\"><img loading=\"lazy\" decoding=\"async\" style=\"display: block; margin-left: auto; margin-right: auto;\" src=\"https:\/\/i.ibb.co\/NLhcpTM\/232702273-1180240525778798-5909297814755960675-n.jpg\" alt=\"232702273-1180240525778798-5909297814755960675-n\" width=\"320\" height=\"240\" \/><\/a><\/p>\n<p><!--more--><\/p>\n<p style=\"margin-bottom: 0.0001pt; text-align: justify;\"><a href=\"https:\/\/ibb.co\/HgNxvGF\"><img loading=\"lazy\" decoding=\"async\" style=\"margin: 5px; float: left;\" src=\"https:\/\/i.ibb.co\/yshYTgf\/scuola-mazzini.jpg\" alt=\"scuola-mazzini\" width=\"400\" height=\"239\" \/><\/a><span>\u201cAlla mia maestra che non \u00e8 pi\u00f9<\/span>. <span>Avrei avuto desiderio di vederla e ricordarla ancora con me<\/span> <span>alla scuola d\u2019un tempo passato.<\/span><\/p>\n<p style=\"margin-bottom: 0.0001pt; text-align: justify;\"><span>I capelli crespi, le mani bianche, le dita lunghe e sinuose pronte ad accarezzare, solo come una madre \u00e8 capace di fare al cospetto di un figlio che ama sopra ogni cosa.<\/span> <span>Ed anche di pi\u00f9.<\/span><br \/> <span>Rileggo le mie righe confuse tra la sua penna da un lato, ed i suoi scritti dall\u2019altra.<\/span> <span>Sfoglio le pagine di quel bimbo di ieri,<\/span> <span>impresse dal suo sguardo dolce dal sapore di miele.<\/span><\/p>\n<p style=\"margin-bottom: 0.0001pt; text-align: justify;\"><span>Incontro ancora i suoi occhi al di l\u00e0 dell\u2019androne immenso della scuola del centro che continua tenace ad indicare il cammino che conduce alla vita.<\/span> <span>\u201c\u2026 <i>sinite parvulos venire ad me<\/i>\u2026\u201d (Marco 10,14). Scuola Elementare Mazzini 1969\/1971. Maestra Gialloreto-Rinaldi\u201d.<\/span><\/p>\n<p style=\"margin-bottom: 0.0001pt; text-align: justify;\"><span>Con queste parole l\u2019assessore alla Cultura Lucio Romano ha ricordato la sua <strong>maestra Annunziata Rinaldi di cui il 5 settembre, alle ore 19 nella Chiesa di Santa Lucia sar\u00e0 celebrato il trigesimo<\/strong>.<\/span><\/p>\n<p style=\"margin-bottom: 0.0001pt; text-align: justify;\"><span>In oltre quarant\u2019anni di insegnamento, Nunzia ha forgiato uomini e donne che si sono distinti in vari settori: cultura,<\/span><span> politica, medicina, sport, arte, avvocatura, chiesa, magistratura, artigianato ma non solo\u2026 Aveva il \u201cdono\u201d di scoprire le vocazioni e il buon senso di coltivarle senza voler a tutti i costi modificare le naturali predisposizioni o mortificare personalit\u00e0 e temperamento, affinch\u00e9 tutti i suoi bimbi &#8211; a volte anche quarantadue per classe &#8211; potessero esprimere le proprie potenzialit\u00e0 e realizzare i loro sogni. <\/span><\/p>\n<p style=\"margin-bottom: 0.0001pt; text-align: justify;\"><span>Un \u201cimprinting\u201d che ha loro permesso di eccellere negli ordini scolastici successivi, con ottime basi e fiducia in se stessi.<\/span><\/p>\n<p style=\"margin-bottom: 0.0001pt; text-align: justify;\"><span>Per lei, seria, discreta, colta ed appassionata &#8211; suonava anche il violino &#8211; insegnare non era una professione, ma una vera missione. Sempre presente, puntuale, attenta, affidabile, apprezzata dai colleghi e dai direttori, dedicava alla scuola tutta se stessa con lo stesso amorevole impegno dedicato alla famiglia e forse anche di pi\u00f9, se il senso di responsabilit\u00e0 verso i suoi alunni lo richiedeva, dando per scontato che i suoi cari non dubitassero del suo affetto. Ai suoi bimbi non insegnava solo nozioni, ma trasmetteva valori importanti, aiutandoli a crescere sani e forti nel solco della moralit\u00e0 e dell\u2019onest\u00e0. <\/span><\/p>\n<p style=\"margin-bottom: 0.0001pt; text-align: justify;\"><span>Originaria di Castellaneta, visse l\u2019infanzia in piena guerra, salvandosi dai bombardamenti un giorno che con la sua mamma raggiungeva la stazione per recarsi presso l\u2019istituto Magistrale di Taranto. A 19 anni inizi\u00f2 ad insegnare, una delle sue prime scuole fu quella rurale di Marzagaglia, poi giunse alla Mazzini e dopo decenni da \u201cinsegnante unica\u201d si inser\u00ec nel modulo, apprendendo con curiosit\u00e0 ed interesse le novit\u00e0 imposte dai programmi ministeriali e rimettendosi in gioco con l\u2019insegnamento delle discipline matematiche. <\/span><\/p>\n<p style=\"margin-bottom: 0.0001pt; text-align: justify;\"><span>Donna di fede, che tanto l\u2019ha aiutata nei momenti pi\u00f9 difficili, si \u00e8 prodigata per i pi\u00f9 fragili senza mai mettersi in mostra, riservata e discreta in ogni stagione della vita. <\/span><\/p>\n<p style=\"margin-bottom: 0.0001pt; text-align: justify;\"><span>In tanti la ricordano con affetto e gratitudine e le attribuiscono il merito di aver contribuito con professionalit\u00e0, passione, amore e tanta umanit\u00e0, a dar lustro alla nostra citt\u00e0. <\/span><\/p>\n<p style=\"margin-bottom: 0.0001pt; text-align: justify;\"><span>Alle sue figlie, a tutti i suoi famigliari, il cordoglio sincero della Redazione!<\/span><\/p>\n<p>&nbsp;<\/p>\n","protected":false},"excerpt":{"rendered":"","protected":false},"author":1,"featured_media":0,"comment_status":"open","ping_status":"closed","sticky":false,"template":"","format":"standard","meta":{"colormag_page_container_layout":"default_layout","colormag_page_sidebar_layout":"default_layout","footnotes":""},"categories":[7],"tags":[],"class_list":["post-65934","post","type-post","status-publish","format-standard","hentry","category-attualita"],"_links":{"self":[{"href":"https:\/\/archiviogioia.lavocedelpaese.info\/index.php?rest_route=\/wp\/v2\/posts\/65934","targetHints":{"allow":["GET"]}}],"collection":[{"href":"https:\/\/archiviogioia.lavocedelpaese.info\/index.php?rest_route=\/wp\/v2\/posts"}],"about":[{"href":"https:\/\/archiviogioia.lavocedelpaese.info\/index.php?rest_route=\/wp\/v2\/types\/post"}],"author":[{"embeddable":true,"href":"https:\/\/archiviogioia.lavocedelpaese.info\/index.php?rest_route=\/wp\/v2\/users\/1"}],"replies":[{"embeddable":true,"href":"https:\/\/archiviogioia.lavocedelpaese.info\/index.php?rest_route=%2Fwp%2Fv2%2Fcomments&post=65934"}],"version-history":[{"count":0,"href":"https:\/\/archiviogioia.lavocedelpaese.info\/index.php?rest_route=\/wp\/v2\/posts\/65934\/revisions"}],"wp:attachment":[{"href":"https:\/\/archiviogioia.lavocedelpaese.info\/index.php?rest_route=%2Fwp%2Fv2%2Fmedia&parent=65934"}],"wp:term":[{"taxonomy":"category","embeddable":true,"href":"https:\/\/archiviogioia.lavocedelpaese.info\/index.php?rest_route=%2Fwp%2Fv2%2Fcategories&post=65934"},{"taxonomy":"post_tag","embeddable":true,"href":"https:\/\/archiviogioia.lavocedelpaese.info\/index.php?rest_route=%2Fwp%2Fv2%2Ftags&post=65934"}],"curies":[{"name":"wp","href":"https:\/\/api.w.org\/{rel}","templated":true}]}}